{"id":19031,"date":"2023-09-04T11:25:49","date_gmt":"2023-09-04T06:25:49","guid":{"rendered":"https:\/\/kultur.az\/?p=19031"},"modified":"2023-09-11T19:11:56","modified_gmt":"2023-09-11T14:11:56","slug":"sedetart-r%c9%99sm-qalereyasinda-aktivist-r%c9%99ssamlar-assosiasiyasinin-toplantisi-kecirildi","status":"publish","type":"post","link":"https:\/\/kultur.az\/?p=19031","title":{"rendered":"\u201cSEDETART\u201d R\u018fSM QALEREYASINDA AKT\u0130V\u0130ST R\u018fSSAMLAR ASSOS\u0130AS\u0130YASININ TOPLANTISI KE\u00c7\u0130R\u0130LD\u0130"},"content":{"rendered":"<p><a href=\"https:\/\/kultur.az\/wp-content\/uploads\/2023\/09\/WhatsApp-Image-2023-09-04-at-10.16.02.jpeg\"><img decoding=\"async\" loading=\"lazy\" class=\"aligncenter size-medium wp-image-19038\" alt=\"WhatsApp Image 2023-09-04 at 10.16.02\" src=\"https:\/\/kultur.az\/wp-content\/uploads\/2023\/09\/WhatsApp-Image-2023-09-04-at-10.16.02-300x229.jpeg\" width=\"300\" height=\"229\" \/><\/a>03.09.2023-c\u00fc il tarixind\u0259 Bak\u0131 \u015f\u0259h\u0259r \u201cSedetArt\u201d r\u0259sm qalereyas\u0131nda Aktivist R\u0259ssamlar Assosiasiyas\u0131n\u0131n toplant\u0131s\u0131 ke\u00e7irildi.<\/p>\n<p>www,kultur.az x\u0259b\u0259r verir ki, toplant\u0131da az\u0259rbaycanl\u0131 r\u0259ssamlar \u2013 \u018fbd\u00fcl\u0259li \u018fliyev, \u018fmrah M\u0259d\u0259tov, Naqiy\u0259 Rzayeva, Yegan\u0259 H\u00fcseynova, Leyla \u018fliyeva, Valid\u0259 \u018fs\u0259d, Aynur\u0259 Mustafayeva, Tamara Kontsedaylo, N\u0259rmin Abdullayeva, N\u0259vai Metin, Tofiq\u0259 \u018fliyeva, fotoqraf \u0130rad\u0259 Q\u0259dirova, \u015fair G\u00fcnay N\u0259riman, \u201cSededArt\u201d r\u0259ssaml\u0131q kursunun \u00f6yr\u0259ncil\u0259ri V\u0259lizad\u0259 F\u0259rid\u0259, Yusufzad\u0259 N\u0259rgiz, H\u00fcseynova Ai\u015f\u0259 v\u0259 r\u0259smsev\u0259rl\u0259r i\u015ftirak edirdi.<\/p>\n<p>\u201cBu g\u00fcnk\u00fc toplant\u0131m\u0131z\u0131n m\u0259qs\u0259di h\u0259yat\u0131n h\u0259r bir sah\u0259sin\u0259, o c\u00fcml\u0259d\u0259n d\u0259 r\u0259ssaml\u0131\u011fa a\u011f\u0131r z\u0259rb\u0259 vuran CORONA-virus epidemiyas\u0131ndan sonra bir araya g\u0259lm\u0259k, itirdikl\u0259rimizi yenid\u0259n b\u0259rpa etm\u0259kdir. Pandemiyaya q\u0259d\u0259rki d\u00f6vrd\u0259 biz ay \u0259rzind\u0259 iki d\u0259f\u0259 y\u0131\u011f\u0131ncaq edir, b\u00f6lg\u0259l\u0259rd\u0259 s\u0259f\u0259rl\u0259rd\u0259 olurduq. Bu s\u0259f\u0259rl\u0259r zaman\u0131 canl\u0131 olaraq r\u0259sml\u0259r \u00e7\u0259kir, s\u0259rgil\u0259r t\u0259\u015fkil edir, g\u0259nc n\u0259sli sevgi dolu s\u0259n\u0259t\u0259 &#8211; r\u0259ssaml\u0131\u011fa y\u00f6n\u0259ltm\u0259y\u0259 \u00e7al\u0131\u015f\u0131r, bir n\u00f6v r\u0259ngl\u0259r d\u00fcnyas\u0131n\u0131n i\u015f\u0131\u011f\u0131nda h\u0259yata inam, insanlara v\u0259 t\u0259bi\u0259t\u0259 sevgi a\u015f\u0131lama\u011fa \u00e7al\u0131\u015f\u0131rd\u0131q. Dem\u0259k olar ki, m\u0259qs\u0259dimiz\u0259 nail olurduq. Bu bar\u0259d\u0259 m\u0259tbuatda kifay\u0259t q\u0259d\u0259r m\u0259lumat var\u201d \u2013 dey\u0259n, r\u0259ssam N\u0259vai Metin \u201c\u018fg\u0259r insanlar s\u0259n\u0259t\u0259 do\u011fru g\u0259lmirs\u0259, s\u0259n\u0259t insanlara getm\u0259lidir. Laz\u0131m g\u0259ls\u0259, oba-oba, k\u0259nd-k\u0259nd, ev-ev dola\u015faca\u011f\u0131q ki, pandemiyan\u0131n v\u0259 m\u00fcharib\u0259nin a\u011f\u0131rl\u0131\u011f\u0131 h\u0259l\u0259 d\u0259 \u00e7iyinl\u0259rind\u0259 olan xalq boyalar\u0131n sehrind\u0259 az da olsa \u00a0sevin\u0259 bilsin\u201d, \u2013 dey\u0259r\u0259k fikrin\u0259 son verdi.<\/p>\n<p>Toplant\u0131 boyunca Az\u0259rbaycan r\u0259sm s\u0259n\u0259tinin daha da inki\u015faf\u0131, t\u0259bli\u011fi, g\u0259ncl\u0259ri s\u0259n\u0259t\u0259 y\u00f6nl\u0259ndirm\u0259nin do\u011fru yollar\u0131 v\u0259 s. bar\u0259d\u0259 geni\u015f m\u00fczakir\u0259l\u0259r apar\u0131ld\u0131, n\u0259tic\u0259 olaraq, \u00a0b\u00f6lg\u0259l\u0259r\u0259 s\u0259f\u0259rl\u0259r etm\u0259k, canl\u0131 r\u0259sml\u0259r \u00e7\u0259k\u0259r\u0259k s\u0259rgil\u0259r ke\u00e7irm\u0259k q\u0259rara al\u0131nd\u0131.<\/p>\n<p>Toplant\u0131n\u0131n sonunda N\u0259vai Metin \u201cUluslararas\u0131 kald\u0131\u011f\u0131m\u0131z yerd\u0259n devam\u201d m\u00f6vzulu onlayn s\u0259rgiy\u0259 qat\u0131ld\u0131qlar\u0131na v\u0259 \u00a0T\u00fcrkiy\u0259 C\u00fcmhuruyy\u0259tinin Z\u0259f\u0259r bayram\u0131 m\u00fcnasib\u0259til\u0259 az\u0259rbaycanl\u0131 r\u0259ssamlara \u2013 Mira\u011fa Hakimov, Vaqif \u018fl\u0259kb\u0259rov, G\u00fcnel Bayramova, Yusif Ya\u015far, K\u00f6n\u00fcl \u0130brahimova, G\u00fcnay Muradova v\u0259 \u018fmrah M\u0259d\u0259tova USART d\u0259rn\u0259k ba\u015fqan\u0131 H\u00fclya G\u00fclmez t\u0259r\u0259find\u0259n imzalanm\u0131\u015f t\u0259\u015f\u0259kk\u00fcrnam\u0259l\u0259ri t\u0259qdim etdi.<\/p>\n<p><a href=\"https:\/\/kultur.az\/wp-content\/uploads\/2023\/09\/WhatsApp-Image-2023-09-03-at-16.33.22-1.jpeg\"><img decoding=\"async\" loading=\"lazy\" class=\"aligncenter size-medium wp-image-19032\" alt=\"WhatsApp Image 2023-09-03 at 16.33.22 (1)\" src=\"https:\/\/kultur.az\/wp-content\/uploads\/2023\/09\/WhatsApp-Image-2023-09-03-at-16.33.22-1-225x300.jpeg\" width=\"225\" height=\"300\" \/><\/a> <a href=\"https:\/\/kultur.az\/wp-content\/uploads\/2023\/09\/WhatsApp-Image-2023-09-03-at-16.33.59-1.jpeg\"><img decoding=\"async\" loading=\"lazy\" class=\"aligncenter size-medium wp-image-19033\" alt=\"WhatsApp Image 2023-09-03 at 16.33.59 (1)\" src=\"https:\/\/kultur.az\/wp-content\/uploads\/2023\/09\/WhatsApp-Image-2023-09-03-at-16.33.59-1-300x225.jpeg\" width=\"300\" height=\"225\" \/><\/a> <a href=\"https:\/\/kultur.az\/wp-content\/uploads\/2023\/09\/WhatsApp-Image-2023-09-03-at-16.33.59-2.jpeg\"><img decoding=\"async\" loading=\"lazy\" class=\"aligncenter size-medium wp-image-19034\" alt=\"WhatsApp Image 2023-09-03 at 16.33.59 (2)\" src=\"https:\/\/kultur.az\/wp-content\/uploads\/2023\/09\/WhatsApp-Image-2023-09-03-at-16.33.59-2-225x300.jpeg\" width=\"225\" height=\"300\" \/><\/a> <a href=\"https:\/\/kultur.az\/wp-content\/uploads\/2023\/09\/WhatsApp-Image-2023-09-03-at-16.34.00.jpeg\"><img decoding=\"async\" loading=\"lazy\" class=\"aligncenter size-medium wp-image-19035\" alt=\"WhatsApp Image 2023-09-03 at 16.34.00\" src=\"https:\/\/kultur.az\/wp-content\/uploads\/2023\/09\/WhatsApp-Image-2023-09-03-at-16.34.00-300x225.jpeg\" width=\"300\" height=\"225\" \/><\/a> <a href=\"https:\/\/kultur.az\/wp-content\/uploads\/2023\/09\/WhatsApp-Image-2023-09-03-at-16.34.42.jpeg\"><img decoding=\"async\" loading=\"lazy\" class=\"aligncenter size-medium wp-image-19036\" alt=\"WhatsApp Image 2023-09-03 at 16.34.42\" src=\"https:\/\/kultur.az\/wp-content\/uploads\/2023\/09\/WhatsApp-Image-2023-09-03-at-16.34.42-300x225.jpeg\" width=\"300\" height=\"225\" srcset=\"https:\/\/kultur.az\/wp-content\/uploads\/2023\/09\/WhatsApp-Image-2023-09-03-at-16.34.42-300x225.jpeg 300w, https:\/\/kultur.az\/wp-content\/uploads\/2023\/09\/WhatsApp-Image-2023-09-03-at-16.34.42-1024x768.jpeg 1024w, https:\/\/kultur.az\/wp-content\/uploads\/2023\/09\/WhatsApp-Image-2023-09-03-at-16.34.42-75x55.jpeg 75w, https:\/\/kultur.az\/wp-content\/uploads\/2023\/09\/WhatsApp-Image-2023-09-03-at-16.34.42-180x135.jpeg 180w\" sizes=\"(max-width: 300px) 100vw, 300px\" \/><\/a> <a href=\"https:\/\/kultur.az\/wp-content\/uploads\/2023\/09\/WhatsApp-Image-2023-09-03-at-16.36.40.jpeg\"><img decoding=\"async\" loading=\"lazy\" class=\"aligncenter size-medium wp-image-19037\" alt=\"WhatsApp Image 2023-09-03 at 16.36.40\" src=\"https:\/\/kultur.az\/wp-content\/uploads\/2023\/09\/WhatsApp-Image-2023-09-03-at-16.36.40-225x300.jpeg\" width=\"225\" height=\"300\" \/><\/a> <a href=\"https:\/\/kultur.az\/wp-content\/uploads\/2023\/09\/WhatsApp-Image-2023-09-04-at-10.16.02.jpeg\"><img decoding=\"async\" loading=\"lazy\" class=\"aligncenter size-medium wp-image-19038\" alt=\"WhatsApp Image 2023-09-04 at 10.16.02\" src=\"https:\/\/kultur.az\/wp-content\/uploads\/2023\/09\/WhatsApp-Image-2023-09-04-at-10.16.02-300x229.jpeg\" width=\"300\" height=\"229\" \/><\/a><\/p>\n<p class=\"bawpvc-ajax-counter\" data-id=\"19031\">Yaz\u0131ya 581 d\u0259f\u0259 bax\u0131l\u0131b<\/p>\n","protected":false},"excerpt":{"rendered":"<p>03.09.2023-c\u00fc il tarixind\u0259 Bak\u0131 \u015f\u0259h\u0259r \u201cSedetArt\u201d r\u0259sm qalereyas\u0131nda Aktivist R\u0259ssamlar Assosiasiyas\u0131n\u0131n toplant\u0131s\u0131 ke\u00e7irildi. www,kultur.az x\u0259b\u0259r verir ki, toplant\u0131da az\u0259rbaycanl\u0131 r\u0259ssamlar \u2013 \u018fbd\u00fcl\u0259li \u018fliyev, \u018fmrah M\u0259d\u0259tov, Naqiy\u0259 Rzayeva, Yegan\u0259 H\u00fcseynova, Leyla \u018fliyeva, Valid\u0259 \u018fs\u0259d, Aynur\u0259 Mustafayeva, Tamara Kontsedaylo, N\u0259rmin Abdullayeva, N\u0259vai Metin, Tofiq\u0259 \u018fliyeva, fotoqraf \u0130rad\u0259 Q\u0259dirova, \u015fair G\u00fcnay N\u0259riman, \u201cSededArt\u201d r\u0259ssaml\u0131q kursunun \u00f6yr\u0259ncil\u0259ri V\u0259lizad\u0259 F\u0259rid\u0259, [&hellip;]<\/p>\n","protected":false},"author":1,"featured_media":0,"comment_status":"closed","ping_status":"closed","sticky":false,"template":"","format":"standard","meta":[],"categories":[1,4],"tags":[],"_links":{"self":[{"href":"https:\/\/kultur.az\/index.php?rest_route=\/wp\/v2\/posts\/19031"}],"collection":[{"href":"https:\/\/kultur.az\/index.php?rest_route=\/wp\/v2\/posts"}],"about":[{"href":"https:\/\/kultur.az\/index.php?rest_route=\/wp\/v2\/types\/post"}],"author":[{"embeddable":true,"href":"https:\/\/kultur.az\/index.php?rest_route=\/wp\/v2\/users\/1"}],"replies":[{"embeddable":true,"href":"https:\/\/kultur.az\/index.php?rest_route=%2Fwp%2Fv2%2Fcomments&post=19031"}],"version-history":[{"count":2,"href":"https:\/\/kultur.az\/index.php?rest_route=\/wp\/v2\/posts\/19031\/revisions"}],"predecessor-version":[{"id":19043,"href":"https:\/\/kultur.az\/index.php?rest_route=\/wp\/v2\/posts\/19031\/revisions\/19043"}],"wp:attachment":[{"href":"https:\/\/kultur.az\/index.php?rest_route=%2Fwp%2Fv2%2Fmedia&parent=19031"}],"wp:term":[{"taxonomy":"category","embeddable":true,"href":"https:\/\/kultur.az\/index.php?rest_route=%2Fwp%2Fv2%2Fcategories&post=19031"},{"taxonomy":"post_tag","embeddable":true,"href":"https:\/\/kultur.az\/index.php?rest_route=%2Fwp%2Fv2%2Ftags&post=19031"}],"curies":[{"name":"wp","href":"https:\/\/api.w.org\/{rel}","templated":true}]}}