{"id":19153,"date":"2023-10-01T14:17:32","date_gmt":"2023-10-01T09:17:32","guid":{"rendered":"https:\/\/kultur.az\/?p=19153"},"modified":"2023-10-01T14:17:32","modified_gmt":"2023-10-01T09:17:32","slug":"kitabqurdu-i-yay-oxu-marafonunun-qalibl%c9%99ri-b%c9%99lli-oldu","status":"publish","type":"post","link":"https:\/\/kultur.az\/?p=19153","title":{"rendered":"\u201cKitabqurdu\u201d I Yay Oxu Marafonunun qalibl\u0259ri b\u0259lli oldu"},"content":{"rendered":"<p><a href=\"https:\/\/kultur.az\/wp-content\/uploads\/2023\/10\/kitabqurdu-marafonu.jpg\"><img decoding=\"async\" loading=\"lazy\" class=\"aligncenter size-medium wp-image-19154\" alt=\"kitabqurdu marafonu\" src=\"https:\/\/kultur.az\/wp-content\/uploads\/2023\/10\/kitabqurdu-marafonu-300x300.jpg\" width=\"300\" height=\"300\" \/><\/a>Az\u0259rbaycan N\u0259\u015friyyatlar\u0131 Assosiasiyas\u0131 (ANA\u0130B) v\u0259 T\u0259hsilin \u0130nki\u015faf\u0131 Fondunun birg\u0259 t\u0259\u015fkilat\u00e7\u0131l\u0131\u011f\u0131 il\u0259 30 sentyabrda marafonun \u0259yani formatda yar\u0131mfinal v\u0259 final m\u0259rh\u0259l\u0259si ke\u00e7irilib.<\/p>\n<p>Kultur.az Senet.az-a istinad\u0259n x\u0259b\u0259r verir ki, m\u00fcsabiq\u0259 ba\u015flamazdan \u0259vv\u0259l ANA\u0130B s\u0259dri \u015e\u0259mil Sadiq, marafonun layih\u0259 r\u0259hb\u0259ri v\u0259 ideya m\u00fc\u0259llifi S\u0259buhi \u015eahmursoy, \u201cAltun kitab\u201d n\u0259\u015friyyat\u0131n\u0131n direktoru Rafiq \u0130smay\u0131lov, T\u0259hsilin \u0130nki\u015faf\u0131 Fondunun Layih\u0259l\u0259r v\u0259 biznesin inkiaf\u0131 departamentinin \u0259m\u0259kda\u015f\u0131 \u0130lyas C\u0259f\u0259rli, m\u00fcnsifl\u0259r hey\u0259tinin \u00fczvl\u0259rind\u0259n \u201cParlaq imzalar\u201d n\u0259\u015friyyat\u0131n\u0131n direktoru Nurman Tariq, ANA\u0130B-in koordinatoru Fizz\u0259 M\u0259mm\u0259dova \u00e7\u0131x\u0131\u015f ed\u0259r\u0259k layih\u0259nin \u00f6n\u0259mind\u0259n b\u0259hs edib, bu kimi add\u0131mlar\u0131n b\u00fct\u00f6vl\u00fckd\u0259 kitab bazar\u0131na, oxucu-n\u0259\u015friyyat m\u00fcnasib\u0259tl\u0259rin\u0259 m\u00fcsb\u0259t m\u0259nada ciddi t\u0259sir ed\u0259c\u0259yini bildiribl\u0259r.<\/p>\n<p>Bundan ba\u015fqa n\u00f6vb\u0259ti \u2013 \u201cKitabqurdu\u201d I Pay\u0131z Oxu Marafonunun m\u00fcjd\u0259si verilib.<\/p>\n<p>M\u00fcsabiq\u0259nin apar\u0131c\u0131s\u0131 is\u0259 \u201cH\u0259d\u0259f N\u0259\u015frl\u0259ri\u201dnin direktoru Nizami H\u00fcseynov olub. \u018fyani \u015f\u0259kild\u0259 ke\u00e7iril\u0259n m\u0259rh\u0259l\u0259d\u0259 yar\u0131mfinal\u0131n qalibi olan d\u00f6rd n\u0259f\u0259r finala adlay\u0131b.<\/p>\n<p>M\u0259ry\u0259m Salmanl\u0131, L\u0259man \u0130srafilova, Emiliya \u018fliyeva v\u0259 D\u0259niz \u015e\u0131x\u0259liyevan\u0131n i\u015ftirak\u0131 il\u0259 ke\u00e7iril\u0259n final\u0131n qalibi M\u0259ry\u0259m Salmanl\u0131 olub.<\/p>\n<p>L\u0259man \u0130srafilova ikinci, Emiliya \u018fliyeva is\u0259 \u00fc\u00e7\u00fcnc\u00fc yerl\u0259 kifay\u0259tl\u0259nibl\u0259r. Qalibl\u0259r m\u00fcvafiq olaraq 1000, 500 v\u0259 300 AZN d\u0259y\u0259rind\u0259 m\u00fckafat qazan\u0131blar.<\/p>\n<p>Qeyd ed\u0259k ki, marafonun m\u00fckafatland\u0131rma m\u0259rasimi oktyabr\u0131n 13-\u00fc &#8211; III Sumqay\u0131t Kitab S\u0259rgisinin a\u00e7\u0131l\u0131\u015f\u0131nda ba\u015f tutacaq.<\/p>\n<p>\u018flav\u0259 m\u0259lumat \u00fc\u00e7\u00fcn bildir\u0259k ki, marafon \u00e7\u0259r\u00e7iv\u0259sind\u0259 12-16 ya\u015fl\u0131 m\u0259kt\u0259blil\u0259r 3 ay \u0259rzind\u0259 7 kitab oxuyaraq ikim\u0259rh\u0259l\u0259li imtahanda i\u015ftirak edibl\u0259r.<\/p>\n<p><a href=\"https:\/\/kultur.az\/wp-content\/uploads\/2023\/10\/kitabqurdu-marafonu.jpg\"><img decoding=\"async\" loading=\"lazy\" class=\"aligncenter size-medium wp-image-19154\" alt=\"kitabqurdu marafonu\" src=\"https:\/\/kultur.az\/wp-content\/uploads\/2023\/10\/kitabqurdu-marafonu-300x300.jpg\" width=\"300\" height=\"300\" \/><\/a> <a href=\"https:\/\/kultur.az\/wp-content\/uploads\/2023\/10\/kitabqurdu-marafonu-xeber..jpg\"><img decoding=\"async\" loading=\"lazy\" class=\"aligncenter size-medium wp-image-19155\" alt=\"kitabqurdu marafonu-xeber.\" src=\"https:\/\/kultur.az\/wp-content\/uploads\/2023\/10\/kitabqurdu-marafonu-xeber.-300x200.jpg\" width=\"300\" height=\"200\" \/><\/a><\/p>\n<p class=\"bawpvc-ajax-counter\" data-id=\"19153\">Yaz\u0131ya 45 d\u0259f\u0259 bax\u0131l\u0131b<\/p>\n","protected":false},"excerpt":{"rendered":"<p>Az\u0259rbaycan N\u0259\u015friyyatlar\u0131 Assosiasiyas\u0131 (ANA\u0130B) v\u0259 T\u0259hsilin \u0130nki\u015faf\u0131 Fondunun birg\u0259 t\u0259\u015fkilat\u00e7\u0131l\u0131\u011f\u0131 il\u0259 30 sentyabrda marafonun \u0259yani formatda yar\u0131mfinal v\u0259 final m\u0259rh\u0259l\u0259si ke\u00e7irilib. Kultur.az Senet.az-a istinad\u0259n x\u0259b\u0259r verir ki, m\u00fcsabiq\u0259 ba\u015flamazdan \u0259vv\u0259l ANA\u0130B s\u0259dri \u015e\u0259mil Sadiq, marafonun layih\u0259 r\u0259hb\u0259ri v\u0259 ideya m\u00fc\u0259llifi S\u0259buhi \u015eahmursoy, \u201cAltun kitab\u201d n\u0259\u015friyyat\u0131n\u0131n direktoru Rafiq \u0130smay\u0131lov, T\u0259hsilin \u0130nki\u015faf\u0131 Fondunun Layih\u0259l\u0259r v\u0259 biznesin inkiaf\u0131 [&hellip;]<\/p>\n","protected":false},"author":1,"featured_media":0,"comment_status":"closed","ping_status":"closed","sticky":false,"template":"","format":"standard","meta":[],"categories":[4],"tags":[],"_links":{"self":[{"href":"https:\/\/kultur.az\/index.php?rest_route=\/wp\/v2\/posts\/19153"}],"collection":[{"href":"https:\/\/kultur.az\/index.php?rest_route=\/wp\/v2\/posts"}],"about":[{"href":"https:\/\/kultur.az\/index.php?rest_route=\/wp\/v2\/types\/post"}],"author":[{"embeddable":true,"href":"https:\/\/kultur.az\/index.php?rest_route=\/wp\/v2\/users\/1"}],"replies":[{"embeddable":true,"href":"https:\/\/kultur.az\/index.php?rest_route=%2Fwp%2Fv2%2Fcomments&post=19153"}],"version-history":[{"count":1,"href":"https:\/\/kultur.az\/index.php?rest_route=\/wp\/v2\/posts\/19153\/revisions"}],"predecessor-version":[{"id":19156,"href":"https:\/\/kultur.az\/index.php?rest_route=\/wp\/v2\/posts\/19153\/revisions\/19156"}],"wp:attachment":[{"href":"https:\/\/kultur.az\/index.php?rest_route=%2Fwp%2Fv2%2Fmedia&parent=19153"}],"wp:term":[{"taxonomy":"category","embeddable":true,"href":"https:\/\/kultur.az\/index.php?rest_route=%2Fwp%2Fv2%2Fcategories&post=19153"},{"taxonomy":"post_tag","embeddable":true,"href":"https:\/\/kultur.az\/index.php?rest_route=%2Fwp%2Fv2%2Ftags&post=19153"}],"curies":[{"name":"wp","href":"https:\/\/api.w.org\/{rel}","templated":true}]}}