{"id":19566,"date":"2024-01-13T12:34:06","date_gmt":"2024-01-13T08:34:06","guid":{"rendered":"https:\/\/kultur.az\/?p=19566"},"modified":"2024-01-13T12:34:06","modified_gmt":"2024-01-13T08:34:06","slug":"elvin-mahiroglu-seirl%c9%99r","status":"publish","type":"post","link":"https:\/\/kultur.az\/?p=19566","title":{"rendered":"Elvin Mahiro\u011flu  &#8211; \u015feirl\u0259r"},"content":{"rendered":"<p><a href=\"https:\/\/kultur.az\/wp-content\/uploads\/2024\/01\/18_22_18_.jpg\"><img decoding=\"async\" loading=\"lazy\" class=\"aligncenter size-full wp-image-19567\" alt=\"18_22_18_\" src=\"https:\/\/kultur.az\/wp-content\/uploads\/2024\/01\/18_22_18_.jpg\" width=\"222\" height=\"228\" \/><\/a>Cumayev Elvin Mahir o\u011flu 1990-c\u0131 ild\u0259 Qax rayonunun Marsan k\u0259ndind\u0259 d\u00fcnyaya g\u00f6z a\u00e7\u0131b. 2010-cu ild\u0259n yaz\u0131b-yaratma\u011fa ba\u015flayan \u015fairin bir ne\u00e7\u0259 \u015feirini t\u0259qdim edirik:<\/p>\n<p>&nbsp;<\/p>\n<p>Ay balam yazmay\u0131m ancaq nec\u0259 i&#8217;zah el\u0259yim,<\/p>\n<p>Salaraq q\u0259lbim\u0259 hey \u015famu-s\u0259h\u0259r ah el\u0259yim?,<\/p>\n<p>&nbsp;<\/p>\n<p>M\u0259n kas\u0131b s\u0259nd\u0259 kas\u0131b g\u0259l dan\u0131\u015faq d\u0259rdimizi,<\/p>\n<p>N\u0259 fayda al\u0259m\u0259 car \u00e7\u0259k e\u015fid\u0259n kimdi bizi,<\/p>\n<p>&nbsp;<\/p>\n<p>A\u011far\u0131r dan yeri biz i\u015fl\u0259yirik ax\u015famacan,<\/p>\n<p>N\u0259 q\u0259d\u0259r tab el\u0259sin z\u0259hm\u0259t\u0259 yaz\u0131qd\u0131 bu can.<\/p>\n<p>&nbsp;<\/p>\n<p>Bu m\u0259s\u0259ldirki maa\u015f f\u0259hl\u0259y\u0259 d\u0259rman puludur,<\/p>\n<p>Haqq-halal al\u0131n t\u0259riyn\u0259n al\u0131nan qan puludur.<\/p>\n<p>&nbsp;<\/p>\n<p>H\u0259l\u0259 m\u0259n s\u00f6yl\u0259mir\u0259m \u0259rza\u011fa pul hardan ola,<\/p>\n<p>Des\u0259mki \u0259t al\u0131ram \u015f\u0259r yarana b\u00f6htan ola.<\/p>\n<p>&nbsp;<\/p>\n<p>Biz itirdik qadas\u0131 \u00e7oxdan a\u011f\u0131z dad\u0131m\u0131z\u0131,<\/p>\n<p>Duysa Allah duyacaq naleyi-f\u0259ryad\u0131m\u0131z\u0131.<\/p>\n<p>&nbsp;<\/p>\n<p>Elvin\u0259m\u00a0 m\u0259n \u015feirin xatirin\u0259 gop el\u0259dim,<\/p>\n<p>Qoyaraq n\u00f6qt\u0259ni ah \u00e7\u0259km\u0259y\u0259 stop el\u0259dim&#8230;<\/p>\n<p>&nbsp;<\/p>\n<p>*. *. *<\/p>\n<p>&nbsp;<\/p>\n<p>D\u00fcnya<\/p>\n<p>F\u0259l\u0259k at oynad\u0131r \u00f6z v\u0259rdi\u015fiyn\u0259n,<\/p>\n<p>Ki\u015fi m\u0259\u015f\u011ful olur qad\u0131n i\u015fiyn\u0259n,<\/p>\n<p>Toy edir evl\u0259nir ki\u015fi ki\u015fiyn\u0259n,<\/p>\n<p>Xarab\u0131 \u00e7\u0131x\u0131bd\u0131r zaman\u0131n d\u00fcnya,<\/p>\n<p>&nbsp;<\/p>\n<p>A\u015fiq \u00f6m\u00fcr s\u00fcr\u00fcr yardan aral\u0131,<\/p>\n<p>Sa\u00e7\u0131na d\u0259n d\u00fc\u015f\u00fcr d\u0259yi\u015fir hal\u0131,<\/p>\n<p>Kimi dindirirs\u0259n q\u0259lbi yaral\u0131,<\/p>\n<p>\u00dcst\u00fcn\u00fc qaz\u0131ma yaran\u0131n d\u00fcnya,<\/p>\n<p>&nbsp;<\/p>\n<p>\u015e\u0259r \u00fcst\u00fcn tutulur bu ittifaqda,<\/p>\n<p>Ey d\u00fcnya raz\u0131 ol m\u0259nl\u0259 bu haqda,<\/p>\n<p>Yax\u015f\u0131lar say\u0131lmaz qal\u0131r q\u0131raqda,<\/p>\n<p>Q\u0259drini bilirl\u0259r yaman\u0131n d\u00fcnya.<\/p>\n<p>&nbsp;<\/p>\n<p>Elvin\u0259m m\u0259n \u00e7oxdan eyl\u0259mi\u015f\u0259m hiss,<\/p>\n<p>\u00dcr\u0259kl\u0259rd\u0259 m\u0259sk\u0259n sal\u0131bd\u0131r iblis,<\/p>\n<p>\u0130nand\u0131r\u0131m s\u0259ni vallah ke\u00e7ir pis,<\/p>\n<p>H\u0259r ilin h\u0259r g\u00fcn\u00fcn h\u0259r an\u0131n d\u00fcnya,<\/p>\n<p>De n\u0259dir fikirin g\u00fcman\u0131n d\u00fcnya?&#8230;<\/p>\n<p>&nbsp;<\/p>\n<p>*.\u00a0 *. *<\/p>\n<p>&nbsp;<\/p>\n<p>Q\u0259l\u0259m \u0259hli niy\u0259 t\u00fc\u011fyan el\u0259mirsiz?,<\/p>\n<p>D\u00fcz\u0259r\u0259k incini ad-san el\u0259mirsiz,<\/p>\n<p>At\u0131l\u0131b \u015fir kimi meydan el\u0259mirsiz,<\/p>\n<p>\u00c7\u0259kilibdir h\u0259r\u0259 bir yan\u0259 yazan yox,<\/p>\n<p>&nbsp;<\/p>\n<p>\u015eair\u0259 mey verir ilham bu m\u0259s\u0259ldi,<\/p>\n<p>Dost olub \u015f\u0259ml\u0259 yaratmaq n\u0259 g\u00f6z\u0259ldi,<\/p>\n<p>\u00c7ar\u0259siz qald\u0131 yetim \u015f\u0259m dil\u0259 g\u0259ldi,<\/p>\n<p>Dolan\u0131r ba&#8217;\u015f\u0131ma p\u0259rvan\u0259 yazan yox.<\/p>\n<p>&nbsp;<\/p>\n<p>Bu heca v\u0259znidi yazd\u0131m oxu indi,<\/p>\n<p>Yaza bildins\u0259 \u0259ruz bu af\u0259rindi,<\/p>\n<p>El\u0259 g\u0259lm\u0259sin s\u0259n\u0259 sad\u0259 v\u0259zindi,<\/p>\n<p>Salaraq s\u00f6zl\u0259ri s\u0259hman\u0259 yazan yox.<\/p>\n<p>&nbsp;<\/p>\n<p>Tuturaq dahil\u0259rin saxs\u0131 qab\u0131nnan,<\/p>\n<p>S\u00fcz\u00fcr\u0259m m\u0259n i\u00e7ir\u0259m s\u00f6z \u015f\u0259rab\u0131nnan,<\/p>\n<p>Qorxuram h\u0259mkar\u0131m\u0131n inqilab\u0131nnan,<\/p>\n<p>B\u0259sdir Elvin daha meyxan\u0259 yazan yox&#8230;<\/p>\n<p class=\"bawpvc-ajax-counter\" data-id=\"19566\">Yaz\u0131ya 110 d\u0259f\u0259 bax\u0131l\u0131b<\/p>\n","protected":false},"excerpt":{"rendered":"<p>Cumayev Elvin Mahir o\u011flu 1990-c\u0131 ild\u0259 Qax rayonunun Marsan k\u0259ndind\u0259 d\u00fcnyaya g\u00f6z a\u00e7\u0131b. 2010-cu ild\u0259n yaz\u0131b-yaratma\u011fa ba\u015flayan \u015fairin bir ne\u00e7\u0259 \u015feirini t\u0259qdim edirik: &nbsp; Ay balam yazmay\u0131m ancaq nec\u0259 i&#8217;zah el\u0259yim, Salaraq q\u0259lbim\u0259 hey \u015famu-s\u0259h\u0259r ah el\u0259yim?, &nbsp; M\u0259n kas\u0131b s\u0259nd\u0259 kas\u0131b g\u0259l dan\u0131\u015faq d\u0259rdimizi, N\u0259 fayda al\u0259m\u0259 car \u00e7\u0259k e\u015fid\u0259n kimdi bizi, &nbsp; A\u011far\u0131r [&hellip;]<\/p>\n","protected":false},"author":1,"featured_media":19567,"comment_status":"closed","ping_status":"closed","sticky":false,"template":"","format":"standard","meta":[],"categories":[15,3],"tags":[],"_links":{"self":[{"href":"https:\/\/kultur.az\/index.php?rest_route=\/wp\/v2\/posts\/19566"}],"collection":[{"href":"https:\/\/kultur.az\/index.php?rest_route=\/wp\/v2\/posts"}],"about":[{"href":"https:\/\/kultur.az\/index.php?rest_route=\/wp\/v2\/types\/post"}],"author":[{"embeddable":true,"href":"https:\/\/kultur.az\/index.php?rest_route=\/wp\/v2\/users\/1"}],"replies":[{"embeddable":true,"href":"https:\/\/kultur.az\/index.php?rest_route=%2Fwp%2Fv2%2Fcomments&post=19566"}],"version-history":[{"count":1,"href":"https:\/\/kultur.az\/index.php?rest_route=\/wp\/v2\/posts\/19566\/revisions"}],"predecessor-version":[{"id":19568,"href":"https:\/\/kultur.az\/index.php?rest_route=\/wp\/v2\/posts\/19566\/revisions\/19568"}],"wp:featuredmedia":[{"embeddable":true,"href":"https:\/\/kultur.az\/index.php?rest_route=\/wp\/v2\/media\/19567"}],"wp:attachment":[{"href":"https:\/\/kultur.az\/index.php?rest_route=%2Fwp%2Fv2%2Fmedia&parent=19566"}],"wp:term":[{"taxonomy":"category","embeddable":true,"href":"https:\/\/kultur.az\/index.php?rest_route=%2Fwp%2Fv2%2Fcategories&post=19566"},{"taxonomy":"post_tag","embeddable":true,"href":"https:\/\/kultur.az\/index.php?rest_route=%2Fwp%2Fv2%2Ftags&post=19566"}],"curies":[{"name":"wp","href":"https:\/\/api.w.org\/{rel}","templated":true}]}}