{"id":19687,"date":"2024-03-09T12:25:03","date_gmt":"2024-03-09T08:25:03","guid":{"rendered":"https:\/\/kultur.az\/?p=19687"},"modified":"2024-03-09T12:42:25","modified_gmt":"2024-03-09T08:42:25","slug":"g%c9%99nc-yazici-afaq-az%c9%99rin-ilk-kitabi-isiq-uzu-gordu","status":"publish","type":"post","link":"https:\/\/kultur.az\/?p=19687","title":{"rendered":"G\u0259nc yaz\u0131\u00e7\u0131 Afaq Az\u0259rin  ilk kitab\u0131 i\u015f\u0131q \u00fcz\u00fc g\u00f6rd\u00fc"},"content":{"rendered":"<p><a href=\"https:\/\/kultur.az\/wp-content\/uploads\/2024\/03\/WhatsApp-Image-2024-03-08-at-16.47.27.jpeg\"><img decoding=\"async\" loading=\"lazy\" class=\"aligncenter size-medium wp-image-19688\" alt=\"WhatsApp Image 2024-03-08 at 16.47.27\" src=\"https:\/\/kultur.az\/wp-content\/uploads\/2024\/03\/WhatsApp-Image-2024-03-08-at-16.47.27-300x225.jpeg\" width=\"300\" height=\"225\" \/><\/a>G\u0259nc yaz\u0131\u00e7\u0131 Afaq Az\u0259rin \u201cM\u0259nim t\u0259nha g\u00f6z\u0259lim\u201d adl\u0131 ilk kitab\u0131 i\u015f\u0131q \u00fcz\u00fc g\u00f6r\u00fcb (\u201cElm v\u0259 t\u0259hsil\u201d n\u0259\u015friyyat\u0131 \u2013 2024. 400 s\u0259h.) \u00a0Kitabda \u201cM\u0259nims\u0259n\u201d v\u0259 \u201cM\u0259nim t\u0259nha g\u00f6z\u0259lim\u201dadl\u0131 bir c\u00fct roman yer al\u0131b. H\u0259r iki roman b\u0259\u015f\u0259ri sevgid\u0259n v\u0259 qad\u0131n m\u0259tan\u0259tind\u0259n b\u0259hs edir. V\u0259 h\u0259r iki romanda m\u00fc\u0259llif oxuculara \u201cD\u00fcnyan\u0131 sevgi xilas ed\u0259c\u0259k\u201d mesaj\u0131n\u0131 verir.<\/p>\n<p>Xat\u0131rladaq ki, G\u00fcrc\u00fcstan Respublikas\u0131n\u0131n Bolnisi rayonu Faxral\u0131 k\u0259ndind\u0259 anadan olan m\u00fc\u0259llif 2015-ci ild\u0259n yazma\u011fa ba\u015flay\u0131b.\u00a0 \u018fs\u0259rl\u0259ri sosial \u015f\u0259b\u0259k\u0259d\u0259\u00a0 geni\u015f yay\u0131l\u0131b v\u0259 oxucu k\u00fctl\u0259si t\u0259r\u0259find\u0259n sevilir. Yazd\u0131\u011f\u0131 romanlar 2019-cu ild\u0259n hiss\u0259-hiss\u0259 m\u00fcxt\u0259lif q\u0259zet s\u0259hif\u0259l\u0259rind\u0259 yer al\u0131b. 2022-ci ild\u0259 ki\u00e7ik h\u0259cmli hekay\u0259si &#8220;\u0130lin hekay\u0259l\u0259ri&#8221; kitab\u0131nda d\u0259rc olunub.<\/p>\n<p><a href=\"https:\/\/kultur.az\/wp-content\/uploads\/2024\/03\/430057508_1634764037265578_970288557854115254_n.jpg\"><img decoding=\"async\" loading=\"lazy\" class=\"aligncenter size-medium wp-image-19690\" alt=\"430057508_1634764037265578_970288557854115254_n\" src=\"https:\/\/kultur.az\/wp-content\/uploads\/2024\/03\/430057508_1634764037265578_970288557854115254_n-225x300.jpg\" width=\"225\" height=\"300\" \/><\/a> <a href=\"https:\/\/kultur.az\/wp-content\/uploads\/2024\/03\/430113528_1634765130598802_1891383009255922031_n.jpg\"><img decoding=\"async\" loading=\"lazy\" class=\"aligncenter size-medium wp-image-19691\" alt=\"430113528_1634765130598802_1891383009255922031_n\" src=\"https:\/\/kultur.az\/wp-content\/uploads\/2024\/03\/430113528_1634765130598802_1891383009255922031_n-227x300.jpg\" width=\"227\" height=\"300\" srcset=\"https:\/\/kultur.az\/wp-content\/uploads\/2024\/03\/430113528_1634765130598802_1891383009255922031_n-227x300.jpg 227w, https:\/\/kultur.az\/wp-content\/uploads\/2024\/03\/430113528_1634765130598802_1891383009255922031_n-776x1024.jpg 776w, https:\/\/kultur.az\/wp-content\/uploads\/2024\/03\/430113528_1634765130598802_1891383009255922031_n.jpg 1553w\" sizes=\"(max-width: 227px) 100vw, 227px\" \/><\/a><\/p>\n<p>&nbsp;<\/p>\n<p class=\"bawpvc-ajax-counter\" data-id=\"19687\">Yaz\u0131ya 130 d\u0259f\u0259 bax\u0131l\u0131b<\/p>\n","protected":false},"excerpt":{"rendered":"<p>G\u0259nc yaz\u0131\u00e7\u0131 Afaq Az\u0259rin \u201cM\u0259nim t\u0259nha g\u00f6z\u0259lim\u201d adl\u0131 ilk kitab\u0131 i\u015f\u0131q \u00fcz\u00fc g\u00f6r\u00fcb (\u201cElm v\u0259 t\u0259hsil\u201d n\u0259\u015friyyat\u0131 \u2013 2024. 400 s\u0259h.) \u00a0Kitabda \u201cM\u0259nims\u0259n\u201d v\u0259 \u201cM\u0259nim t\u0259nha g\u00f6z\u0259lim\u201dadl\u0131 bir c\u00fct roman yer al\u0131b. H\u0259r iki roman b\u0259\u015f\u0259ri sevgid\u0259n v\u0259 qad\u0131n m\u0259tan\u0259tind\u0259n b\u0259hs edir. V\u0259 h\u0259r iki romanda m\u00fc\u0259llif oxuculara \u201cD\u00fcnyan\u0131 sevgi xilas ed\u0259c\u0259k\u201d mesaj\u0131n\u0131 verir. Xat\u0131rladaq [&hellip;]<\/p>\n","protected":false},"author":1,"featured_media":0,"comment_status":"closed","ping_status":"closed","sticky":false,"template":"","format":"standard","meta":[],"categories":[20,3,21],"tags":[],"_links":{"self":[{"href":"https:\/\/kultur.az\/index.php?rest_route=\/wp\/v2\/posts\/19687"}],"collection":[{"href":"https:\/\/kultur.az\/index.php?rest_route=\/wp\/v2\/posts"}],"about":[{"href":"https:\/\/kultur.az\/index.php?rest_route=\/wp\/v2\/types\/post"}],"author":[{"embeddable":true,"href":"https:\/\/kultur.az\/index.php?rest_route=\/wp\/v2\/users\/1"}],"replies":[{"embeddable":true,"href":"https:\/\/kultur.az\/index.php?rest_route=%2Fwp%2Fv2%2Fcomments&post=19687"}],"version-history":[{"count":2,"href":"https:\/\/kultur.az\/index.php?rest_route=\/wp\/v2\/posts\/19687\/revisions"}],"predecessor-version":[{"id":19692,"href":"https:\/\/kultur.az\/index.php?rest_route=\/wp\/v2\/posts\/19687\/revisions\/19692"}],"wp:attachment":[{"href":"https:\/\/kultur.az\/index.php?rest_route=%2Fwp%2Fv2%2Fmedia&parent=19687"}],"wp:term":[{"taxonomy":"category","embeddable":true,"href":"https:\/\/kultur.az\/index.php?rest_route=%2Fwp%2Fv2%2Fcategories&post=19687"},{"taxonomy":"post_tag","embeddable":true,"href":"https:\/\/kultur.az\/index.php?rest_route=%2Fwp%2Fv2%2Ftags&post=19687"}],"curies":[{"name":"wp","href":"https:\/\/api.w.org\/{rel}","templated":true}]}}