{"id":19703,"date":"2024-04-03T13:59:30","date_gmt":"2024-04-03T08:59:30","guid":{"rendered":"https:\/\/kultur.az\/?p=19703"},"modified":"2024-04-03T13:59:30","modified_gmt":"2024-04-03T08:59:30","slug":"az%c9%99rbaycan-nasirl%c9%99rinin-i-forumu-keciril%c9%99c%c9%99k","status":"publish","type":"post","link":"https:\/\/kultur.az\/?p=19703","title":{"rendered":"Az\u0259rbaycan Na\u015firl\u0259rinin I Forumu ke\u00e7iril\u0259c\u0259k"},"content":{"rendered":"<p><a href=\"https:\/\/kultur.az\/wp-content\/uploads\/2024\/04\/forum.jpg\"><img decoding=\"async\" loading=\"lazy\" class=\"aligncenter size-medium wp-image-19704\" alt=\"forum\" src=\"https:\/\/kultur.az\/wp-content\/uploads\/2024\/04\/forum-300x199.jpg\" width=\"300\" height=\"199\" \/><\/a>Aprelin 26-da Az\u0259rbaycan Milli Elml\u0259r Akademiyas\u0131nda (AMEA) Az\u0259rbaycan Na\u015firl\u0259rinin I Forumu ke\u00e7iril\u0259c\u0259k.<\/p>\n<p>Senet.az Anaib.az-a istinad\u0259n x\u0259b\u0259r verir ki, Az\u0259rbaycan N\u0259\u015friyyatlar\u0131 Assosiasiyas\u0131 (ANA\u0130B), AMEA, M\u0259d\u0259niyy\u0259t Nazirliyi v\u0259 T\u0259hsilin \u0130nki\u015faf\u0131 Fondunun t\u0259\u015fkilat\u00e7\u0131l\u0131\u011f\u0131 il\u0259 ba\u015f tutacaq forum n\u0259\u015friyyat m\u0259hsullar\u0131 v\u0259 strategiyalar\u0131ndan, el\u0259c\u0259 d\u0259 n\u0259\u015friyyat probleml\u0259rin\u0259 kompleks yana\u015fma t\u0259min ed\u0259n panell\u0259rd\u0259n ibar\u0259t olacaq.<\/p>\n<p>ANA\u0130B s\u0259dri, Na\u015firl\u0259r Forumu v\u0259 Oxu G\u00fcn\u00fcn\u00fcn layih\u0259 r\u0259hb\u0259ri \u015e\u0259mil Sadiq qeyd edib ki, Az\u0259rbaycan Na\u015firl\u0259rinin I Forumu \u00f6lk\u0259nin m\u00fcst\u0259qillik d\u00f6vr\u00fcnd\u0259 inki\u015faf ed\u0259n \u00f6z\u0259l n\u0259\u015friyyat sektorunun bir n\u00f6v hesabatl\u0131l\u0131\u011f\u0131na, \u00fcmumi probleml\u0259rin h\u0259lli il\u0259 ba\u011fl\u0131 t\u0259klifl\u0259rin formala\u015fmas\u0131na, yeni layih\u0259l\u0259rin haz\u0131rlanmas\u0131 \u00fc\u00e7\u00fcn \u015f\u0259b\u0259k\u0259l\u0259\u015fm\u0259nin t\u0259min olunmas\u0131na t\u00f6hf\u0259 ver\u0259c\u0259k: \u201c5 paneld\u0259 \u00fcmumilikd\u0259 15 spikerin \u00e7\u0131x\u0131\u015f\u0131 n\u0259z\u0259rd\u0259 tutulan, xarici m\u00fct\u0259x\u0259ssisl\u0259rin d\u0259 c\u0259lb olunaca\u011f\u0131 bu layih\u0259 yerli n\u0259\u015friyyat sektorunun real probleml\u0259rin\u0259 i\u015f\u0131q tutmaq, el\u0259c\u0259 d\u0259 beyn\u0259lxalq t\u0259cr\u00fcb\u0259d\u0259n yararlanmaq m\u0259qs\u0259di da\u015f\u0131y\u0131r\u201d.<\/p>\n<p>Forum \u00e7\u0259r\u00e7iv\u0259sind\u0259 27-28 aprel tarixl\u0259rind\u0259 Elml\u0259r Akademiyas\u0131n\u0131n h\u0259y\u0259tind\u0259 Oxu G\u00fcn\u00fc-10 s\u0259rgi-yarmarkas\u0131 t\u0259\u015fkil olunacaq.<\/p>\n<p>\u00d6lk\u0259nin 40-dan \u00e7ox apar\u0131c\u0131 n\u0259\u015friyyat\u0131 v\u0259 kitab evinin, el\u0259c\u0259 d\u0259 70-\u0259 yax\u0131n yaz\u0131\u00e7\u0131 v\u0259 ziyal\u0131n\u0131n i\u015ftirak\u0131 il\u0259 ba\u015f tutacaq s\u0259rgid\u0259 m\u00f6ht\u0259\u015f\u0259m proqram, \u00e7ox\u00e7e\u015fidli kitablar\u0131n sat\u0131\u015f\u0131 ba\u015f tutacaq.<\/p>\n<p>M\u00fcxt\u0259lif endiriml\u0259rin t\u0259tbiq olunaca\u011f\u0131 kitab festival\u0131nda tan\u0131nm\u0131\u015f \u0259dibl\u0259rin i\u015ftirak\u0131 il\u0259 t\u0259qdimatlar, imza m\u0259rasiml\u0259ri, konsert proqramlar\u0131, \u015feir gec\u0259l\u0259ri, u\u015faqlar \u00fc\u00e7\u00fcn na\u011f\u0131l saatlar\u0131 v\u0259 master-klaslar da t\u0259\u015fkil edil\u0259c\u0259k.<\/p>\n<p>Qeyd ed\u0259k ki, Az\u0259rbaycan Na\u015firl\u0259rinin I Forumu v\u0259 Oxu G\u00fcn\u00fc-10 s\u0259rgi-yarmarkas\u0131n\u0131n t\u0259r\u0259fda\u015flar\u0131 Yunus \u018fmr\u0259 \u0130nstitutu, \u201cMUS\u0130AD Az\u0259rbaycan\u201d,\u00a0 \u201cBadaml\u0131\u201d,\u00a0 \u201cOyal\u201d, \u201cH\u0259d\u0259f Group\u201d, \u201c\u015e\u0259rq-Q\u0259rb\u201d v\u0259 \u201cGlobalsoft\u201d \u015firk\u0259tl\u0259ridir.<\/p>\n<p>Forumda i\u015ftirak \u015firk\u0259tl\u0259r \u00fc\u00e7\u00fcn qeydiyyatla, Oxu G\u00fcn\u00fc-10 s\u0259rgisind\u0259 i\u015ftirak is\u0259 s\u0259rb\u0259stdir.<\/p>\n<p class=\"bawpvc-ajax-counter\" data-id=\"19703\">Yaz\u0131ya 20 d\u0259f\u0259 bax\u0131l\u0131b<\/p>\n","protected":false},"excerpt":{"rendered":"<p>Aprelin 26-da Az\u0259rbaycan Milli Elml\u0259r Akademiyas\u0131nda (AMEA) Az\u0259rbaycan Na\u015firl\u0259rinin I Forumu ke\u00e7iril\u0259c\u0259k. Senet.az Anaib.az-a istinad\u0259n x\u0259b\u0259r verir ki, Az\u0259rbaycan N\u0259\u015friyyatlar\u0131 Assosiasiyas\u0131 (ANA\u0130B), AMEA, M\u0259d\u0259niyy\u0259t Nazirliyi v\u0259 T\u0259hsilin \u0130nki\u015faf\u0131 Fondunun t\u0259\u015fkilat\u00e7\u0131l\u0131\u011f\u0131 il\u0259 ba\u015f tutacaq forum n\u0259\u015friyyat m\u0259hsullar\u0131 v\u0259 strategiyalar\u0131ndan, el\u0259c\u0259 d\u0259 n\u0259\u015friyyat probleml\u0259rin\u0259 kompleks yana\u015fma t\u0259min ed\u0259n panell\u0259rd\u0259n ibar\u0259t olacaq. ANA\u0130B s\u0259dri, Na\u015firl\u0259r Forumu v\u0259 Oxu [&hellip;]<\/p>\n","protected":false},"author":1,"featured_media":0,"comment_status":"closed","ping_status":"closed","sticky":false,"template":"","format":"standard","meta":[],"categories":[5,4],"tags":[],"_links":{"self":[{"href":"https:\/\/kultur.az\/index.php?rest_route=\/wp\/v2\/posts\/19703"}],"collection":[{"href":"https:\/\/kultur.az\/index.php?rest_route=\/wp\/v2\/posts"}],"about":[{"href":"https:\/\/kultur.az\/index.php?rest_route=\/wp\/v2\/types\/post"}],"author":[{"embeddable":true,"href":"https:\/\/kultur.az\/index.php?rest_route=\/wp\/v2\/users\/1"}],"replies":[{"embeddable":true,"href":"https:\/\/kultur.az\/index.php?rest_route=%2Fwp%2Fv2%2Fcomments&post=19703"}],"version-history":[{"count":1,"href":"https:\/\/kultur.az\/index.php?rest_route=\/wp\/v2\/posts\/19703\/revisions"}],"predecessor-version":[{"id":19705,"href":"https:\/\/kultur.az\/index.php?rest_route=\/wp\/v2\/posts\/19703\/revisions\/19705"}],"wp:attachment":[{"href":"https:\/\/kultur.az\/index.php?rest_route=%2Fwp%2Fv2%2Fmedia&parent=19703"}],"wp:term":[{"taxonomy":"category","embeddable":true,"href":"https:\/\/kultur.az\/index.php?rest_route=%2Fwp%2Fv2%2Fcategories&post=19703"},{"taxonomy":"post_tag","embeddable":true,"href":"https:\/\/kultur.az\/index.php?rest_route=%2Fwp%2Fv2%2Ftags&post=19703"}],"curies":[{"name":"wp","href":"https:\/\/api.w.org\/{rel}","templated":true}]}}