{"id":19721,"date":"2024-04-23T14:49:19","date_gmt":"2024-04-23T09:49:19","guid":{"rendered":"https:\/\/kultur.az\/?p=19721"},"modified":"2024-04-23T14:49:19","modified_gmt":"2024-04-23T09:49:19","slug":"vaqif-raqif-namiq-akif-abbasov","status":"publish","type":"post","link":"https:\/\/kultur.az\/?p=19721","title":{"rendered":"Vaqif, Raqif, Namiq &#8211; Akif ABBASOV"},"content":{"rendered":"<p align=\"center\"><b><a href=\"https:\/\/kultur.az\/wp-content\/uploads\/2023\/08\/AK\u0130F-100.jpg\"><img decoding=\"async\" loading=\"lazy\" class=\"aligncenter size-medium wp-image-18926\" alt=\"AK\u0130F 100\" src=\"https:\/\/kultur.az\/wp-content\/uploads\/2023\/08\/AK\u0130F-100-300x156.jpg\" width=\"300\" height=\"156\" srcset=\"https:\/\/kultur.az\/wp-content\/uploads\/2023\/08\/AK\u0130F-100-300x156.jpg 300w, https:\/\/kultur.az\/wp-content\/uploads\/2023\/08\/AK\u0130F-100.jpg 500w\" sizes=\"(max-width: 300px) 100vw, 300px\" \/><\/a>(hekay\u0259)<\/b><\/p>\n<p>\u00a0\u00a0\u00a0\u00a0\u00a0\u00a0\u00a0\u00a0 Vaqif Raqif v\u0259 Namiq dost idil\u0259r. Vaxt vard\u0131 aralar\u0131ndan su da ke\u00e7mirdi. Amma g\u00fcnl\u0259rin bir g\u00fcn\u00fcnd\u0259\u00a0 su ke\u00e7di. N\u0259 oldu, nec\u0259 oldu, bilmirik, ax\u0131r vaxtlar Raqifl\u0259 Namiqin aras\u0131 d\u0259ydi. Art\u0131q Raqifin\u00a0 Namiqd\u0259n zindi-z\u0259hl\u0259si gedirdi.\u00a0 \u00a0\u201c\u0130ri g\u00f6r\u00fcm, qurdu g\u00f6r\u00fcm, Namiqi g\u00f6rm\u0259yim\u201d, &#8211; deyib da\u015f at\u0131b ba\u015f\u0131n\u0131 tuturdu. Namiq n\u0259 q\u0259d\u0259r yax\u0131nla\u015fmaq, ba\u015f vermi\u015f m\u0259s\u0259l\u0259y\u0259 ayd\u0131nl\u0131q g\u0259tirm\u0259k ist\u0259yirdis\u0259, Raqif onu yax\u0131n buraxm\u0131rd\u0131.<\/p>\n<p>Raqif ma\u015f\u0131n alm\u0131\u015fd\u0131. T\u0259z\u0259-t\u0259z\u0259 \u00f6yr\u0259ndiyind\u0259n ma\u015f\u0131n\u0131 f\u0259rli s\u00fcr\u0259 d\u0259 bilmirdi. Ma\u015f\u0131na \u0259li yatm\u0131rd\u0131. Yolun h\u0259r\u0259k\u0259t hiss\u0259sin\u0259 \u00e7\u0131xma\u011fa qorxdu\u011fundan ma\u015f\u0131na t\u0259k oturmurdu. N\u0259 vaxt baxsayd\u0131n Vaqifi yan\u0131nda g\u00f6r\u0259rdin. Vaqif ma\u015f\u0131nda olanda \u00fcr\u0259kl\u0259nirdi.<\/p>\n<p>Bir d\u0259f\u0259 Rafiq adl\u0131 bir tan\u0131lar\u0131na d\u0259ym\u0259k \u00fc\u00e7\u00fcn Dada\u015fb\u0259yli k\u0259ndin\u0259 gedirdil\u0259r. Bird\u0259n qar\u015f\u0131lar\u0131na yolun sol t\u0259r\u0259find\u0259ki s\u0259ki il\u0259 a\u011f\u0131r-a\u011f\u0131r h\u0259r\u0259k\u0259t ed\u0259n Namiq \u00e7\u0131xd\u0131. Vaqif \u00fcz\u00fcn\u00fc Raqif\u0259 tutaraq:<\/p>\n<p>-O ged\u0259n Namiqdir. Rafiq\u0259 ba\u015f \u00e7\u0259km\u0259y\u0259 gedirik. Namiq Rafiqin \u0259misi o\u011fludur, onun x\u0259trini ist\u0259yir. \u00a0Rafiq onu g\u00f6rs\u0259 \u00e7ox sevin\u0259c\u0259k. Amma s\u0259nin Namiql\u0259 aran yoxdur. \u0130ndi n\u0259 ed\u0259k? Namiqi g\u00f6t\u00fcr\u00fcrs\u0259n, yoxsa ma\u015f\u0131nla onun \u00fcst\u00fcnd\u0259n ke\u00e7ib ged\u0259c\u0259ks\u0259n?<\/p>\n<p>Raqif n\u0259 zaman \u0259yl\u0259ci basd\u0131\u011f\u0131n\u0131 bilm\u0259di. Vaqifin s\u00f6zl\u0259ri onu \u00e7ox t\u0259\u0259cc\u00fcbl\u0259ndirmi\u015fdi. \u201cBu n\u0259 dan\u0131\u015f\u0131r? Ma\u015f\u0131nla adam vurmaq n\u0259 dem\u0259kdir? Bunun alt\u0131ndan \u00e7\u0131xmaq olar? N\u0259 olsun Namiqd\u0259n z\u0259hl\u0259m gedir?\u201d<\/p>\n<p>Raqif key-key Vaqif\u0259 bax\u0131r, onu ba\u015fa d\u00fc\u015fm\u0259y\u0259 \u00e7al\u0131\u015f\u0131rd\u0131. Vaqif:<\/p>\n<p>-Ma\u015f\u0131n\u0131 niy\u0259 saxlad\u0131n? S\u00fcr, Namiqi sal ma\u015f\u0131n\u0131n alt\u0131na, bird\u0259f\u0259lik can\u0131n ondan qurtars\u0131n.<\/p>\n<p>Raqif donub qalm\u0131\u015fd\u0131. \u201cBu s\u00f6zl\u0259ri dey\u0259n Vaqifdir? Do\u011frudan o bel\u0259 fikirl\u0259\u015fir? Y\u0259ni g\u00fcman edir ki, m\u0259n Namiqi ma\u015f\u0131nla vura bil\u0259r\u0259m? Y\u0259ni m\u0259n bu a\u011f\u0131ldayam?\u201d<\/p>\n<p>Vaqif dostunun donub qald\u0131\u011f\u0131n\u0131 g\u00f6r\u00fcb \u015faqqanaq \u00e7\u0259kdi. Raqif ba\u015fa d\u00fc\u015fd\u00fc ki, \u00a0Vaqif \u00a0bayaqdan onunla zarafat edirmi\u015f. Onu da g\u00fclm\u0259k tutdu.\u00a0 Sonra ciddil\u0259\u015fdi:<\/p>\n<p>-Do\u011fru deyirs\u0259n. Ma\u015f\u0131n\u0131 s\u00fcr\u00fcm Namiqin \u00fcst\u00fcn\u0259. S\u00f6z-s\u00f6hb\u0259timiz bir yolluq\u00a0 \u00a0qurtars\u0131n.<\/p>\n<p>Bu d\u0259f\u0259 Raqif zarafat edirdi.<\/p>\n<p>-Vaqif, bilir\u0259m n\u0259 dem\u0259k ist\u0259yirs\u0259n. Bu incikliyin, u\u00e7-k\u00fcs\u00fcn\u00fcn vaxt\u0131-v\u0259d\u0259si var. \u0130ndi bizim dost itir\u0259n vaxt\u0131n\u0131z deyil. Namiq d\u0259 \u0259m\u0259lind\u0259n pe\u015fmand\u0131r. X\u0259cal\u0259t \u00e7\u0259kir.<\/p>\n<p>Raqif bu s\u00f6zl\u0259ri deyib ma\u015f\u0131n\u0131n p\u0259nc\u0259r\u0259sind\u0259n ba\u015f\u0131n\u0131 \u00e7\u0131xararaq:<\/p>\n<p>-Namiq, Namiq! \u2013 dey\u0259 \u00e7a\u011f\u0131rd\u0131. -G\u0259l, ma\u015f\u0131na otur. Rafiq\u0259 d\u0259ym\u0259y\u0259 gedirik.<\/p>\n<p>Namiq g\u0259lib \u0259yl\u0259\u015fdi. Yollar\u0131na davam etdil\u0259r.<\/p>\n<p align=\"right\"><b><i>Bak\u0131 \u015f\u0259h\u0259ri, 22 aprel 2024-c\u00fc il<\/i><\/b><\/p>\n<p>&nbsp;<\/p>\n<p class=\"bawpvc-ajax-counter\" data-id=\"19721\">Yaz\u0131ya 59 d\u0259f\u0259 bax\u0131l\u0131b<\/p>\n","protected":false},"excerpt":{"rendered":"<p>(hekay\u0259) \u00a0\u00a0\u00a0\u00a0\u00a0\u00a0\u00a0\u00a0 Vaqif Raqif v\u0259 Namiq dost idil\u0259r. Vaxt vard\u0131 aralar\u0131ndan su da ke\u00e7mirdi. Amma g\u00fcnl\u0259rin bir g\u00fcn\u00fcnd\u0259\u00a0 su ke\u00e7di. N\u0259 oldu, nec\u0259 oldu, bilmirik, ax\u0131r vaxtlar Raqifl\u0259 Namiqin aras\u0131 d\u0259ydi. Art\u0131q Raqifin\u00a0 Namiqd\u0259n zindi-z\u0259hl\u0259si gedirdi.\u00a0 \u00a0\u201c\u0130ri g\u00f6r\u00fcm, qurdu g\u00f6r\u00fcm, Namiqi g\u00f6rm\u0259yim\u201d, &#8211; deyib da\u015f at\u0131b ba\u015f\u0131n\u0131 tuturdu. Namiq n\u0259 q\u0259d\u0259r yax\u0131nla\u015fmaq, ba\u015f vermi\u015f m\u0259s\u0259l\u0259y\u0259 [&hellip;]<\/p>\n","protected":false},"author":1,"featured_media":18926,"comment_status":"closed","ping_status":"closed","sticky":false,"template":"","format":"standard","meta":[],"categories":[16,3],"tags":[],"_links":{"self":[{"href":"https:\/\/kultur.az\/index.php?rest_route=\/wp\/v2\/posts\/19721"}],"collection":[{"href":"https:\/\/kultur.az\/index.php?rest_route=\/wp\/v2\/posts"}],"about":[{"href":"https:\/\/kultur.az\/index.php?rest_route=\/wp\/v2\/types\/post"}],"author":[{"embeddable":true,"href":"https:\/\/kultur.az\/index.php?rest_route=\/wp\/v2\/users\/1"}],"replies":[{"embeddable":true,"href":"https:\/\/kultur.az\/index.php?rest_route=%2Fwp%2Fv2%2Fcomments&post=19721"}],"version-history":[{"count":1,"href":"https:\/\/kultur.az\/index.php?rest_route=\/wp\/v2\/posts\/19721\/revisions"}],"predecessor-version":[{"id":19722,"href":"https:\/\/kultur.az\/index.php?rest_route=\/wp\/v2\/posts\/19721\/revisions\/19722"}],"wp:featuredmedia":[{"embeddable":true,"href":"https:\/\/kultur.az\/index.php?rest_route=\/wp\/v2\/media\/18926"}],"wp:attachment":[{"href":"https:\/\/kultur.az\/index.php?rest_route=%2Fwp%2Fv2%2Fmedia&parent=19721"}],"wp:term":[{"taxonomy":"category","embeddable":true,"href":"https:\/\/kultur.az\/index.php?rest_route=%2Fwp%2Fv2%2Fcategories&post=19721"},{"taxonomy":"post_tag","embeddable":true,"href":"https:\/\/kultur.az\/index.php?rest_route=%2Fwp%2Fv2%2Ftags&post=19721"}],"curies":[{"name":"wp","href":"https:\/\/api.w.org\/{rel}","templated":true}]}}