{"id":19885,"date":"2024-06-10T16:54:58","date_gmt":"2024-06-10T11:54:58","guid":{"rendered":"https:\/\/kultur.az\/?p=19885"},"modified":"2024-06-10T16:54:58","modified_gmt":"2024-06-10T11:54:58","slug":"19885","status":"publish","type":"post","link":"https:\/\/kultur.az\/?p=19885","title":{"rendered":""},"content":{"rendered":"<p><a href=\"https:\/\/kultur.az\/wp-content\/uploads\/2024\/06\/WhatsApp-Image-2024-06-10-at-15.18.28.jpeg\"><img decoding=\"async\" loading=\"lazy\" class=\"aligncenter size-medium wp-image-19896\" alt=\"WhatsApp Image 2024-06-10 at 15.18.28\" src=\"https:\/\/kultur.az\/wp-content\/uploads\/2024\/06\/WhatsApp-Image-2024-06-10-at-15.18.28-300x225.jpeg\" width=\"300\" height=\"225\" \/><\/a>Bu g\u00fcn Az\u0259rbaycan Yaz\u0131\u00e7\u0131lar Birliyinin \u201cNat\u0259van\u201d klubunda Az\u0259rbaycan\u0131n Xalq \u015fairi, Milli M\u0259clisin deputat\u0131 Sabir R\u00fcst\u0259mxanl\u0131n\u0131n t\u0259\u015f\u0259bb\u00fcs\u00fc v\u0259 t\u0259\u015fkilat\u00e7\u0131l\u0131\u011f\u0131 il\u0259 d\u00fcnyadan vaxts\u0131z k\u00f6\u00e7m\u00fc\u015f, sevimli \u015fairimiz, ssenarist, Az\u0259rbaycan SSR \u018fm\u0259kdar inc\u0259s\u0259n\u0259t xadimi, Az\u0259rbaycan SSR D\u00f6vl\u0259t m\u00fckafat\u0131 laureat\u0131 R\u0259fiq Z\u0259ka X\u0259ndan\u0131n an\u0131m g\u00fcn\u00fcn\u0259 h\u0259sr edilmi\u015f t\u0259dbir ke\u00e7irildi.<\/p>\n<p>M\u0259rasimi a\u00e7\u0131q elan ed\u0259n Sabir R\u00fcst\u0259mxanl\u0131 dostu R\u0259fiq Z\u0259kan\u0131n yarad\u0131c\u0131l\u0131q yolundan v\u0259 \u00e7ox maraql\u0131, z\u0259ngin \u015f\u0259xsi keyfiyy\u0259tl\u0259rind\u0259n s\u00f6hb\u0259t a\u00e7araq ilk \u00e7\u0131x\u0131\u015f\u0131 AYB-nin s\u0259dri, Xalq yaz\u0131\u00e7\u0131s\u0131 Anara verdi. Anar m\u00fc\u0259llim m\u0259rhum \u015fairin nikbin xarakterind\u0259n, yumorla cilalanm\u0131\u015f i\u015fl\u0259kl\u0259rind\u0259n, \u015f\u0259n, zarafatc\u0131l olaylar\u0131ndan, \u015fairin \u0259d\u0259biyyatdak\u0131 m\u00f6vqeyind\u0259n, d\u00fcnya xalqlar\u0131n\u0131n, x\u00fcsus\u0259n d\u0259, t\u00fcrk xalqlar\u0131n\u0131n poeziya incil\u0259rinin d\u0259rinlikl\u0259rin\u0259 b\u0259l\u0259d oldu\u011fundan dan\u0131\u015fd\u0131.<\/p>\n<p>\u00c7\u0131x\u0131\u015f\u00e7\u0131lar \u2013 AYB-nin s\u0259dr m\u00fcavini R\u0259\u015fad M\u0259cid, Xalq \u015fairi Vahid \u018fziz, yaz\u0131\u00e7\u0131 Seyran S\u0259xav\u0259t, \u201c\u0130ki sahil\u201d q\u0259zetinin ba\u015f redaktoru V\u00fcqar R\u0259himzad\u0259, \u015fair Musa \u018fl\u0259kb\u0259rli v\u0259 ba\u015fqalar\u0131 R\u0259fiq Z\u0259ka il\u0259 ba\u011fl\u0131 xatir\u0259l\u0259rind\u0259n, m\u0259rhum \u015fairin xeyirxahl\u0131\u011f\u0131ndan s\u00f6z a\u00e7d\u0131lar, \u015feirl\u0259rind\u0259n n\u00fcmun\u0259l\u0259r s\u0259sl\u0259ndirdil\u0259r.<\/p>\n<p>Sonda b\u00f6y\u00fck t\u0259nqid\u00e7i-alimimiz C\u0259f\u0259r X\u0259ndan\u0131n yadigar\u0131 R\u0259fiq Z\u0259ka X\u0259ndan\u0131n ail\u0259 \u00fczvl\u0259rin\u0259 s\u00f6z verildi. Q\u0131z\u0131, filologiya elml\u0259ri doktoru Aydan X\u0259ndan atas\u0131 haqq\u0131nda h\u0259m t\u0259nqid\u00e7i,\u00a0 h\u0259m d\u0259 onun \u0259d\u0259bi varisi kimi t\u0259krars\u0131z duy\u011fular\u0131n\u0131 dil\u0259 g\u0259tirdi.<\/p>\n<p><a href=\"https:\/\/kultur.az\/wp-content\/uploads\/2024\/06\/WhatsApp-Image-2024-06-10-at-15.18.28-10.jpeg\"><img decoding=\"async\" loading=\"lazy\" class=\"aligncenter size-medium wp-image-19886\" alt=\"WhatsApp Image 2024-06-10 at 15.18.28 (10)\" src=\"https:\/\/kultur.az\/wp-content\/uploads\/2024\/06\/WhatsApp-Image-2024-06-10-at-15.18.28-10-300x225.jpeg\" width=\"300\" height=\"225\" \/><\/a> <a href=\"https:\/\/kultur.az\/wp-content\/uploads\/2024\/06\/WhatsApp-Image-2024-06-10-at-15.18.28-9.jpeg\"><img decoding=\"async\" loading=\"lazy\" class=\"aligncenter size-medium wp-image-19887\" alt=\"WhatsApp Image 2024-06-10 at 15.18.28 (9)\" src=\"https:\/\/kultur.az\/wp-content\/uploads\/2024\/06\/WhatsApp-Image-2024-06-10-at-15.18.28-9-300x225.jpeg\" width=\"300\" height=\"225\" \/><\/a> <a href=\"https:\/\/kultur.az\/wp-content\/uploads\/2024\/06\/WhatsApp-Image-2024-06-10-at-15.18.28-8.jpeg\"><img decoding=\"async\" loading=\"lazy\" class=\"aligncenter size-medium wp-image-19888\" alt=\"WhatsApp Image 2024-06-10 at 15.18.28 (8)\" src=\"https:\/\/kultur.az\/wp-content\/uploads\/2024\/06\/WhatsApp-Image-2024-06-10-at-15.18.28-8-300x225.jpeg\" width=\"300\" height=\"225\" \/><\/a> <a href=\"https:\/\/kultur.az\/wp-content\/uploads\/2024\/06\/WhatsApp-Image-2024-06-10-at-15.18.28-7.jpeg\"><img decoding=\"async\" loading=\"lazy\" class=\"aligncenter size-medium wp-image-19889\" alt=\"WhatsApp Image 2024-06-10 at 15.18.28 (7)\" src=\"https:\/\/kultur.az\/wp-content\/uploads\/2024\/06\/WhatsApp-Image-2024-06-10-at-15.18.28-7-300x225.jpeg\" width=\"300\" height=\"225\" \/><\/a> <a href=\"https:\/\/kultur.az\/wp-content\/uploads\/2024\/06\/WhatsApp-Image-2024-06-10-at-15.18.28-6.jpeg\"><img decoding=\"async\" loading=\"lazy\" class=\"aligncenter size-medium wp-image-19890\" alt=\"WhatsApp Image 2024-06-10 at 15.18.28 (6)\" src=\"https:\/\/kultur.az\/wp-content\/uploads\/2024\/06\/WhatsApp-Image-2024-06-10-at-15.18.28-6-300x225.jpeg\" width=\"300\" height=\"225\" \/><\/a> <a href=\"https:\/\/kultur.az\/wp-content\/uploads\/2024\/06\/WhatsApp-Image-2024-06-10-at-15.18.28-5.jpeg\"><img decoding=\"async\" loading=\"lazy\" class=\"aligncenter size-medium wp-image-19891\" alt=\"WhatsApp Image 2024-06-10 at 15.18.28 (5)\" src=\"https:\/\/kultur.az\/wp-content\/uploads\/2024\/06\/WhatsApp-Image-2024-06-10-at-15.18.28-5-300x225.jpeg\" width=\"300\" height=\"225\" \/><\/a> <a href=\"https:\/\/kultur.az\/wp-content\/uploads\/2024\/06\/WhatsApp-Image-2024-06-10-at-15.18.28-4.jpeg\"><img decoding=\"async\" loading=\"lazy\" class=\"aligncenter size-medium wp-image-19892\" alt=\"WhatsApp Image 2024-06-10 at 15.18.28 (4)\" src=\"https:\/\/kultur.az\/wp-content\/uploads\/2024\/06\/WhatsApp-Image-2024-06-10-at-15.18.28-4-300x225.jpeg\" width=\"300\" height=\"225\" \/><\/a> <a href=\"https:\/\/kultur.az\/wp-content\/uploads\/2024\/06\/WhatsApp-Image-2024-06-10-at-15.18.28-3.jpeg\"><img decoding=\"async\" loading=\"lazy\" class=\"aligncenter size-medium wp-image-19893\" alt=\"WhatsApp Image 2024-06-10 at 15.18.28 (3)\" src=\"https:\/\/kultur.az\/wp-content\/uploads\/2024\/06\/WhatsApp-Image-2024-06-10-at-15.18.28-3-300x225.jpeg\" width=\"300\" height=\"225\" \/><\/a> <a href=\"https:\/\/kultur.az\/wp-content\/uploads\/2024\/06\/WhatsApp-Image-2024-06-10-at-15.18.28-2.jpeg\"><img decoding=\"async\" loading=\"lazy\" class=\"aligncenter size-medium wp-image-19894\" alt=\"WhatsApp Image 2024-06-10 at 15.18.28 (2)\" src=\"https:\/\/kultur.az\/wp-content\/uploads\/2024\/06\/WhatsApp-Image-2024-06-10-at-15.18.28-2-300x225.jpeg\" width=\"300\" height=\"225\" \/><\/a> <a href=\"https:\/\/kultur.az\/wp-content\/uploads\/2024\/06\/WhatsApp-Image-2024-06-10-at-15.18.28-1.jpeg\"><img decoding=\"async\" loading=\"lazy\" class=\"aligncenter size-medium wp-image-19895\" alt=\"WhatsApp Image 2024-06-10 at 15.18.28 (1)\" src=\"https:\/\/kultur.az\/wp-content\/uploads\/2024\/06\/WhatsApp-Image-2024-06-10-at-15.18.28-1-300x225.jpeg\" width=\"300\" height=\"225\" \/><\/a> <a href=\"https:\/\/kultur.az\/wp-content\/uploads\/2024\/06\/WhatsApp-Image-2024-06-10-at-15.18.28.jpeg\"><img decoding=\"async\" loading=\"lazy\" class=\"aligncenter size-medium wp-image-19896\" alt=\"WhatsApp Image 2024-06-10 at 15.18.28\" src=\"https:\/\/kultur.az\/wp-content\/uploads\/2024\/06\/WhatsApp-Image-2024-06-10-at-15.18.28-300x225.jpeg\" width=\"300\" height=\"225\" \/><\/a> <a href=\"https:\/\/kultur.az\/wp-content\/uploads\/2024\/06\/WhatsApp-Image-2024-06-10-at-15.18.27.jpeg\"><img decoding=\"async\" loading=\"lazy\" class=\"aligncenter size-medium wp-image-19897\" alt=\"WhatsApp Image 2024-06-10 at 15.18.27\" src=\"https:\/\/kultur.az\/wp-content\/uploads\/2024\/06\/WhatsApp-Image-2024-06-10-at-15.18.27-300x225.jpeg\" width=\"300\" height=\"225\" \/><\/a><\/p>\n<p class=\"bawpvc-ajax-counter\" data-id=\"19885\">Yaz\u0131ya 58 d\u0259f\u0259 bax\u0131l\u0131b<\/p>\n","protected":false},"excerpt":{"rendered":"<p>Bu g\u00fcn Az\u0259rbaycan Yaz\u0131\u00e7\u0131lar Birliyinin \u201cNat\u0259van\u201d klubunda Az\u0259rbaycan\u0131n Xalq \u015fairi, Milli M\u0259clisin deputat\u0131 Sabir R\u00fcst\u0259mxanl\u0131n\u0131n t\u0259\u015f\u0259bb\u00fcs\u00fc v\u0259 t\u0259\u015fkilat\u00e7\u0131l\u0131\u011f\u0131 il\u0259 d\u00fcnyadan vaxts\u0131z k\u00f6\u00e7m\u00fc\u015f, sevimli \u015fairimiz, ssenarist, Az\u0259rbaycan SSR \u018fm\u0259kdar inc\u0259s\u0259n\u0259t xadimi, Az\u0259rbaycan SSR D\u00f6vl\u0259t m\u00fckafat\u0131 laureat\u0131 R\u0259fiq Z\u0259ka X\u0259ndan\u0131n an\u0131m g\u00fcn\u00fcn\u0259 h\u0259sr edilmi\u015f t\u0259dbir ke\u00e7irildi. M\u0259rasimi a\u00e7\u0131q elan ed\u0259n Sabir R\u00fcst\u0259mxanl\u0131 dostu R\u0259fiq Z\u0259kan\u0131n yarad\u0131c\u0131l\u0131q yolundan [&hellip;]<\/p>\n","protected":false},"author":1,"featured_media":0,"comment_status":"closed","ping_status":"closed","sticky":false,"template":"","format":"standard","meta":[],"categories":[3,21],"tags":[],"_links":{"self":[{"href":"https:\/\/kultur.az\/index.php?rest_route=\/wp\/v2\/posts\/19885"}],"collection":[{"href":"https:\/\/kultur.az\/index.php?rest_route=\/wp\/v2\/posts"}],"about":[{"href":"https:\/\/kultur.az\/index.php?rest_route=\/wp\/v2\/types\/post"}],"author":[{"embeddable":true,"href":"https:\/\/kultur.az\/index.php?rest_route=\/wp\/v2\/users\/1"}],"replies":[{"embeddable":true,"href":"https:\/\/kultur.az\/index.php?rest_route=%2Fwp%2Fv2%2Fcomments&post=19885"}],"version-history":[{"count":1,"href":"https:\/\/kultur.az\/index.php?rest_route=\/wp\/v2\/posts\/19885\/revisions"}],"predecessor-version":[{"id":19898,"href":"https:\/\/kultur.az\/index.php?rest_route=\/wp\/v2\/posts\/19885\/revisions\/19898"}],"wp:attachment":[{"href":"https:\/\/kultur.az\/index.php?rest_route=%2Fwp%2Fv2%2Fmedia&parent=19885"}],"wp:term":[{"taxonomy":"category","embeddable":true,"href":"https:\/\/kultur.az\/index.php?rest_route=%2Fwp%2Fv2%2Fcategories&post=19885"},{"taxonomy":"post_tag","embeddable":true,"href":"https:\/\/kultur.az\/index.php?rest_route=%2Fwp%2Fv2%2Ftags&post=19885"}],"curies":[{"name":"wp","href":"https:\/\/api.w.org\/{rel}","templated":true}]}}