{"id":19938,"date":"2024-07-02T19:37:11","date_gmt":"2024-07-02T15:37:11","guid":{"rendered":"https:\/\/kultur.az\/?p=19938"},"modified":"2024-07-02T19:40:48","modified_gmt":"2024-07-02T15:40:48","slug":"ulduzumuz-yeni-t%c9%99qdimatda","status":"publish","type":"post","link":"https:\/\/kultur.az\/?p=19938","title":{"rendered":"\u201cUlduz\u201dumuz yeni t\u0259qdimatda"},"content":{"rendered":"<p><a href=\"https:\/\/kultur.az\/wp-content\/uploads\/2024\/07\/photo_11885.jpg\"><img decoding=\"async\" loading=\"lazy\" class=\"aligncenter size-medium wp-image-19939\" alt=\"photo_11885\" src=\"https:\/\/kultur.az\/wp-content\/uploads\/2024\/07\/photo_11885-279x300.jpg\" width=\"279\" height=\"300\" \/><\/a>\u201cUlduz\u201d \u0259d\u0259biyyat jurnal\u0131 iyun n\u00f6mr\u0259sind\u0259 oxucular\u0131n\u0131n g\u00f6r\u00fc\u015f\u00fcn\u0259 yeni t\u0259qdimatda g\u0259lib. D\u0259rginin \u00fcz qab\u0131\u011f\u0131, m\u00fcnd\u0259ricat\u0131ndan tutmu\u015f son s\u0259hif\u0259sin\u0259 q\u0259d\u0259r dizayn\u0131nda d\u0259yi\u015fiklik olunub. \u201cUlduz\u201dun yeni dizayn\u0131 T\u00fcrkiy\u0259d\u0259 haz\u0131rlan\u0131b, n\u00f6vb\u0259ti n\u00f6mr\u0259l\u0259r d\u0259 eyni qaydada t\u0259rtib edil\u0259c\u0259k.<\/p>\n<p>\u201cUlduz\u201d jurnal\u0131n\u0131n ba\u015f redaktoru, \u018fm\u0259kdar jurnalist, \u015fair Qulu A\u011fs\u0259s daha bir yeni t\u0259\u015f\u0259bb\u00fcs\u00fcn realla\u015fmas\u0131n\u0131n g\u00f6zl\u0259nildiyini bildirib.<\/p>\n<p>Bel\u0259 ki, Ankarada \u00e7ap olunan \u201cG\u0259nc \u00fcr\u0259kl\u0259r\u201d d\u0259rgisinin ba\u015f redaktoru Muhterem \u015eahinl\u0259 Qulu A\u011fs\u0259sin \u0259ld\u0259 etdiyi raz\u0131l\u0131\u011fa \u0259sas\u0259n, \u201cUlduz\u201dun n\u00f6vb\u0259ti x\u00fcsusi burax\u0131l\u0131\u015f\u0131 \u201cG\u0259nc \u00fcr\u0259kl\u0259r\u201d d\u0259rgisind\u0259, \u201cG\u0259nc \u00fcr\u0259kl\u0259r\u201d d\u0259rgisinin n\u00f6vb\u0259ti n\u00f6mr\u0259si is\u0259 \u201cUlduz\u201dda oxuculara t\u0259qdim olunacaq.<\/p>\n<p>Bundan \u0259lav\u0259, jurnal\u0131n s\u0259hif\u0259 say\u0131 da art\u0131r\u0131l\u0131r. \u018fvv\u0259l 88 s\u0259hif\u0259 \u00e7ap olundu\u011fu halda, bundan sonra 96 s\u0259hif\u0259li olacaq.<\/p>\n<p>Jurnal\u0131n iyun n\u00f6mr\u0259si is\u0259 x\u00fcsusi olaraq 104 s\u0259hif\u0259 haz\u0131rlan\u0131b. Eyni zamanda, jurnal\u0131n \u00f6l\u00e7\u00fcs\u00fcnd\u0259 d\u0259 d\u0259yi\u015fiklik edilib.<\/p>\n<p>\u201cUlduz\u201dun iyun n\u00f6mr\u0259sind\u0259 maraql\u0131 b\u0259dii m\u0259tnl\u0259r yer al\u0131b. D\u0259rgi Tural C\u0259f\u0259rlinin \u201c\u00d6z\u00fcyl\u0259 s\u00f6hb\u0259ti&#8230; v\u0259 \u015feirl\u0259ri\u201d il\u0259 a\u00e7\u0131l\u0131r.<\/p>\n<p>S\u0259rdar Aminin \u201cR\u0259sul n\u0259s\u0259 dem\u0259k ist\u0259yir\u201d, T\u0259v\u0259kk\u00fcl Boysunar\u0131n \u201cAraz ax\u0131r q\u0131yqac\u0131\u201d, Ayi\u015f\u0259 N\u0259binin \u201cRels\u0259 ba\u011flanan \u00e7oban\u201d, Nazil\u0259 G\u00fcltac\u0131n \u201c\u0130ki limon\u201d, \u201cMurad futbola bax\u0131rd\u0131\u201d, \u201cStabilizator\u201d, M\u0259tan\u0259t Ulu \u015eirvanl\u0131n\u0131n \u201cDikba\u015f\u201d, \u0130lqar \u0130smay\u0131lzad\u0259nin \u201c\u0130tmi\u015f pul\u201d hekay\u0259l\u0259ri, Aydan Abdullayevan\u0131n \u201cDar\u0131xan yaz\u0131\u201d essesi d\u0259rgid\u0259 i\u015f\u0131q \u00fcz\u00fc g\u00f6r\u00fcb.<\/p>\n<p>Bir m\u00fcdd\u0259t \u0259vv\u0259l d\u00fcnyas\u0131n\u0131 d\u0259yi\u015fmi\u015f g\u0259nc yaz\u0131\u00e7\u0131 Murad Muradovun \u201cK\u0259rimin \u00f6rd\u0259kl\u0259ri\u201d hekay\u0259si d\u0259 ruhuna ehtiram \u0259lam\u0259ti olaraq bu burax\u0131l\u0131\u015fda d\u0259rc olunub.<\/p>\n<p>\u201cUlduz\u201d jurnal\u0131 v\u0259 Az\u0259rbaycan Yaz\u0131\u00e7\u0131lar Birliyinin \u018fd\u0259biyyat Fondunun t\u0259\u015fkilat\u00e7\u0131l\u0131\u011f\u0131 il\u0259 Vaqif S\u0259m\u0259do\u011flunun 85 illik yubileyin\u0259 h\u0259sr olunmu\u015f 35 ya\u015fa q\u0259d\u0259r g\u0259ncl\u0259r aras\u0131nda ke\u00e7iril\u0259n \u015feir m\u00fcsabiq\u0259sinin qalibl\u0259ri &#8211; Cavid Qas\u0131mov, Allah\u015f\u00fck\u00fcr A\u011fa, R\u0259\u015fad Na\u011f\u0131 Mustafa, Eminquey Akif, El Roman, Seyyid\u0259li S\u00fcbhinin \u015feirl\u0259ri iyun n\u00f6mr\u0259sind\u0259 \u00e7ap olunub. Eyni zamanda, Hafiz Hac\u0131xal\u0131l, Aysel N\u0259sirzad\u0259, R\u0259smiyy\u0259 Sabir, \u0130nqilab \u0130saq, \u018fdal\u0259t Salman\u0131n \u015feirl\u0259ri \u201c\u015eeir vaxt\u0131\u201dnda oxuculara t\u0259qdim edilib.<\/p>\n<p>\u201cT\u0259rc\u00fcm\u0259 saat\u0131\u201dnda Xatir\u0259 Nurg\u00fcl\u00fcn t\u0259rc\u00fcm\u0259sind\u0259 Sergey Dovlatovun \u201cAriel\u201d hekay\u0259si d\u0259rc edilib.<\/p>\n<p>Yaz\u0131\u00e7\u0131-publisist Nadir Yal\u00e7\u0131n\u0131n tan\u0131nm\u0131\u015f \u015fair Baba V\u0259ziro\u011flu il\u0259 m\u00fcsahib\u0259si d\u0259 jurnal\u0131n iyun n\u00f6mr\u0259sind\u0259 yer al\u0131b.<\/p>\n<p>Jurnalda \u0130lham Abbasovun \u201cNobel\u201d \u00fczr\u0259 \u0259d\u0259biyyat m\u00fckafatlar\u0131 laureatlar\u0131ndan Andre Jidin h\u0259yat v\u0259 yarad\u0131c\u0131l\u0131\u011f\u0131ndan b\u0259hs ed\u0259n \u201cCuhud\u201d soyadl\u0131 frans\u0131z yaz\u0131\u00e7\u0131s\u0131\u201d adl\u0131 m\u0259qal\u0259si d\u0259rc olunub.<\/p>\n<p>\u201cG\u0259nc yazarlar \u00fc\u00e7\u00fcn ustad d\u0259rsl\u0259ri\u201dnin n\u00f6vb\u0259ti m\u00f6vzusu \u201cXorxe Borxesin \u201cD\u00f6rd d\u00f6vr\u0259si\u201d bar\u0259d\u0259 olub. Bak\u0131 D\u00f6vl\u0259t Universitetinin Az\u0259rbaycan \u0259d\u0259biyyat\u0131 kafedras\u0131n\u0131n dosenti M\u0259ti Osmano\u011flu s\u00f6z\u00fcged\u0259n esseni \u015f\u0259rh edib.<\/p>\n<p>\u0130yunun \u201cTribuna\u201ds\u0131nda filologiya elml\u0259ri doktoru Vaqif Yusiflidir. \u201cYeni \u0259d\u0259bi n\u0259sil\u201d ba\u015fl\u0131ql\u0131 yaz\u0131s\u0131nda o, \u00fcmumi m\u0259nz\u0259r\u0259y\u0259 n\u0259z\u0259r sal\u0131b, iki mininci ill\u0259rin \u0259n g\u0259nc n\u00fcmay\u0259nd\u0259l\u0259rind\u0259n b\u0259hs edib.<\/p>\n<p>\u201cD\u0259rgid\u0259 kitab\u201dda \u0130lham\u0259 Nasirin q\u0259l\u0259m n\u00fcmun\u0259l\u0259ri i\u015f\u0131q \u00fcz\u00fc g\u00f6r\u00fcb.<\/p>\n<p>\u201cD\u0259rgid\u0259 s\u0259rgi\u201dd\u0259 is\u0259 Sumqay\u0131t \u015f\u0259h\u0259ri 11 n\u00f6mr\u0259li tam orta m\u0259kt\u0259bin 5-ci sinif \u015fagirdi F\u0259rid\u0259 C\u0259f\u0259rovan\u0131n r\u0259sml\u0259ri \u0259ksini tap\u0131b.<\/p>\n<p>M\u0259nb\u0259: &#8220;\u018fd\u0259biyyat q\u0259zeti&#8221;<\/p>\n<p>https:\/\/youtube.com\/shorts\/PXdPiHXXevA?si=R6P12Ksq8T8kqY6U<\/p>\n<p class=\"bawpvc-ajax-counter\" data-id=\"19938\">Yaz\u0131ya 43 d\u0259f\u0259 bax\u0131l\u0131b<\/p>\n","protected":false},"excerpt":{"rendered":"<p>\u201cUlduz\u201d \u0259d\u0259biyyat jurnal\u0131 iyun n\u00f6mr\u0259sind\u0259 oxucular\u0131n\u0131n g\u00f6r\u00fc\u015f\u00fcn\u0259 yeni t\u0259qdimatda g\u0259lib. D\u0259rginin \u00fcz qab\u0131\u011f\u0131, m\u00fcnd\u0259ricat\u0131ndan tutmu\u015f son s\u0259hif\u0259sin\u0259 q\u0259d\u0259r dizayn\u0131nda d\u0259yi\u015fiklik olunub. \u201cUlduz\u201dun yeni dizayn\u0131 T\u00fcrkiy\u0259d\u0259 haz\u0131rlan\u0131b, n\u00f6vb\u0259ti n\u00f6mr\u0259l\u0259r d\u0259 eyni qaydada t\u0259rtib edil\u0259c\u0259k. \u201cUlduz\u201d jurnal\u0131n\u0131n ba\u015f redaktoru, \u018fm\u0259kdar jurnalist, \u015fair Qulu A\u011fs\u0259s daha bir yeni t\u0259\u015f\u0259bb\u00fcs\u00fcn realla\u015fmas\u0131n\u0131n g\u00f6zl\u0259nildiyini bildirib. Bel\u0259 ki, Ankarada \u00e7ap olunan \u201cG\u0259nc [&hellip;]<\/p>\n","protected":false},"author":1,"featured_media":0,"comment_status":"closed","ping_status":"closed","sticky":false,"template":"","format":"standard","meta":[],"categories":[3,21],"tags":[],"_links":{"self":[{"href":"https:\/\/kultur.az\/index.php?rest_route=\/wp\/v2\/posts\/19938"}],"collection":[{"href":"https:\/\/kultur.az\/index.php?rest_route=\/wp\/v2\/posts"}],"about":[{"href":"https:\/\/kultur.az\/index.php?rest_route=\/wp\/v2\/types\/post"}],"author":[{"embeddable":true,"href":"https:\/\/kultur.az\/index.php?rest_route=\/wp\/v2\/users\/1"}],"replies":[{"embeddable":true,"href":"https:\/\/kultur.az\/index.php?rest_route=%2Fwp%2Fv2%2Fcomments&post=19938"}],"version-history":[{"count":2,"href":"https:\/\/kultur.az\/index.php?rest_route=\/wp\/v2\/posts\/19938\/revisions"}],"predecessor-version":[{"id":19941,"href":"https:\/\/kultur.az\/index.php?rest_route=\/wp\/v2\/posts\/19938\/revisions\/19941"}],"wp:attachment":[{"href":"https:\/\/kultur.az\/index.php?rest_route=%2Fwp%2Fv2%2Fmedia&parent=19938"}],"wp:term":[{"taxonomy":"category","embeddable":true,"href":"https:\/\/kultur.az\/index.php?rest_route=%2Fwp%2Fv2%2Fcategories&post=19938"},{"taxonomy":"post_tag","embeddable":true,"href":"https:\/\/kultur.az\/index.php?rest_route=%2Fwp%2Fv2%2Ftags&post=19938"}],"curies":[{"name":"wp","href":"https:\/\/api.w.org\/{rel}","templated":true}]}}