{"id":20395,"date":"2024-11-21T18:59:35","date_gmt":"2024-11-21T14:59:35","guid":{"rendered":"https:\/\/kultur.az\/?p=20395"},"modified":"2024-11-21T18:59:35","modified_gmt":"2024-11-21T14:59:35","slug":"s%c9%99hid-s%c9%99xav%c9%99t-alim-oglu-h%c9%99s%c9%99novun-ail%c9%99si-il%c9%99-gorus-kecirib","status":"publish","type":"post","link":"https:\/\/kultur.az\/?p=20395","title":{"rendered":"\u015e\u0259hid S\u0259xav\u0259t Alim o\u011flu H\u0259s\u0259novun ail\u0259si il\u0259 g\u00f6r\u00fc\u015f ke\u00e7irib"},"content":{"rendered":"<p><a href=\"https:\/\/kultur.az\/wp-content\/uploads\/2024\/11\/WhatsApp-Image-2024-11-21-at-18.34.55-1.jpeg\"><img decoding=\"async\" loading=\"lazy\" class=\"aligncenter size-medium wp-image-20396\" src=\"https:\/\/kultur.az\/wp-content\/uploads\/2024\/11\/WhatsApp-Image-2024-11-21-at-18.34.55-1-300x200.jpeg\" alt=\"\" width=\"300\" height=\"200\" srcset=\"https:\/\/kultur.az\/wp-content\/uploads\/2024\/11\/WhatsApp-Image-2024-11-21-at-18.34.55-1-300x200.jpeg 300w, https:\/\/kultur.az\/wp-content\/uploads\/2024\/11\/WhatsApp-Image-2024-11-21-at-18.34.55-1-1024x682.jpeg 1024w, https:\/\/kultur.az\/wp-content\/uploads\/2024\/11\/WhatsApp-Image-2024-11-21-at-18.34.55-1-768x512.jpeg 768w, https:\/\/kultur.az\/wp-content\/uploads\/2024\/11\/WhatsApp-Image-2024-11-21-at-18.34.55-1-1536x1023.jpeg 1536w, https:\/\/kultur.az\/wp-content\/uploads\/2024\/11\/WhatsApp-Image-2024-11-21-at-18.34.55-1.jpeg 1600w\" sizes=\"(max-width: 300px) 100vw, 300px\" \/><\/a>Da\u015fk\u0259s\u0259n Regional M\u0259d\u0259niyy\u0259t \u0130dar\u0259si G\u0259nc\u0259 \u015f\u0259h\u0259r Heyd\u0259r \u018fliyev M\u0259rk\u0259zi v\u0259 M\u0259rk\u0259zl\u0259\u015fdirilmi\u015f Kitabxana Sisteminin 16 n\u00f6mr\u0259li kitabxana filial\u0131 \u201cV\u0259t\u0259ni can\u0131ndan uca tutanlar\u201d m\u00f6vzusunda II Qaraba\u011f &#8211; V\u0259t\u0259n m\u00fcharib\u0259sinin \u015f\u0259hidi S\u0259xav\u0259t Alim o\u011flu H\u0259s\u0259novun ail\u0259si il\u0259 g\u00f6r\u00fc\u015f ke\u00e7irib.<br \/>\nT\u0259dbird\u0259 \u015f\u0259hidin ail\u0259 \u00fczvl\u0259ri, dostlar\u0131, \u015e\u0259hid analar\u0131, \u015e\u0259hidin ibtidai sinif m\u00fc\u0259llimi, Az\u0259rbaycan V\u0259t\u0259n M\u00fcharib\u0259si Veteranlar\u0131 \u0130ctimai Birliyinin G\u0259nc\u0259 \u015f\u0259h\u0259r T\u0259\u015fkilat\u0131n\u0131n s\u0259dri, II Qaraba\u011f &#8211; V\u0259t\u0259n m\u00fcharib\u0259sinin qazisi, Az\u0259rbaycan Respublikas\u0131 Qaraba\u011f Qazil\u0259r Birliyinin G\u0259nc\u0259 filial\u0131n\u0131n s\u0259dri, 1 sayl\u0131 G\u0259nc\u0259 Regional &#8220;ASAN xidm\u0259t&#8221; M\u0259rk\u0259zinin k\u00f6n\u00fcll\u00fcl\u0259ri, \u0130nsan H\u00fcquqlar\u0131n\u0131n M\u00fcdafi\u0259si v\u0259 Ekologiyan\u0131n M\u00fchafiz\u0259si M\u0259rk\u0259zinin s\u0259dri, \u201cBookzone\u201d kitab evinin t\u0259sis\u00e7isi, Ticar\u0259t v\u0259 Xidm\u0259t \u00fczr\u0259 G\u0259nc\u0259 D\u00f6vl\u0259t Pe\u015f\u0259 T\u0259hsil M\u0259rk\u0259zinin m\u00fc\u0259llimi, G\u0259nc\u0259 \u015f\u0259h\u0259r Mir C\u0259lal Pa\u015fayev ad\u0131na 39 n\u00f6mr\u0259li m\u0259kt\u0259bin m\u00fc\u0259llim v\u0259 \u015fagirdl\u0259ri i\u015ftirak edibl\u0259r.<\/p>\n<p><a href=\"https:\/\/kultur.az\/wp-content\/uploads\/2024\/11\/WhatsApp-Image-2024-11-21-at-18.34.55-1.jpeg\"><img decoding=\"async\" loading=\"lazy\" class=\"aligncenter size-medium wp-image-20396\" src=\"https:\/\/kultur.az\/wp-content\/uploads\/2024\/11\/WhatsApp-Image-2024-11-21-at-18.34.55-1-300x200.jpeg\" alt=\"\" width=\"300\" height=\"200\" srcset=\"https:\/\/kultur.az\/wp-content\/uploads\/2024\/11\/WhatsApp-Image-2024-11-21-at-18.34.55-1-300x200.jpeg 300w, https:\/\/kultur.az\/wp-content\/uploads\/2024\/11\/WhatsApp-Image-2024-11-21-at-18.34.55-1-1024x682.jpeg 1024w, https:\/\/kultur.az\/wp-content\/uploads\/2024\/11\/WhatsApp-Image-2024-11-21-at-18.34.55-1-768x512.jpeg 768w, https:\/\/kultur.az\/wp-content\/uploads\/2024\/11\/WhatsApp-Image-2024-11-21-at-18.34.55-1-1536x1023.jpeg 1536w, https:\/\/kultur.az\/wp-content\/uploads\/2024\/11\/WhatsApp-Image-2024-11-21-at-18.34.55-1.jpeg 1600w\" sizes=\"(max-width: 300px) 100vw, 300px\" \/><\/a> <a href=\"https:\/\/kultur.az\/wp-content\/uploads\/2024\/11\/WhatsApp-Image-2024-11-21-at-18.34.55-2.jpeg\"><img decoding=\"async\" loading=\"lazy\" class=\"aligncenter size-medium wp-image-20397\" src=\"https:\/\/kultur.az\/wp-content\/uploads\/2024\/11\/WhatsApp-Image-2024-11-21-at-18.34.55-2-300x200.jpeg\" alt=\"\" width=\"300\" height=\"200\" \/><\/a><\/p>\n<p class=\"bawpvc-ajax-counter\" data-id=\"20395\">Yaz\u0131ya 17 d\u0259f\u0259 bax\u0131l\u0131b<\/p>\n","protected":false},"excerpt":{"rendered":"<p>Da\u015fk\u0259s\u0259n Regional M\u0259d\u0259niyy\u0259t \u0130dar\u0259si G\u0259nc\u0259 \u015f\u0259h\u0259r Heyd\u0259r \u018fliyev M\u0259rk\u0259zi v\u0259 M\u0259rk\u0259zl\u0259\u015fdirilmi\u015f Kitabxana Sisteminin 16 n\u00f6mr\u0259li kitabxana filial\u0131 \u201cV\u0259t\u0259ni can\u0131ndan uca tutanlar\u201d m\u00f6vzusunda II Qaraba\u011f &#8211; V\u0259t\u0259n m\u00fcharib\u0259sinin \u015f\u0259hidi S\u0259xav\u0259t Alim o\u011flu H\u0259s\u0259novun ail\u0259si il\u0259 g\u00f6r\u00fc\u015f ke\u00e7irib. T\u0259dbird\u0259 \u015f\u0259hidin ail\u0259 \u00fczvl\u0259ri, dostlar\u0131, \u015e\u0259hid analar\u0131, \u015e\u0259hidin ibtidai sinif m\u00fc\u0259llimi, Az\u0259rbaycan V\u0259t\u0259n M\u00fcharib\u0259si Veteranlar\u0131 \u0130ctimai Birliyinin G\u0259nc\u0259 \u015f\u0259h\u0259r [&hellip;]<\/p>\n","protected":false},"author":1,"featured_media":20396,"comment_status":"closed","ping_status":"closed","sticky":false,"template":"","format":"standard","meta":[],"categories":[4,30],"tags":[],"_links":{"self":[{"href":"https:\/\/kultur.az\/index.php?rest_route=\/wp\/v2\/posts\/20395"}],"collection":[{"href":"https:\/\/kultur.az\/index.php?rest_route=\/wp\/v2\/posts"}],"about":[{"href":"https:\/\/kultur.az\/index.php?rest_route=\/wp\/v2\/types\/post"}],"author":[{"embeddable":true,"href":"https:\/\/kultur.az\/index.php?rest_route=\/wp\/v2\/users\/1"}],"replies":[{"embeddable":true,"href":"https:\/\/kultur.az\/index.php?rest_route=%2Fwp%2Fv2%2Fcomments&post=20395"}],"version-history":[{"count":1,"href":"https:\/\/kultur.az\/index.php?rest_route=\/wp\/v2\/posts\/20395\/revisions"}],"predecessor-version":[{"id":20399,"href":"https:\/\/kultur.az\/index.php?rest_route=\/wp\/v2\/posts\/20395\/revisions\/20399"}],"wp:featuredmedia":[{"embeddable":true,"href":"https:\/\/kultur.az\/index.php?rest_route=\/wp\/v2\/media\/20396"}],"wp:attachment":[{"href":"https:\/\/kultur.az\/index.php?rest_route=%2Fwp%2Fv2%2Fmedia&parent=20395"}],"wp:term":[{"taxonomy":"category","embeddable":true,"href":"https:\/\/kultur.az\/index.php?rest_route=%2Fwp%2Fv2%2Fcategories&post=20395"},{"taxonomy":"post_tag","embeddable":true,"href":"https:\/\/kultur.az\/index.php?rest_route=%2Fwp%2Fv2%2Ftags&post=20395"}],"curies":[{"name":"wp","href":"https:\/\/api.w.org\/{rel}","templated":true}]}}