{"id":20838,"date":"2025-03-04T17:32:13","date_gmt":"2025-03-04T13:32:13","guid":{"rendered":"https:\/\/kultur.az\/?p=20838"},"modified":"2025-03-04T17:34:21","modified_gmt":"2025-03-04T13:34:21","slug":"urfan-%c9%99li-75-ehtiram-ilham-yazir","status":"publish","type":"post","link":"https:\/\/kultur.az\/?p=20838","title":{"rendered":"URFAN \u018fL\u0130 &#8211; 75 &#8211; Ehtiram \u0130lham yaz\u0131r&#8230;"},"content":{"rendered":"<div class=\"xdj266r x11i5rnm xat24cr x1mh8g0r x1vvkbs x126k92a\">\n<div dir=\"auto\"><a href=\"https:\/\/kultur.az\/wp-content\/uploads\/2025\/03\/481670283_2537945116397580_123605294059678360_n.jpg\"><img decoding=\"async\" loading=\"lazy\" class=\"aligncenter size-medium wp-image-20839\" src=\"https:\/\/kultur.az\/wp-content\/uploads\/2025\/03\/481670283_2537945116397580_123605294059678360_n-300x300.jpg\" alt=\"\" width=\"300\" height=\"300\" \/><\/a>Bu g\u00fcn \u00e7a\u011fda\u015f saz s\u0259n\u0259tinin sonuncu mogikan\u0131, b\u00f6y\u00fck s\u0259n\u0259tkar, a\u015f\u0131q \u018fli Quliyevin do\u011fum g\u00fcn\u00fcd\u00fcr.<\/div>\n<\/div>\n<div class=\"x11i5rnm xat24cr x1mh8g0r x1vvkbs xtlvy1s x126k92a\">\n<div dir=\"auto\">O, \u00f6z parlaq yarad\u0131c\u0131l\u0131\u011f\u0131 il\u0259 ad\u0131n\u0131 Az\u0259rbaycan a\u015f\u0131q-ozan s\u0259n\u0259tinin \u018fmrah G\u00fclm\u0259mm\u0259dov, Mikay\u0131l Azafl\u0131, H\u00fcseyn Saracl\u0131, Kamandar \u018ff\u0259ndiyev, \u018fdal\u0259t N\u0259sibov, Xanlar M\u0259h\u0259rr\u0259mov kimi azmanlar\u0131yla bir s\u0131raya yazd\u0131r\u0131b. A\u015f\u0131q \u018fli \u00fcnl\u00fc s\u0259n\u0259tkar olmaqla yana\u015f\u0131 h\u0259m d\u0259 klassik v\u0259 urfan \u0259d\u0259biyyat\u0131n\u0131n d\u0259rin bilicisi v\u0259 y\u00fcks\u0259k poetik n\u00fcmun\u0259l\u0259r yaradan tan\u0131nm\u0131\u015f el \u015fairidir.<\/div>\n<\/div>\n<div class=\"x11i5rnm xat24cr x1mh8g0r x1vvkbs xtlvy1s x126k92a\">\n<div dir=\"auto\">Ustadlar ustad\u0131 a\u015f\u0131q \u018fdal\u0259tin ad\u0131 g\u0259l\u0259nd\u0259 &#8220;Yan\u0131q K\u0259r\u0259mi&#8221;, Cilli M\u00fcseyib xat\u0131rlananda &#8220;Orta Sar\u0131tel&#8221; v\u0259 A\u015f\u0131q Xanlar deyi\u0259nd\u0259 &#8221; Ba\u015f Sar\u0131tel&#8221; yada d\u00fc\u015fd\u00fcy\u00fc kimi, Urfan \u018flinin ismi \u00e7\u0259kil\u0259n kimi &#8220;Dilq\u0259mi&#8221; havasl a\u011f\u0131la g\u0259lir.<\/div>\n<\/div>\n<div class=\"x11i5rnm xat24cr x1mh8g0r x1vvkbs xtlvy1s x126k92a\">\n<div dir=\"auto\">\u00d6mr\u00fcn\u00fcn m\u00fcdrik \u00e7a\u011f\u0131n\u0131 ya\u015fayan \u0259ziz ustad son ill\u0259rd\u0259 s\u0259hh\u0259tind\u0259 yaranan probleml\u0259rl\u0259 ba\u011fl\u0131 bir az a\u011fr\u0131-ac\u0131 ya\u015famal\u0131 oldu. \u00c7ox \u015f\u00fck\u00fcr ki, art\u0131q h\u0259r \u015fey arxada qal\u0131b v\u0259 \u018fli \u0259mi art\u0131q \u00f6z\u00fcn\u00fc \u00e7ox g\u00fcmrah hiss edir.<\/div>\n<div dir=\"auto\">Tutiy\u0259 kimi baxd\u0131\u011f\u0131m\u0131z \u0259ziz Urfan \u018flinin &#8211; ustad \u018fli Quliyevin yeni ya\u015f\u0131 qutlu olsun! \u018fn b\u00f6y\u00fck t\u0259brikl\u0259r d\u0259, arzu v\u0259 ist\u0259kl\u0259r d\u0259 bu g\u00fcn onun ad\u0131na, onun \u00fcnvan\u0131nad\u0131r.<\/div>\n<div dir=\"auto\">Can\u0131 sa\u011flam, i\u015fl\u0259ri avand, k\u00f6nl\u00fc xo\u015f, \u00fcr\u0259yi is\u0259 h\u0259r zamank\u0131 kimi dopdolu olsun.<\/div>\n<\/div>\n<div class=\"x11i5rnm xat24cr x1mh8g0r x1vvkbs xtlvy1s x126k92a\">\n<div dir=\"auto\">Ustad \u018fli Quliyevin bu g\u00f6z\u0259l yubiley ya\u015f\u0131n\u0131 \u00e7oxdannan yaz\u0131lan bir \u015feirl\u0259 qutlay\u0131ram.<\/div>\n<\/div>\n<div class=\"x11i5rnm xat24cr x1mh8g0r x1vvkbs xtlvy1s x126k92a\">\n<div dir=\"auto\">.<\/div>\n<div dir=\"auto\">Saz\u0131n \u00fcst\u0259, s\u00f6z\u00fcn \u00fcst\u0259<\/div>\n<div dir=\"auto\">Balas\u0131t\u0259k \u0259s\u0259n baba.<\/div>\n<div dir=\"auto\">\u00d6z\u00fc burda, \u00f6tk\u0259m ruhu<\/div>\n<div dir=\"auto\">Tarixl\u0259rd\u0259 g\u0259z\u0259n baba.<\/div>\n<div dir=\"auto\">.<\/div>\n<\/div>\n<div class=\"x11i5rnm xat24cr x1mh8g0r x1vvkbs xtlvy1s x126k92a\">\n<div dir=\"auto\">Ocaq \u00e7atar l\u00f6y\u00fcn-l\u00f6y\u00fcn,<\/div>\n<div dir=\"auto\">At\u0259\u015finin odu yeyin.<\/div>\n<div dir=\"auto\">\u00d6z \u0259liyl\u0259 \u00f6z taleyin<\/div>\n<div dir=\"auto\">\u00d6z q\u0259d\u0259rin yazan baba.<\/div>\n<div dir=\"auto\">.<\/div>\n<\/div>\n<div class=\"x11i5rnm xat24cr x1mh8g0r x1vvkbs xtlvy1s x126k92a\">\n<div dir=\"auto\">Sevdas\u0131ndan durmaz geri,<\/div>\n<div dir=\"auto\">Yaxar g\u00f6y\u00fc, tutar yeri.<\/div>\n<div dir=\"auto\">Yol adlay\u0131b \u0259yri-\u0259yri,<\/div>\n<div dir=\"auto\">D\u00fczc\u0259 yolda azan baba.<\/div>\n<div dir=\"auto\">.<\/div>\n<\/div>\n<div class=\"x11i5rnm xat24cr x1mh8g0r x1vvkbs xtlvy1s x126k92a\">\n<div dir=\"auto\">Qara saz\u0131 bir sirr olan,<\/div>\n<div dir=\"auto\">Qara saz\u0131yla bir olan.<\/div>\n<div dir=\"auto\">&#8220;Dilq\u0259mi&#8221;y\u0259 yesir olan<\/div>\n<div dir=\"auto\">A\u015f\u0131q \u018fli &#8211; Ozan baba!<\/div>\n<\/div>\n<div dir=\"auto\">.<\/div>\n<div dir=\"auto\">\n<p>P.S. Urfan \u018flinin 75 illiyin\u0259 h\u0259sr olunan yubiley t\u0259dbiri mart\u0131n 18-d\u0259 ke\u00e7iril\u0259c\u0259k. &#8220;D\u0259d\u0259 \u018fl\u0259sg\u0259r Oca\u011f\u0131&#8221;n\u0131n \u00e7ox d\u0259y\u0259rli v\u0259 \u0259ziz r\u0259hb\u0259rl\u0259ri <span class=\"html-span xdj266r x11i5rnm xat24cr x1mh8g0r xexx8yu x4uap5 x18d9i69 xkhd6sd x1hl2dhg x16tdsg8 x1vvkbs\"><a class=\"x1i10hfl xjbqb8w x1ejq31n xd10rxx x1sy0etr x17r0tee x972fbf xcfux6l x1qhh985 xm0m39n x9f619 x1ypdohk xt0psk2 xe8uvvx xdj266r x11i5rnm xat24cr x1mh8g0r xexx8yu x4uap5 x18d9i69 xkhd6sd x16tdsg8 x1hl2dhg xggy1nq x1a2a7pz xkrqix3 x1sur9pj x1fey0fg x1s688f\" tabindex=\"0\" role=\"link\" href=\"https:\/\/www.facebook.com\/xetai.eleskerli?__cft__[0]=AZWnNLpzOxYk1B8Yld8HeqpWqKhRpj2VxQwvA09-EGkbUgBe2oq9L-h2OxPWPDLUTm6dkpca8c7kBXZxn42_Px0ZKR_VhG3FP9onBfuSJpk2xJeMIvNTiTVabgoVl1GN4WXjtwOJzC91OU3jfr5I6k0e0VyTGPegx8_-Uamyb2p21A&amp;__tn__=-]K-R\"><span class=\"xt0psk2\">X\u0259tai \u018fl\u0259sg\u0259rli<\/span><\/a><\/span> v\u0259 R\u0259\u015fid S\u00fcleymanovun t\u0259\u015f\u0259bb\u00fcs\u00fc v\u0259 r\u0259hb\u0259rliyi ba\u015f tutacaq yubiley gec\u0259si R\u0259\u015fid Behbudov ad\u0131na Mahn\u0131 Teatr\u0131nda saat 18.00-da ba\u015flayacaq.<\/p>\n<div dir=\"auto\"><\/div>\n<\/div>\n<p class=\"bawpvc-ajax-counter\" data-id=\"20838\">Yaz\u0131ya 56 d\u0259f\u0259 bax\u0131l\u0131b<\/p>\n","protected":false},"excerpt":{"rendered":"<p>Bu g\u00fcn \u00e7a\u011fda\u015f saz s\u0259n\u0259tinin sonuncu mogikan\u0131, b\u00f6y\u00fck s\u0259n\u0259tkar, a\u015f\u0131q \u018fli Quliyevin do\u011fum g\u00fcn\u00fcd\u00fcr. O, \u00f6z parlaq yarad\u0131c\u0131l\u0131\u011f\u0131 il\u0259 ad\u0131n\u0131 Az\u0259rbaycan a\u015f\u0131q-ozan s\u0259n\u0259tinin \u018fmrah G\u00fclm\u0259mm\u0259dov, Mikay\u0131l Azafl\u0131, H\u00fcseyn Saracl\u0131, Kamandar \u018ff\u0259ndiyev, \u018fdal\u0259t N\u0259sibov, Xanlar M\u0259h\u0259rr\u0259mov kimi azmanlar\u0131yla bir s\u0131raya yazd\u0131r\u0131b. A\u015f\u0131q \u018fli \u00fcnl\u00fc s\u0259n\u0259tkar olmaqla yana\u015f\u0131 h\u0259m d\u0259 klassik v\u0259 urfan \u0259d\u0259biyyat\u0131n\u0131n d\u0259rin bilicisi v\u0259 [&hellip;]<\/p>\n","protected":false},"author":1,"featured_media":0,"comment_status":"closed","ping_status":"closed","sticky":false,"template":"","format":"standard","meta":[],"categories":[4,3,21],"tags":[],"_links":{"self":[{"href":"https:\/\/kultur.az\/index.php?rest_route=\/wp\/v2\/posts\/20838"}],"collection":[{"href":"https:\/\/kultur.az\/index.php?rest_route=\/wp\/v2\/posts"}],"about":[{"href":"https:\/\/kultur.az\/index.php?rest_route=\/wp\/v2\/types\/post"}],"author":[{"embeddable":true,"href":"https:\/\/kultur.az\/index.php?rest_route=\/wp\/v2\/users\/1"}],"replies":[{"embeddable":true,"href":"https:\/\/kultur.az\/index.php?rest_route=%2Fwp%2Fv2%2Fcomments&post=20838"}],"version-history":[{"count":3,"href":"https:\/\/kultur.az\/index.php?rest_route=\/wp\/v2\/posts\/20838\/revisions"}],"predecessor-version":[{"id":20842,"href":"https:\/\/kultur.az\/index.php?rest_route=\/wp\/v2\/posts\/20838\/revisions\/20842"}],"wp:attachment":[{"href":"https:\/\/kultur.az\/index.php?rest_route=%2Fwp%2Fv2%2Fmedia&parent=20838"}],"wp:term":[{"taxonomy":"category","embeddable":true,"href":"https:\/\/kultur.az\/index.php?rest_route=%2Fwp%2Fv2%2Fcategories&post=20838"},{"taxonomy":"post_tag","embeddable":true,"href":"https:\/\/kultur.az\/index.php?rest_route=%2Fwp%2Fv2%2Ftags&post=20838"}],"curies":[{"name":"wp","href":"https:\/\/api.w.org\/{rel}","templated":true}]}}