{"id":20945,"date":"2025-04-18T18:33:09","date_gmt":"2025-04-18T14:33:09","guid":{"rendered":"https:\/\/kultur.az\/?p=20945"},"modified":"2025-04-18T18:40:11","modified_gmt":"2025-04-18T14:40:11","slug":"%c9%99li-urfan-qaldi-t%c9%99k-seir","status":"publish","type":"post","link":"https:\/\/kultur.az\/?p=20945","title":{"rendered":"\u018fli \u00dcrfan &#8211; &#8220;Qald\u0131&#8221; (t\u0259k \u015feir)"},"content":{"rendered":"<p><a href=\"https:\/\/kultur.az\/wp-content\/uploads\/2025\/04\/images-1.jpg\"><img decoding=\"async\" loading=\"lazy\" class=\"aligncenter size-full wp-image-20947\" src=\"https:\/\/kultur.az\/wp-content\/uploads\/2025\/04\/images-1.jpg\" alt=\"\" width=\"259\" height=\"194\" srcset=\"https:\/\/kultur.az\/wp-content\/uploads\/2025\/04\/images-1.jpg 259w, https:\/\/kultur.az\/wp-content\/uploads\/2025\/04\/images-1-75x55.jpg 75w, https:\/\/kultur.az\/wp-content\/uploads\/2025\/04\/images-1-180x135.jpg 180w\" sizes=\"(max-width: 259px) 100vw, 259px\" \/><\/a>\u015eirin xatir\u0259li ke\u00e7\u0259n g\u00fcnl\u0259rim<\/p>\n<p>G\u00f6r\u0259n hans\u0131 \u00e7\u00f6l\u00fcn d\u00fcz\u00fcnd\u0259 qald\u0131?<\/p>\n<p>B\u0259lk\u0259 b\u00fclb\u00fcll\u0259rin xo\u015f n\u0259\u011fm\u0259sind\u0259,<\/p>\n<p>Yoxsa ceyranlar\u0131n izind\u0259 qald\u0131.<\/p>\n<p>&nbsp;<\/p>\n<p>Bu al\u0259m g\u00f6z\u00fcmd\u0259 mara\u011fa d\u00f6nd\u00fc,<\/p>\n<p>Ya\u015f m\u0259ni budayan yara\u011fa d\u00f6nd\u00fc,<\/p>\n<p>\u0130lk e\u015fqim \u00fcnvans\u0131z sora\u011fa d\u00f6nd\u00fc<\/p>\n<p>Bir g\u00f6z\u0259l af\u0259tin \u00fcz\u00fcnd\u0259 qald\u0131.<\/p>\n<p>&nbsp;<\/p>\n<p>Ay \u018fli, \u00f6m\u00fcrd\u0259n bitdi o g\u00fcnl\u0259r,<\/p>\n<p>Bir q\u0131z\u0131l z\u0259r idi, itdi o g\u00fcnl\u0259r,<\/p>\n<p>M\u0259n\u0259 bir od qoyub getdi o g\u00fcnl\u0259r,<\/p>\n<p>At\u0259\u015fi q\u0259lbimin k\u00f6z\u00fcnd\u0259 qald\u0131.<\/p>\n<p class=\"bawpvc-ajax-counter\" data-id=\"20945\">Yaz\u0131ya 110 d\u0259f\u0259 bax\u0131l\u0131b<\/p>\n","protected":false},"excerpt":{"rendered":"<p>\u015eirin xatir\u0259li ke\u00e7\u0259n g\u00fcnl\u0259rim G\u00f6r\u0259n hans\u0131 \u00e7\u00f6l\u00fcn d\u00fcz\u00fcnd\u0259 qald\u0131? B\u0259lk\u0259 b\u00fclb\u00fcll\u0259rin xo\u015f n\u0259\u011fm\u0259sind\u0259, Yoxsa ceyranlar\u0131n izind\u0259 qald\u0131. &nbsp; Bu al\u0259m g\u00f6z\u00fcmd\u0259 mara\u011fa d\u00f6nd\u00fc, Ya\u015f m\u0259ni budayan yara\u011fa d\u00f6nd\u00fc, \u0130lk e\u015fqim \u00fcnvans\u0131z sora\u011fa d\u00f6nd\u00fc Bir g\u00f6z\u0259l af\u0259tin \u00fcz\u00fcnd\u0259 qald\u0131. &nbsp; Ay \u018fli, \u00f6m\u00fcrd\u0259n bitdi o g\u00fcnl\u0259r, Bir q\u0131z\u0131l z\u0259r idi, itdi o g\u00fcnl\u0259r, M\u0259n\u0259 bir od [&hellip;]<\/p>\n","protected":false},"author":1,"featured_media":20947,"comment_status":"closed","ping_status":"closed","sticky":false,"template":"","format":"standard","meta":[],"categories":[15,28,3],"tags":[],"_links":{"self":[{"href":"https:\/\/kultur.az\/index.php?rest_route=\/wp\/v2\/posts\/20945"}],"collection":[{"href":"https:\/\/kultur.az\/index.php?rest_route=\/wp\/v2\/posts"}],"about":[{"href":"https:\/\/kultur.az\/index.php?rest_route=\/wp\/v2\/types\/post"}],"author":[{"embeddable":true,"href":"https:\/\/kultur.az\/index.php?rest_route=\/wp\/v2\/users\/1"}],"replies":[{"embeddable":true,"href":"https:\/\/kultur.az\/index.php?rest_route=%2Fwp%2Fv2%2Fcomments&post=20945"}],"version-history":[{"count":2,"href":"https:\/\/kultur.az\/index.php?rest_route=\/wp\/v2\/posts\/20945\/revisions"}],"predecessor-version":[{"id":20949,"href":"https:\/\/kultur.az\/index.php?rest_route=\/wp\/v2\/posts\/20945\/revisions\/20949"}],"wp:featuredmedia":[{"embeddable":true,"href":"https:\/\/kultur.az\/index.php?rest_route=\/wp\/v2\/media\/20947"}],"wp:attachment":[{"href":"https:\/\/kultur.az\/index.php?rest_route=%2Fwp%2Fv2%2Fmedia&parent=20945"}],"wp:term":[{"taxonomy":"category","embeddable":true,"href":"https:\/\/kultur.az\/index.php?rest_route=%2Fwp%2Fv2%2Fcategories&post=20945"},{"taxonomy":"post_tag","embeddable":true,"href":"https:\/\/kultur.az\/index.php?rest_route=%2Fwp%2Fv2%2Ftags&post=20945"}],"curies":[{"name":"wp","href":"https:\/\/api.w.org\/{rel}","templated":true}]}}