{"id":20968,"date":"2025-04-22T10:28:34","date_gmt":"2025-04-22T06:28:34","guid":{"rendered":"https:\/\/kultur.az\/?p=20968"},"modified":"2025-04-22T10:29:42","modified_gmt":"2025-04-22T06:29:42","slug":"%c9%99dal%c9%99t-partiyasi-ali-m%c9%99clisinin-b%c9%99yanti","status":"publish","type":"post","link":"https:\/\/kultur.az\/?p=20968","title":{"rendered":"\u018fdal\u0259t Partiyas\u0131 Ali M\u0259clisinin b\u0259yant\u0131"},"content":{"rendered":"<p><a href=\"https:\/\/kultur.az\/wp-content\/uploads\/2025\/04\/\u0259dal\u0259t-partiyasi.png\"><img decoding=\"async\" loading=\"lazy\" class=\"aligncenter size-medium wp-image-20969\" src=\"https:\/\/kultur.az\/wp-content\/uploads\/2025\/04\/\u0259dal\u0259t-partiyasi-300x300.png\" alt=\"\" width=\"300\" height=\"300\" srcset=\"https:\/\/kultur.az\/wp-content\/uploads\/2025\/04\/\u0259dal\u0259t-partiyasi-300x300.png 300w, https:\/\/kultur.az\/wp-content\/uploads\/2025\/04\/\u0259dal\u0259t-partiyasi-150x150.png 150w, https:\/\/kultur.az\/wp-content\/uploads\/2025\/04\/\u0259dal\u0259t-partiyasi.png 498w\" sizes=\"(max-width: 300px) 100vw, 300px\" \/><\/a>\u018fdal\u0259t Partiyas\u0131 Siyasi \u015euras\u0131n\u0131n q\u0259rar\u0131na \u0259sas\u0259n aprelin 19-da Ali M\u0259clisin n\u00f6vb\u0259ti iclas\u0131 ke\u00e7irilmi\u015fdir. Ali M\u0259clisin r\u0259hb\u0259rliyind\u0259 t\u0259msil olunan bir ne\u00e7\u0259 \u015f\u0259xsin \u0259vv\u0259lc\u0259d\u0259n planla\u015fd\u0131r\u0131lm\u0131\u015f \u015f\u0259kild\u0259 Nizamnam\u0259 t\u0259l\u0259bl\u0259rini pozaraq, \u015f\u0259xsi maraqlar\u0131 namin\u0259\u00a0 Siyasi \u015euran\u0131n q\u0259rar\u0131na etinas\u0131zl\u0131q, partiya \u00fczvl\u0259rin\u0259 is\u0259 h\u00f6rm\u0259tsizlik g\u00f6st\u0259r\u0259r\u0259k, iclasda i\u015ftirak etm\u0259m\u0259si, bununla da Qurultay\u0131n \u00e7a\u011f\u0131r\u0131lmas\u0131 q\u0259rar\u0131n\u0131 pozma\u011fa \u00e7al\u0131\u015fmas\u0131 t\u0259\u0259ss\u00fcf do\u011furur.<\/p>\n<p>Ali M\u0259clis \u00fczvl\u0259ri \u00e7ox t\u0259\u0259ss\u00fcfl\u0259 bildirirl\u0259r ki, partiyan\u0131n siyasi simas\u0131n\u0131n z\u0259d\u0259l\u0259nm\u0259sin\u0259, ideoloji platformas\u0131n\u0131n, etik v\u0259 \u0259xlaqi d\u0259y\u0259rl\u0259rinin \u0259leyhin\u0259 \u00e7\u0131xan bu \u015f\u0259xsl\u0259r iclas\u0131n ba\u015f tutmamas\u0131 \u00fc\u00e7\u00fcn m\u0259qs\u0259dy\u00f6nl\u00fc i\u015f aparm\u0131\u015f, sa\u011flam m\u00fcbariz\u0259 aparmaq yolunu se\u00e7m\u0259kd\u0259ns\u0259, gec\u0259 ik\u0259n partiyan\u0131n m\u0259rk\u0259zi q\u0259rargah\u0131n\u0131n qap\u0131s\u0131n\u0131n kilidini d\u0259yi\u015fm\u0259kl\u0259 iclas\u0131n ba\u015f tutmas\u0131na mane olma\u011fa \u00e7al\u0131\u015fm\u0131\u015flar. T\u0259bii ki, onlar\u0131n bu qanunsuz \u0259m\u0259ll\u0259ri, Ali M\u0259clisin iclas\u0131n\u0131n ke\u00e7irilm\u0259sin\u0259 mane ola bilm\u0259di, \u0259ksin\u0259, M\u0259clis \u00fczvl\u0259rinin 86 faizi (56 Rayon T\u0259\u015fkilat\u0131ndan 50 n\u0259f\u0259r v\u0259 qurultayda se\u00e7ilmi\u015f \u00fczvl\u0259rd\u0259n 6 n\u0259f\u0259r) iclasda i\u015ftirak ed\u0259r\u0259k \u018fdal\u0259t Partiyas\u0131n\u0131n IX Qurultay\u0131n\u0131n 17 may 2025-ci il tarixind\u0259 ke\u00e7irilm\u0259si bar\u0259d\u0259 yekdillikl\u0259 q\u0259rar q\u0259bul etmi\u015fdir.<\/p>\n<p>Ali M\u0259clis \u00e7oxminli partiya \u00fczvl\u0259rin\u0259 qar\u015f\u0131 bir ne\u00e7\u0259 \u015f\u0259xsin say\u011f\u0131s\u0131z h\u0259r\u0259k\u0259tl\u0259rini partiyadaxili siyasi m\u00fcnasib\u0259tl\u0259r\u0259, h\u0259mkarl\u0131\u011fa, ideoloji birliy\u0259 zidd add\u0131m say\u0131r v\u0259 bunun yolverilm\u0259z oldu\u011funu b\u0259yan edir. Partiya daxilind\u0259 b\u00fct\u00fcn davran\u0131\u015flar\u0131n partiya nizamnam\u0259si, qanunvericiliy\u0259 v\u0259 milli-m\u0259n\u0259vi, \u0259xlaqi d\u0259y\u0259rl\u0259r\u0259 uy\u011fun qurulmas\u0131n\u0131n alternativi olmad\u0131\u011f\u0131n\u0131 bildirir.<\/p>\n<p>Ali M\u0259clis partiyada t\u0259msil olunan h\u0259r k\u0259si iddialar\u0131n\u0131 Nizamnam\u0259y\u0259 uy\u011fun olaraq t\u0259min etm\u0259k \u00fc\u00e7\u00fcn laz\u0131m\u0131 prosedurlara \u0259m\u0259l etm\u0259y\u0259 \u00e7a\u011f\u0131r\u0131r.<\/p>\n<p>Ali M\u0259clis b\u0259yan edir ki, art\u0131q qurultaya haz\u0131rl\u0131q \u00fczr\u0259 T\u0259\u015fkilat Komit\u0259si se\u00e7ilib v\u0259 partiyan\u0131n b\u00fct\u00fcn strukturlar\u0131n\u0131n s\u0259lahiyy\u0259tl\u0259ri ona verilib. Buna g\u00f6r\u0259 d\u0259 Ali M\u0259clis \u00fczvl\u0259ri r\u0259hb\u0259rlikd\u0259 t\u0259msil olunan v\u0259 pozuculuqla m\u0259\u015f\u011ful olan bir ne\u00e7\u0259 \u015f\u0259xsi, el\u0259c\u0259 d\u0259 X\u0259z\u0259r v\u0259 X\u0259tai rayon t\u0259\u015fkilatlar\u0131n\u0131n s\u0259drl\u0259rini partiyadaxili h\u0259mr\u0259yliy\u0259 \u00e7a\u011f\u0131r\u0131r, partiyan\u0131n qurultay\u0131nda i\u015ftirak etm\u0259kl\u0259, \u00f6z t\u0259klifl\u0259rini v\u0259 namiz\u0259dl\u0259rini ir\u0259li s\u00fcrm\u0259k h\u00fcququna malik olduqlar\u0131n\u0131 bildirir.<\/p>\n<p>Ali M\u0259clis \u018fdal\u0259t Partiyas\u0131n\u0131n yarad\u0131c\u0131s\u0131 v\u0259 ilk s\u0259dri, h\u00fcquq elml\u0259ri doktoru \u0130lyas \u0130smay\u0131lovun siyasi irsinin, ideoloji bax\u0131\u015flar\u0131n\u0131n davam\u00e7\u0131s\u0131 olaraq h\u0259r k\u0259si, o c\u00fcml\u0259d\u0259n, yalan\u00e7\u0131 v\u0259dl\u0259rl\u0259 aldad\u0131lmaqda olan bir ne\u00e7\u0259 partiya \u00fczv\u00fcn\u00fc s\u0259hv yoldan d\u00f6nm\u0259y\u0259, partiyan\u0131n inki\u015faf\u0131na d\u0259st\u0259k verm\u0259y\u0259, qayda-qanunlar\u0131, Nizamnam\u0259 t\u0259l\u0259bl\u0259rini pozmaqdan \u00e7\u0259kinm\u0259y\u0259, partiyan\u0131n birliyini qoruma\u011fa v\u0259 h\u0259r bir situasiyada \u0259dal\u0259tli olma\u011fa \u00e7a\u011f\u0131r\u0131r.<\/p>\n<p>&nbsp;<\/p>\n<p>&nbsp;<\/p>\n<p class=\"bawpvc-ajax-counter\" data-id=\"20968\">Yaz\u0131ya 17 d\u0259f\u0259 bax\u0131l\u0131b<\/p>\n","protected":false},"excerpt":{"rendered":"<p>\u018fdal\u0259t Partiyas\u0131 Siyasi \u015euras\u0131n\u0131n q\u0259rar\u0131na \u0259sas\u0259n aprelin 19-da Ali M\u0259clisin n\u00f6vb\u0259ti iclas\u0131 ke\u00e7irilmi\u015fdir. Ali M\u0259clisin r\u0259hb\u0259rliyind\u0259 t\u0259msil olunan bir ne\u00e7\u0259 \u015f\u0259xsin \u0259vv\u0259lc\u0259d\u0259n planla\u015fd\u0131r\u0131lm\u0131\u015f \u015f\u0259kild\u0259 Nizamnam\u0259 t\u0259l\u0259bl\u0259rini pozaraq, \u015f\u0259xsi maraqlar\u0131 namin\u0259\u00a0 Siyasi \u015euran\u0131n q\u0259rar\u0131na etinas\u0131zl\u0131q, partiya \u00fczvl\u0259rin\u0259 is\u0259 h\u00f6rm\u0259tsizlik g\u00f6st\u0259r\u0259r\u0259k, iclasda i\u015ftirak etm\u0259m\u0259si, bununla da Qurultay\u0131n \u00e7a\u011f\u0131r\u0131lmas\u0131 q\u0259rar\u0131n\u0131 pozma\u011fa \u00e7al\u0131\u015fmas\u0131 t\u0259\u0259ss\u00fcf do\u011furur. Ali M\u0259clis \u00fczvl\u0259ri \u00e7ox [&hellip;]<\/p>\n","protected":false},"author":1,"featured_media":20969,"comment_status":"closed","ping_status":"closed","sticky":false,"template":"","format":"standard","meta":[],"categories":[10],"tags":[],"_links":{"self":[{"href":"https:\/\/kultur.az\/index.php?rest_route=\/wp\/v2\/posts\/20968"}],"collection":[{"href":"https:\/\/kultur.az\/index.php?rest_route=\/wp\/v2\/posts"}],"about":[{"href":"https:\/\/kultur.az\/index.php?rest_route=\/wp\/v2\/types\/post"}],"author":[{"embeddable":true,"href":"https:\/\/kultur.az\/index.php?rest_route=\/wp\/v2\/users\/1"}],"replies":[{"embeddable":true,"href":"https:\/\/kultur.az\/index.php?rest_route=%2Fwp%2Fv2%2Fcomments&post=20968"}],"version-history":[{"count":1,"href":"https:\/\/kultur.az\/index.php?rest_route=\/wp\/v2\/posts\/20968\/revisions"}],"predecessor-version":[{"id":20970,"href":"https:\/\/kultur.az\/index.php?rest_route=\/wp\/v2\/posts\/20968\/revisions\/20970"}],"wp:featuredmedia":[{"embeddable":true,"href":"https:\/\/kultur.az\/index.php?rest_route=\/wp\/v2\/media\/20969"}],"wp:attachment":[{"href":"https:\/\/kultur.az\/index.php?rest_route=%2Fwp%2Fv2%2Fmedia&parent=20968"}],"wp:term":[{"taxonomy":"category","embeddable":true,"href":"https:\/\/kultur.az\/index.php?rest_route=%2Fwp%2Fv2%2Fcategories&post=20968"},{"taxonomy":"post_tag","embeddable":true,"href":"https:\/\/kultur.az\/index.php?rest_route=%2Fwp%2Fv2%2Ftags&post=20968"}],"curies":[{"name":"wp","href":"https:\/\/api.w.org\/{rel}","templated":true}]}}