{"id":20971,"date":"2025-04-23T17:06:49","date_gmt":"2025-04-23T13:06:49","guid":{"rendered":"https:\/\/kultur.az\/?p=20971"},"modified":"2025-04-23T17:06:49","modified_gmt":"2025-04-23T13:06:49","slug":"gunel-natiqin-yeni-kitabi-capdan-cixib","status":"publish","type":"post","link":"https:\/\/kultur.az\/?p=20971","title":{"rendered":"G\u00fcnel Natiqin yeni kitab\u0131 \u00e7apdan \u00e7\u0131x\u0131b"},"content":{"rendered":"<p><strong><a href=\"https:\/\/kultur.az\/wp-content\/uploads\/2025\/04\/image_750x_68078593ccdf3.jpg\"><img decoding=\"async\" loading=\"lazy\" class=\"aligncenter size-medium wp-image-20972\" src=\"https:\/\/kultur.az\/wp-content\/uploads\/2025\/04\/image_750x_68078593ccdf3-300x169.jpg\" alt=\"\" width=\"300\" height=\"169\" \/><\/a>&#8220;G\u00f6z\u0259l g\u00fcnl\u0259r namin\u0259&#8221; adl\u0131 kitab\u0131n imza g\u00fcn\u00fc olacaq<\/strong><\/p>\n<p>Yaz\u0131\u00e7\u0131 G\u00fcnel Natiqin &#8220;G\u00f6z\u0259l g\u00fcnl\u0259r namin\u0259&#8221; adl\u0131 kitab\u0131 n\u0259\u015fr olunub.<\/p>\n<p>Kitabda m\u00fc\u0259llifin son ill\u0259rd\u0259 q\u0259l\u0259m\u0259 ald\u0131\u011f\u0131 povest v\u0259 hekay\u0259l\u0259r toplan\u0131b. \u018fs\u0259rl\u0259rd\u0259 insan ruhunun d\u0259rinlikl\u0259rin\u0259 en\u0259n yaz\u0131\u00e7\u0131, oxucunu yalq\u0131zl\u0131q, m\u0259n\u0259vi b\u00f6hranlar v\u0259 daxili ziddiyy\u0259tl\u0259rl\u0259 \u00fcz-\u00fcz\u0259 qoyur. G\u00fcnel Natiqin yaratd\u0131\u011f\u0131 obrazlar h\u0259yatiliyi v\u0259 inand\u0131r\u0131c\u0131l\u0131\u011f\u0131 il\u0259 se\u00e7ilir, bu da oxucunu insan psixologiyas\u0131n\u0131 daha d\u0259rind\u0259n d\u0259rk etm\u0259y\u0259 s\u00f6vq edir.<\/p>\n<p>Kitab\u0131n imza g\u00fcn\u00fc 26 aprel 2025-ci il tarixind\u0259, saat 14:00-da &#8220;Qanun&#8221; n\u0259\u015friyyat\u0131nda ba\u015f tutacaq. \u018fd\u0259biyyatsev\u0259rl\u0259r, yaz\u0131\u00e7\u0131n\u0131n dostlar\u0131 v\u0259 oxucular t\u0259dbir\u0259 d\u0259v\u0259tlidir. Giri\u015f s\u0259rb\u0259stdir.<\/p>\n<p class=\"bawpvc-ajax-counter\" data-id=\"20971\">Yaz\u0131ya 22 d\u0259f\u0259 bax\u0131l\u0131b<\/p>\n","protected":false},"excerpt":{"rendered":"<p>&#8220;G\u00f6z\u0259l g\u00fcnl\u0259r namin\u0259&#8221; adl\u0131 kitab\u0131n imza g\u00fcn\u00fc olacaq Yaz\u0131\u00e7\u0131 G\u00fcnel Natiqin &#8220;G\u00f6z\u0259l g\u00fcnl\u0259r namin\u0259&#8221; adl\u0131 kitab\u0131 n\u0259\u015fr olunub. Kitabda m\u00fc\u0259llifin son ill\u0259rd\u0259 q\u0259l\u0259m\u0259 ald\u0131\u011f\u0131 povest v\u0259 hekay\u0259l\u0259r toplan\u0131b. \u018fs\u0259rl\u0259rd\u0259 insan ruhunun d\u0259rinlikl\u0259rin\u0259 en\u0259n yaz\u0131\u00e7\u0131, oxucunu yalq\u0131zl\u0131q, m\u0259n\u0259vi b\u00f6hranlar v\u0259 daxili ziddiyy\u0259tl\u0259rl\u0259 \u00fcz-\u00fcz\u0259 qoyur. G\u00fcnel Natiqin yaratd\u0131\u011f\u0131 obrazlar h\u0259yatiliyi v\u0259 inand\u0131r\u0131c\u0131l\u0131\u011f\u0131 il\u0259 se\u00e7ilir, bu da oxucunu [&hellip;]<\/p>\n","protected":false},"author":1,"featured_media":0,"comment_status":"closed","ping_status":"closed","sticky":false,"template":"","format":"standard","meta":[],"categories":[20,3,21],"tags":[],"_links":{"self":[{"href":"https:\/\/kultur.az\/index.php?rest_route=\/wp\/v2\/posts\/20971"}],"collection":[{"href":"https:\/\/kultur.az\/index.php?rest_route=\/wp\/v2\/posts"}],"about":[{"href":"https:\/\/kultur.az\/index.php?rest_route=\/wp\/v2\/types\/post"}],"author":[{"embeddable":true,"href":"https:\/\/kultur.az\/index.php?rest_route=\/wp\/v2\/users\/1"}],"replies":[{"embeddable":true,"href":"https:\/\/kultur.az\/index.php?rest_route=%2Fwp%2Fv2%2Fcomments&post=20971"}],"version-history":[{"count":1,"href":"https:\/\/kultur.az\/index.php?rest_route=\/wp\/v2\/posts\/20971\/revisions"}],"predecessor-version":[{"id":20973,"href":"https:\/\/kultur.az\/index.php?rest_route=\/wp\/v2\/posts\/20971\/revisions\/20973"}],"wp:attachment":[{"href":"https:\/\/kultur.az\/index.php?rest_route=%2Fwp%2Fv2%2Fmedia&parent=20971"}],"wp:term":[{"taxonomy":"category","embeddable":true,"href":"https:\/\/kultur.az\/index.php?rest_route=%2Fwp%2Fv2%2Fcategories&post=20971"},{"taxonomy":"post_tag","embeddable":true,"href":"https:\/\/kultur.az\/index.php?rest_route=%2Fwp%2Fv2%2Ftags&post=20971"}],"curies":[{"name":"wp","href":"https:\/\/api.w.org\/{rel}","templated":true}]}}