{"id":21136,"date":"2025-06-24T18:56:10","date_gmt":"2025-06-24T14:56:10","guid":{"rendered":"https:\/\/kultur.az\/?p=21136"},"modified":"2025-06-24T18:56:10","modified_gmt":"2025-06-24T14:56:10","slug":"sozd%c9%99-allaha-inam-%c9%99m%c9%99ld%c9%99-seytana-xidm%c9%99t","status":"publish","type":"post","link":"https:\/\/kultur.az\/?p=21136","title":{"rendered":"S\u00d6ZD\u018f ALLAHA \u0130NAM, \u018fM\u018fLD\u018f \u015eEYTANA X\u0130DM\u018fT"},"content":{"rendered":"<p><strong>\u00a0\u00a0\u00a0\u00a0\u00a0\u00a0\u00a0\u00a0\u00a0\u00a0\u00a0\u00a0\u00a0\u00a0\u00a0\u00a0\u00a0\u00a0\u00a0\u00a0\u00a0\u00a0\u00a0\u00a0\u00a0\u00a0\u00a0\u00a0\u00a0 <a href=\"https:\/\/kultur.az\/wp-content\/uploads\/2025\/06\/isgal.jpg\"><img decoding=\"async\" loading=\"lazy\" class=\"aligncenter size-medium wp-image-21137\" src=\"https:\/\/kultur.az\/wp-content\/uploads\/2025\/06\/isgal-300x300.jpg\" alt=\"\" width=\"300\" height=\"300\" \/><\/a> \u0130randa Az\u0259rbaycan v\u0259 fars dill\u0259rind\u0259 n\u0259\u015fr olunan<\/strong><\/p>\n<p><strong><em>\u00a0\u00a0\u00a0\u00a0\u00a0\u00a0\u00a0\u00a0\u00a0\u00a0\u00a0\u00a0\u00a0\u00a0\u00a0\u00a0\u00a0\u00a0\u00a0\u00a0\u00a0\u00a0\u00a0\u00a0\u00a0\u00a0\u00a0\u00a0\u00a0\u00a0\u00a0\u00a0\u00a0\u00a0 \u201cXudaf\u0259rin\u201d d\u0259rgisinin\u00a0 ba\u015f redaktoru<\/em><\/strong><\/p>\n<p><strong><em>\u00a0\u00a0\u00a0\u00a0\u00a0\u00a0\u00a0\u00a0\u00a0\u00a0\u00a0\u00a0\u00a0\u00a0\u00a0\u00a0\u00a0\u00a0\u00a0\u00a0\u00a0\u00a0\u00a0\u00a0\u00a0\u00a0\u00a0\u00a0\u00a0\u00a0\u00a0\u00a0\u00a0\u00a0\u00a0 H\u00fcseyn \u015e\u0259rqi SOYT\u00dcRK\u018f<\/em><\/strong><\/p>\n<p>&nbsp;<\/p>\n<p>H\u00f6rm\u0259tli H\u00fcseyn b\u0259y!<\/p>\n<p>\u00dcr\u0259k a\u011fr\u0131s\u0131 il\u0259 yaz\u0131rsan ki, \u00a0\u0130srail ordusu T\u0259brizd\u0259 iki azya\u015fl\u0131 u\u015fa\u011f\u0131 \u00f6ld\u00fcrd\u00fc. 7 ya\u015fl\u0131 \u2014 Taha B\u0259hruzi v\u0259 \u018fli\u015fan Cabbari\u2026 \u00a0S\u0259nin a\u011fr\u0131n m\u0259nim a\u011fr\u0131md\u0131r qarda\u015f! \u00a01 il 8 ay \u0259rzind\u0259 \u0130srailin davaml\u0131 hava h\u00fccumlar\u0131n n\u0259tic\u0259sind\u0259\u00a0 Q\u0259zza zola\u011f\u0131nda 17.000-\u0259 yax\u0131n u\u015faq \u00f6l\u00fcb. Amma <strong>BMT<\/strong>-nin g\u00f6z\u00fc KOR, qula\u011f\u0131 KARDIR\u2026 Allah\u0131n bir <strong>AH\u018fNG <\/strong>\u00fcst\u00fcnd\u0259 k\u00f6kl\u0259diyi bu D\u00dcNYANIN YA\u015eAM ritmini <strong>B\u018fND\u018fN\u0130N <\/strong>\u00a0\u00a0k\u00f6kd\u0259n salmas\u0131, \u00f6z\u00fcnd\u0259n z\u0259ifl\u0259rin l\u0259yaq\u0259tini tapdalamas\u0131, n\u0259hay\u0259t h\u0259r xalq\u0131n g\u0259l\u0259c\u0259yi olan u\u015faqlar\u0131n q\u0259tl\u0259 yetrilm\u0259si <strong>B\u018f\u015e\u018fR\u0130 <\/strong>cinay\u0259tdir.<\/p>\n<p>S\u0259nin t\u0259brinc\u0259 des\u0259m, <strong>ORTA DO\u011eU<\/strong> odlu-alovlu\u00a0 <strong>K\u018fL\u018fF<\/strong> i\u00e7ind\u0259dir. M\u00fcs\u0259lman xalqalr\u0131n\u0131n \u00a0\u00e7abalamas\u0131n\u0131n\u00a0 <strong>SSENAR\u0130\u00a0 m\u00fc\u0259llifi \u00a0\u0259slind\u0259 AB\u015e-d\u0131r.<\/strong> A\u011fl\u0131 ba\u015f\u0131nda olan<strong> D\u00d6VL\u018fT (v\u0259 onun R\u018fHB\u018fR\u0130) \u00a0<\/strong>dinind\u0259n, dilind\u0259n, mill\u0259tind\u0259n as\u0131l\u0131 olmayaraq \u00a0g\u00fcnahs\u0131z <strong>\u0130NSANLARIN \u00a0qan\u0131n\u0131 t\u00f6km\u0259z<\/strong>!.. Vaxtil\u0259 d\u00fcnya AB\u015e-\u0131n u\u015faq oyuncaqlar\u0131n\u0131n i\u00e7in\u0259 partlay\u0131c\u0131 madd\u0259l\u0259r qoyub badamg\u00f6zlu, koreyal\u0131, vyetnaml\u0131 k\u00f6rp\u0259l\u0259r\u0259 t\u0259yyar\u0259d\u0259n <strong>&#8220;h\u0259diyy\u0259\u201d <\/strong>kimi atark\u0259n nec\u0259 r\u0259hmsiz <strong>d\u00f6vl\u0259t <\/strong>oldu\u011funa \u015fahid olmu\u015fdu. B\u0259\u015f\u0259r tarixind\u0259 \u00a0ilk\u00a0 d\u0259f\u0259 atom bombalar\u0131n\u0131<strong> Yaponiyan\u0131n Hiro\u015fima v\u0259 Naqasaki \u015f\u0259h\u0259rl\u0259rin\u0259\u00a0 <\/strong>m\u0259hz <strong>AB\u015e<\/strong> atm\u0131\u015fd\u0131\u2026<\/p>\n<p>Bir ne\u00e7\u0259 g\u00fcnd\u0259n sonra &#8211; iyulun 4-d\u0259 AB\u015e-\u0131n <strong>249 ya\u015f\u0131 <\/strong>tamam olacaq! Yarand\u0131\u011f\u0131 g\u00fcnd\u0259n b\u0259ri t\u0259qrib\u0259n irili-x\u0131rdal\u0131 <strong>220-y\u0259 yax\u0131n m\u00fcharib\u0259<\/strong> aparan <strong>AB\u015e \u00a0(el\u0259c\u0259 d\u0259 AB\u015e-\u0131n 51-ci \u015ftat\u0131 \u00a0\u201csay\u0131lan\u201d\u0130srail) <\/strong>insan qan\u0131 t\u00f6km\u0259y\u0259 \u0259yl\u0259nc\u0259 kimi bax\u0131r. Dilind\u0259 s\u00fclh, demokratiya \u015f\u00fcar\u0131, \u0259m\u0259lind\u0259 hegemonculuq, qoculuq, cahangirlik iddias\u0131 var AB\u015e-\u0131n&#8230; <strong>\u00a0&#8220;M\u00fctl\u0259q g\u00fcc\u00fcn simvolu\u201d <\/strong>olan<strong> \u0259skinaslar\u0131n &#8211;<\/strong> dollar\u0131n \u00fcst\u00fcnd\u0259 <strong>&#8220;IN GOD WE TRUST\u201d<\/strong> \u2013 <strong>&#8220;Biz Allaha inan\u0131r\u0131q\u201d<\/strong> yazd\u0131rsa da, <strong>A\u011f EVin<\/strong> s\u00f6zd\u0259 m\u0259l\u0259k, i\u015fd\u0259 k\u0259l\u0259k sahibl\u0259rinin \u00e7oxu \u00a0<strong>\u015eeytana<\/strong> qulluq edibl\u0259r. Kimi dollar\u0131n \u00fcz\u0259rind\u0259 <strong>Mason Lojas\u0131n\u0131n<\/strong>, kimi is\u0259 <strong>satanizmin<\/strong> simvollar\u0131n\u0131n h\u0259kk olundu\u011funu deyir. <strong>NATO, D\u00fcnya Bank\u0131, Beyn\u0259lxalq Valyuta Fondu, h\u0259tta \u00dcmumd\u00fcnya Sa\u011flaml\u0131q T\u0259\u015fkilat\u0131 v\u0259 s. qurumlar kimi, BMT &#8211; d\u0259<\/strong> AB\u015e-\u0131n dikt\u0259si il\u0259 f\u0259aliyy\u0259t g\u00f6st\u0259rir&#8230; <strong>Hollivudun<\/strong> sava\u015f filml\u0259ri bel\u0259 \u00f6z m\u0259zmununu <strong>A\u011f Evin<\/strong> siyas\u0259tind\u0259n g\u00f6t\u00fcr\u00fcr&#8230;<\/p>\n<p><a href=\"https:\/\/kultur.az\/wp-content\/uploads\/2025\/06\/2-usaq.jpg\"><img decoding=\"async\" loading=\"lazy\" class=\"aligncenter size-medium wp-image-21138\" src=\"https:\/\/kultur.az\/wp-content\/uploads\/2025\/06\/2-usaq-300x300.jpg\" alt=\"\" width=\"300\" height=\"300\" \/><\/a>AB\u015e yegan\u0259 d\u00f6vl\u0259tdir ki, Qaraba\u011fda Az\u0259rbaycan\u0131n tarixi v\u0259 dini abid\u0259l\u0259rini darmada\u011f\u0131n ed\u0259n qondarma &#8220;<strong>Da\u011fl\u0131q Qaraba\u011f Respublikas\u0131<\/strong>&#8220;na 30 il\u0259 yax\u0131n \u00a0maliyy\u0259 d\u0259st\u0259yi g\u00f6st\u0259rdi&#8230; \u00a0Az\u0259rbaycana maliyy\u0259 v\u0259 h\u0259rbi yard\u0131mlara qada\u011fa qoyan <strong>\u201dAzadl\u0131\u011fa d\u0259st\u0259k akt\u0131na&#8221;<\/strong> \u00a0\u0259dal\u0259tsizc\u0259 <strong>907-ci d\u00fcz\u0259li\u015fi<\/strong> etdi\u2026 D\u00fcnyada <strong>\u201c<\/strong><strong>\u043a\u043e\u0433\u0434\u0430 \u0430\u0440\u043c\u044f\u043d\u0438\u043d \u0440\u043e\u0434\u0438\u043b\u0441\u044f, \u0435\u0432\u0440\u0435\u0439 \u0437\u0430\u043f\u043b\u0430\u043a\u0430\u043b<\/strong>\u201d m\u0259s\u0259li d\u0259 t\u0259sas\u00fcfu yaranmay\u0131b. Son hadis\u0259l\u0259r g\u00f6st\u0259rir ki, \u0130sray\u0131l \u00a0<strong>\u201ca\u011fla\u015fma yolu il\u0259\u201d<\/strong> AB\u015e-i ist\u0259diyi <strong>\u201coyuna\u201d<\/strong> c\u0259lb etdi. \u00a0AB\u015e-\u0131n d\u0259mir yumru\u011fu daim Damokl q\u0131l\u0131nc\u0131 kimi \u00a0<strong>\u015e\u018fRQD\u018f<\/strong> m\u00fcs\u0259lmanlar\u0131n ba\u015f\u0131n\u0131n \u00fcstd\u0259 as\u0131l\u0131b&#8230; T\u0259cav\u00fczkar \u0130srail\u0259 d\u0259st\u0259k verm\u0259kl\u0259 AB\u015e \u00a0bu g\u00fcn \u00a0i\u015f\u011fal\u00e7\u0131 Rusiya \u00fc\u00e7\u00fcn <strong>YA\u015eIL<\/strong> i\u015f\u0131q yand\u0131rd\u0131. AB\u015e-\u0131n sehrli dirijor cubu\u011fu il\u0259 q\u0259mli mat\u0259m mar\u015flar\u0131 \u00a0t\u0259kc\u0259 \u00a0\u015e\u0259rqd\u0259 \u00a0deyil, Ukraynada da \u00e7al\u0131n\u0131r. <strong>Qa\u00e7q\u0131nlar\u0131n say\u0131 milyonlar\u0131 \u00f6t\u00fcr.<\/strong> \u00a0Vaxtil\u0259 Ruzvelt, \u00c7\u00f6r\u00e7il v\u0259 Stalin bir araya g\u0259lib d\u00fcnyan\u0131 b\u00fcr\u00fcy\u0259n fa\u015fizm taununun qar\u015f\u0131s\u0131n\u0131 ald\u0131lar. \u0130ndi\u00a0 onalr\u0131n varisl\u0259ri\u00a0 fa\u015fizmin \u0259l-qol a\u00e7mas\u0131na yard\u0131m edirl\u0259r.\u00a0 B\u0259\u015f\u0259riyy\u0259tin ba\u011fr\u0131 minbir yerd\u0259n <strong>\u00c7AT<\/strong> verir&#8230; \u00a0D\u00fcnyan\u0131n \u00a0<strong>H\u018fRB v\u0259 S\u00dcLH<\/strong>\u00a0 acar\u0131 \u00a0t\u0259kc\u0259 <strong>A\u011e EV\u0130N<\/strong> \u0259lind\u0259dir&#8230; \u0130raqda <strong>kimy\u0259vi,<\/strong> \u0130randa<strong> n\u00fcv\u0259<\/strong> silah\u0131 m\u0259s\u0259l\u0259si \u00a0AB\u015e-\u0131n \u0259lind\u0259 b\u0259han\u0259dir.<\/p>\n<p><strong>F\u0259l\u0259stin, \u018ffqan\u0131stan, \u0130raq, Misir, Liviya, Y\u0259m\u0259n, Suriya, \u00a0bu g\u00fcn \u0130ran, sabahsa ba\u015fqa bir m\u00fcs\u0259lman d\u00f6vl\u0259tini h\u0259d\u0259f\u0259 alacaq\u2026 <\/strong>B\u0259li, M\u0259dain x\u0259rab\u0259l\u0259rin\u0259 b\u0259nz\u0259yir m\u00fc\u0259lman d\u00fcnyas\u0131n\u0131n \u00a0b\u00f6y\u00fck \u015f\u0259h\u0259rl\u0259ri, q\u0259rin\u0259l\u0259r boyu tikil\u0259n m\u0259d\u0259ni abid\u0259l\u0259r bir-bir m\u0259hv edilir. <strong>Haz\u0131rda AB\u015e-da Trampa, \u0130saraild\u0259 Netanyahu hakimiyy\u0259tin\u0259, \u0130randa molla rejimin\u0259, Rusiyada Putin\u0259 qar\u015f\u0131 etirazlar dal\u011falar\u0131 var<\/strong>. F\u0259q\u0259t, m\u00fcharib\u0259ni q\u0131z\u0131\u015fd\u0131ran, m\u0259sum u\u015faqlar\u0131n q\u0259tl\u0259 yetirilm\u0259sin\u0259 laqeyd qalan<strong> \u00a0BU S\u0130YAS\u018fT ADAMLARININ \u00a0damarlar\u0131nda insan qan\u0131 yox, iblis qan\u0131 ax\u0131r&#8230; <\/strong><\/p>\n<p><strong>\u00a0\u00a0 <\/strong>\u018fg\u0259r \u0130randa h\u0259d\u0259f dini r\u0259hb\u0259r idis\u0259,\u00a0 ill\u0259rl\u0259 q\u0131l\u0131q d\u0259yi\u015fib <strong>\u018fli Xamenei \u00a0<\/strong>il\u0259 bir m\u0259scidd\u0259 namaz q\u0131lan Mossad \u0259m\u0259kda\u015f<strong>lar\u0131 niy\u0259 onu \u00f6ld\u00fcrm\u00fcrd\u00fcl\u0259r?..<\/strong><\/p>\n<p>Ax\u0131 Bir g\u00fcl\u00fcn <strong>T\u0130KANINI<\/strong> yox ed\u0259rk\u0259n, <strong>KOLUNU<\/strong> k\u00f6k\u00fcnd\u0259n \u00e7\u0131xarmaq t\u0259kc\u0259 T\u0259bi\u0259tin deyil, C\u0259miyy\u0259tin d\u0259 nizam\u0131n\u0131 pozur. Vallah, bir AH\u018fNG \u00fcst\u00fcnd\u0259 Allah\u0131n k\u00f6kl\u0259diyi bu <strong>D\u00dcNYANIN YA\u015eAM<\/strong> ritmini <strong>B\u018fND\u018fN\u0130N <\/strong>\u00a0k\u00f6kd\u0259n salmas\u0131, \u00f6z\u00fcnd\u0259n z\u0259ifl\u0259rin l\u0259yaq\u0259tini tapdalamas\u0131, n\u0259hay\u0259t h\u0259r xalq\u0131n g\u0259l\u0259c\u0259yi olan u\u015faqlar\u0131n q\u0259tl\u0259 yetrilm\u0259si B\u018f\u015e\u018fR\u0130 cinay\u0259tdir.\u00a0 Bu m\u00fcharib\u0259d\u0259 g\u00f6y\u0259 qalxan ah-nal\u0259l\u0259r\u0259 nec\u0259 \u00a0d\u00f6zm\u0259k olar? Allah sizi v\u0259 b\u00fct\u00fcn G\u00dcNEY AZ\u018fRBAYCANDA ya\u015fayan soyda\u015flar\u0131m\u0131z\u0131 qorusun. Qoy bu a\u011f\u0131r, h\u0259y\u0259canl\u0131 g\u00fcnl\u0259r tez ba\u015fa \u00e7ats\u0131n! Amin.<\/p>\n<p>24 iyun &#8211; T\u00dcRKL\u00dcK\u00a0 g\u00fcn\u00fcn\u00fcz m\u00fcbar\u0259k olsun!<\/p>\n<p><strong>\u00a0\u00a0\u00a0\u00a0 Ad\u0131n\u0131za v\u0259 soyad\u0131na h\u00f6rm\u0259tl\u0259,<\/strong><\/p>\n<p><strong>\u00a0\u00a0\u00a0\u00a0\u00a0\u00a0 Nur\u0259ddin \u018fD\u0130LO\u011eLU.\u00a0\u00a0 <\/strong><\/p>\n<p><strong>\u00a0<\/strong><\/p>\n<p><strong>\u00a0<\/strong><\/p>\n<p><strong>\u00a0<\/strong><\/p>\n<p class=\"bawpvc-ajax-counter\" data-id=\"21136\">Yaz\u0131ya 38 d\u0259f\u0259 bax\u0131l\u0131b<\/p>\n","protected":false},"excerpt":{"rendered":"<p>\u00a0\u00a0\u00a0\u00a0\u00a0\u00a0\u00a0\u00a0\u00a0\u00a0\u00a0\u00a0\u00a0\u00a0\u00a0\u00a0\u00a0\u00a0\u00a0\u00a0\u00a0\u00a0\u00a0\u00a0\u00a0\u00a0\u00a0\u00a0\u00a0 \u0130randa Az\u0259rbaycan v\u0259 fars dill\u0259rind\u0259 n\u0259\u015fr olunan \u00a0\u00a0\u00a0\u00a0\u00a0\u00a0\u00a0\u00a0\u00a0\u00a0\u00a0\u00a0\u00a0\u00a0\u00a0\u00a0\u00a0\u00a0\u00a0\u00a0\u00a0\u00a0\u00a0\u00a0\u00a0\u00a0\u00a0\u00a0\u00a0\u00a0\u00a0\u00a0\u00a0\u00a0 \u201cXudaf\u0259rin\u201d d\u0259rgisinin\u00a0 ba\u015f redaktoru \u00a0\u00a0\u00a0\u00a0\u00a0\u00a0\u00a0\u00a0\u00a0\u00a0\u00a0\u00a0\u00a0\u00a0\u00a0\u00a0\u00a0\u00a0\u00a0\u00a0\u00a0\u00a0\u00a0\u00a0\u00a0\u00a0\u00a0\u00a0\u00a0\u00a0\u00a0\u00a0\u00a0\u00a0\u00a0 H\u00fcseyn \u015e\u0259rqi SOYT\u00dcRK\u018f &nbsp; H\u00f6rm\u0259tli H\u00fcseyn b\u0259y! \u00dcr\u0259k a\u011fr\u0131s\u0131 il\u0259 yaz\u0131rsan ki, \u00a0\u0130srail ordusu T\u0259brizd\u0259 iki azya\u015fl\u0131 u\u015fa\u011f\u0131 \u00f6ld\u00fcrd\u00fc. 7 ya\u015fl\u0131 \u2014 Taha B\u0259hruzi v\u0259 \u018fli\u015fan Cabbari\u2026 \u00a0S\u0259nin a\u011fr\u0131n m\u0259nim a\u011fr\u0131md\u0131r qarda\u015f! \u00a01 il 8 ay \u0259rzind\u0259 \u0130srailin davaml\u0131 hava h\u00fccumlar\u0131n [&hellip;]<\/p>\n","protected":false},"author":1,"featured_media":0,"comment_status":"closed","ping_status":"closed","sticky":false,"template":"","format":"standard","meta":[],"categories":[8,5],"tags":[],"_links":{"self":[{"href":"https:\/\/kultur.az\/index.php?rest_route=\/wp\/v2\/posts\/21136"}],"collection":[{"href":"https:\/\/kultur.az\/index.php?rest_route=\/wp\/v2\/posts"}],"about":[{"href":"https:\/\/kultur.az\/index.php?rest_route=\/wp\/v2\/types\/post"}],"author":[{"embeddable":true,"href":"https:\/\/kultur.az\/index.php?rest_route=\/wp\/v2\/users\/1"}],"replies":[{"embeddable":true,"href":"https:\/\/kultur.az\/index.php?rest_route=%2Fwp%2Fv2%2Fcomments&post=21136"}],"version-history":[{"count":1,"href":"https:\/\/kultur.az\/index.php?rest_route=\/wp\/v2\/posts\/21136\/revisions"}],"predecessor-version":[{"id":21139,"href":"https:\/\/kultur.az\/index.php?rest_route=\/wp\/v2\/posts\/21136\/revisions\/21139"}],"wp:attachment":[{"href":"https:\/\/kultur.az\/index.php?rest_route=%2Fwp%2Fv2%2Fmedia&parent=21136"}],"wp:term":[{"taxonomy":"category","embeddable":true,"href":"https:\/\/kultur.az\/index.php?rest_route=%2Fwp%2Fv2%2Fcategories&post=21136"},{"taxonomy":"post_tag","embeddable":true,"href":"https:\/\/kultur.az\/index.php?rest_route=%2Fwp%2Fv2%2Ftags&post=21136"}],"curies":[{"name":"wp","href":"https:\/\/api.w.org\/{rel}","templated":true}]}}