{"id":21191,"date":"2025-07-02T22:27:52","date_gmt":"2025-07-02T18:27:52","guid":{"rendered":"https:\/\/kultur.az\/?p=21191"},"modified":"2025-07-02T22:27:52","modified_gmt":"2025-07-02T18:27:52","slug":"leyla-%c9%99liyevanin-poetik-dunyasi-kitabinin-t%c9%99qdimati-kecirildi","status":"publish","type":"post","link":"https:\/\/kultur.az\/?p=21191","title":{"rendered":"Leyla \u018fliyevan\u0131n poetik d\u00fcnyas\u0131\u201d kitab\u0131n\u0131n t\u0259qdimat\u0131 ke\u00e7irildi"},"content":{"rendered":"<h3 class=\"heading\" style=\"text-align: left;\"><strong><a href=\"https:\/\/kultur.az\/wp-content\/uploads\/2025\/07\/1751478821_3-1.jpeg\"><img decoding=\"async\" loading=\"lazy\" class=\"aligncenter size-medium wp-image-21194\" src=\"https:\/\/kultur.az\/wp-content\/uploads\/2025\/07\/1751478821_3-1-300x200.jpeg\" alt=\"\" width=\"300\" height=\"200\" \/><\/a>\u0130yunun 30-da Az\u0259rbaycan Yaz\u0131\u00e7\u0131lar Birliyi Nat\u0259van klubunda tan\u0131nm\u0131\u015f \u0259d\u0259biyyat\u015f\u00fcnas alim, AMEA-n\u0131n Nizami ad\u0131na \u018fd\u0259biyyat \u0130nstitutunun ba\u015f elmi i\u015f\u00e7isi, filologiya elml\u0259ri doktoru Salid\u0259 \u015e\u0259rifovan\u0131n \u015fair\u0259 Leyla \u018fliyevan\u0131n poeziyas\u0131na\u00a0 h\u0259sr olunmu\u015f \u201cLeyla \u018fliyevan\u0131n poetik d\u00fcnyas\u0131\u201d kitab\u0131n\u0131n t\u0259qdimat\u0131 ke\u00e7irilmi\u015fdir. Ziyal\u0131lar, jurnalistl\u0259r, s\u0259n\u0259t adamlar\u0131n\u0131n qat\u0131ld\u0131\u011f\u0131 t\u0259dbiri giri\u015f s\u00f6z\u00fc il\u0259 a\u00e7an AYB-nin katibi, yaz\u0131\u00e7\u0131-dramaturq \u0130lqar F\u0259hmid\u0259n sonra\u00a0 s\u00f6z alan t\u0259dbirin apar\u0131c\u0131s\u0131, AYB B\u0259dii T\u0259rc\u00fcm\u0259 v\u0259 \u018fd\u0259bi \u018flaq\u0259l\u0259r M\u0259rk\u0259zinin s\u0259dri, t\u0259nqid\u00e7i \u018fs\u0259d Cahangir kitab\u0131n m\u0259ziyy\u0259tl\u0259rini\u00a0 bel\u0259 s\u0259ciyy\u0259l\u0259ndirmi\u015fdir: \u201cBu monoqrafiya filologiya elmimiz\u0259 g\u00f6z\u0259l bir t\u00f6hf\u0259dir. Amma kitab h\u0259m d\u0259 d\u00f6vl\u0259t\u00e7ilik idellar\u0131m\u0131za xidm\u0259t el\u0259yir. Bel\u0259 bir i\u015fi hasil\u0259 g\u0259tirm\u0259k h\u0259m m\u0259suliyy\u0259tli, h\u0259m d\u0259 \u015f\u0259r\u0259flidir. Leyla \u018fliyevan\u0131n poeziyas\u0131n\u0131 h\u0259r\u0259t\u0259r\u0259fli ara\u015fd\u0131rma predmetin\u0259 \u00e7evir\u0259n S.\u015e\u0259rifova\u00a0 onun f\u0259ls\u0259f\u0259si, obrazlar sistemi, b\u0259dii t\u0259svir, dil-\u00fcslub x\u00fcsusiyy\u0259tl\u0259ri, m\u00fcxt\u0259lif dill\u0259r\u0259 t\u0259rc\u00fcm\u0259l\u0259ri bar\u0259d\u0259 m\u00fcasir d\u00fcnya filologiyas\u0131 s\u0259viyy\u0259sind\u0259 s\u00f6z dem\u0259y\u0259 nail olub. \u201cLeyla \u018fliyevan\u0131n poetik d\u00fcnyas\u0131\u201d\u00a0 \u015fair\u0259nin yarad\u0131c\u0131l\u0131\u011f\u0131na ilk monoqrafik yana\u015fmad\u0131r. \u0130nan\u0131ram ki, m\u00fcasir Az\u0259rbaycan filoloji d\u00fc\u015f\u00fcnc\u0259sinin y\u00fcks\u0259k elmi s\u0259viyy\u0259sini b\u00fct\u00fcn geni\u015fliyi il\u0259 ortaya qoyan bu i\u015f h\u0259m Leyla \u018fliyevan\u0131n yarad\u0131c\u0131l\u0131\u011f\u0131, h\u0259m d\u0259 \u00fcmum\u0259n m\u00fcasir poeziyam\u0131z bar\u0259d\u0259 g\u0259l\u0259c\u0259k t\u0259dqiqatlara \u00f6z t\u0259sirini g\u00f6st\u0259r\u0259c\u0259k\u201d T\u0259qdimat m\u0259rasimind\u0259 s\u00f6z alan AMEA-n\u0131n Prezidenti, akademik \u0130sa H\u0259bibb\u0259yli, Atat\u00fcrk M\u0259rk\u0259zinin direktoru Nizami C\u0259f\u0259rov, \u201cV\u018fHD\u018fT\u201d Partiyasinin s\u0259dri Ad\u0259m \u0130smayil Bakuvin\u00a0 adindan\u00a0 n\u00fcmay\u0259nd\u0259 T\u0259rlan\u00a0 \u018fr\u0259bli\u00a0 ,Az\u0259rbaycan Yaz\u0131\u00e7\u0131lar Birliyinin katibi\u00a0 S\u0259lim Babullao\u011flu, AMEA Dil\u00e7ilik \u0130nstitutunun direktoru\u00a0 Nadir M\u0259mm\u0259dli, AMEA-n\u0131n Nizami ad\u0131na \u018fd\u0259biyyat \u0130nstitutunun \u015f\u00f6b\u0259 m\u00fcdiri professor Asif R\u00fcst\u0259mli, kitab\u0131n r\u0259y\u00e7il\u0259ri, AMEA Nizami ad\u0131na \u018fd\u0259biyyat \u0130nstitutunun \u015f\u00f6b\u0259 m\u00fcdiri V\u00fcqar \u018fhm\u0259d v\u0259 filologiya \u00fczr\u0259 f\u0259ls\u0259f\u0259 doktoru M\u00fc\u015ffiq Bor\u00e7al\u0131, AMEA Nizani ad\u0131na \u018fd\u0259biyyat \u0130nstitutunun elmi i\u015fcisi M\u0259nz\u0259r Niyarl\u0131, yaz\u0131\u00e7\u0131lar K\u0259mal\u0259 Abiyeva, N\u00fc\u015fab\u0259 M\u0259mm\u0259dli v\u0259 dig\u0259rl\u0259ri \u00e7\u0131x\u0131\u015f ed\u0259r\u0259k, S.\u015e\u0259rifovan\u0131 bu t\u0259qdir\u0259layiq i\u015fin\u0259 g\u00f6r\u0259 t\u0259brik el\u0259mi\u015f, g\u0259l\u0259c\u0259k f\u0259aliyy\u0259tind\u0259 ona u\u011furlar arzulam\u0131\u015flar.<\/strong><\/h3>\n<p>&nbsp;<\/p>\n<p><a href=\"https:\/\/kultur.az\/wp-content\/uploads\/2025\/07\/1751478950_3.jpg\"><img decoding=\"async\" loading=\"lazy\" class=\"aligncenter size-medium wp-image-21193\" src=\"https:\/\/kultur.az\/wp-content\/uploads\/2025\/07\/1751478950_3-300x217.jpg\" alt=\"\" width=\"300\" height=\"217\" srcset=\"https:\/\/kultur.az\/wp-content\/uploads\/2025\/07\/1751478950_3-300x217.jpg 300w, https:\/\/kultur.az\/wp-content\/uploads\/2025\/07\/1751478950_3-75x55.jpg 75w, https:\/\/kultur.az\/wp-content\/uploads\/2025\/07\/1751478950_3.jpg 720w\" sizes=\"(max-width: 300px) 100vw, 300px\" \/><\/a><\/p>\n<p>&nbsp;<\/p>\n<p class=\"bawpvc-ajax-counter\" data-id=\"21191\">Yaz\u0131ya 372 d\u0259f\u0259 bax\u0131l\u0131b<\/p>\n","protected":false},"excerpt":{"rendered":"<p>\u0130yunun 30-da Az\u0259rbaycan Yaz\u0131\u00e7\u0131lar Birliyi Nat\u0259van klubunda tan\u0131nm\u0131\u015f \u0259d\u0259biyyat\u015f\u00fcnas alim, AMEA-n\u0131n Nizami ad\u0131na \u018fd\u0259biyyat \u0130nstitutunun ba\u015f elmi i\u015f\u00e7isi, filologiya elml\u0259ri doktoru Salid\u0259 \u015e\u0259rifovan\u0131n \u015fair\u0259 Leyla \u018fliyevan\u0131n poeziyas\u0131na\u00a0 h\u0259sr olunmu\u015f \u201cLeyla \u018fliyevan\u0131n poetik d\u00fcnyas\u0131\u201d kitab\u0131n\u0131n t\u0259qdimat\u0131 ke\u00e7irilmi\u015fdir. Ziyal\u0131lar, jurnalistl\u0259r, s\u0259n\u0259t adamlar\u0131n\u0131n qat\u0131ld\u0131\u011f\u0131 t\u0259dbiri giri\u015f s\u00f6z\u00fc il\u0259 a\u00e7an AYB-nin katibi, yaz\u0131\u00e7\u0131-dramaturq \u0130lqar F\u0259hmid\u0259n sonra\u00a0 s\u00f6z alan t\u0259dbirin [&hellip;]<\/p>\n","protected":false},"author":1,"featured_media":0,"comment_status":"closed","ping_status":"closed","sticky":false,"template":"","format":"standard","meta":[],"categories":[20,3,21],"tags":[],"_links":{"self":[{"href":"https:\/\/kultur.az\/index.php?rest_route=\/wp\/v2\/posts\/21191"}],"collection":[{"href":"https:\/\/kultur.az\/index.php?rest_route=\/wp\/v2\/posts"}],"about":[{"href":"https:\/\/kultur.az\/index.php?rest_route=\/wp\/v2\/types\/post"}],"author":[{"embeddable":true,"href":"https:\/\/kultur.az\/index.php?rest_route=\/wp\/v2\/users\/1"}],"replies":[{"embeddable":true,"href":"https:\/\/kultur.az\/index.php?rest_route=%2Fwp%2Fv2%2Fcomments&post=21191"}],"version-history":[{"count":1,"href":"https:\/\/kultur.az\/index.php?rest_route=\/wp\/v2\/posts\/21191\/revisions"}],"predecessor-version":[{"id":21195,"href":"https:\/\/kultur.az\/index.php?rest_route=\/wp\/v2\/posts\/21191\/revisions\/21195"}],"wp:attachment":[{"href":"https:\/\/kultur.az\/index.php?rest_route=%2Fwp%2Fv2%2Fmedia&parent=21191"}],"wp:term":[{"taxonomy":"category","embeddable":true,"href":"https:\/\/kultur.az\/index.php?rest_route=%2Fwp%2Fv2%2Fcategories&post=21191"},{"taxonomy":"post_tag","embeddable":true,"href":"https:\/\/kultur.az\/index.php?rest_route=%2Fwp%2Fv2%2Ftags&post=21191"}],"curies":[{"name":"wp","href":"https:\/\/api.w.org\/{rel}","templated":true}]}}