{"id":21647,"date":"2025-10-18T18:23:58","date_gmt":"2025-10-18T14:23:58","guid":{"rendered":"https:\/\/kultur.az\/?p=21647"},"modified":"2025-10-18T18:23:58","modified_gmt":"2025-10-18T14:23:58","slug":"%c9%99dal%c9%99t-partiyasinda-az%c9%99rbaycanda-coxpartiyali-sistemin-formalasmasi-v%c9%99-bu-sistemd%c9%99-%c9%99dal%c9%99t-partiyasinin-yeri-v%c9%99-rolu-movzusunda-seminar-keciril","status":"publish","type":"post","link":"https:\/\/kultur.az\/?p=21647","title":{"rendered":"\u018fDAL\u018fT PART\u0130YASINDA \u201cAZ\u018fRBAYCANDA \u00c7OXPART\u0130YALI S\u0130STEM\u0130N FORMALA\u015eMASI V\u018f BU S\u0130STEMD\u018f \u018fDAL\u018fT PART\u0130YASININ YER\u0130 V\u018f ROLU\u201d M\u00d6VZUSUNDA SEM\u0130NAR KE\u00c7\u0130R\u0130LD\u0130"},"content":{"rendered":"<p><a href=\"https:\/\/kultur.az\/wp-content\/uploads\/2025\/10\/WhatsApp-Image-2025-10-18-at-17.27.41.jpeg\"><img decoding=\"async\" loading=\"lazy\" class=\"aligncenter size-medium wp-image-21649\" src=\"https:\/\/kultur.az\/wp-content\/uploads\/2025\/10\/WhatsApp-Image-2025-10-18-at-17.27.41-300x226.jpeg\" alt=\"\" width=\"300\" height=\"226\" srcset=\"https:\/\/kultur.az\/wp-content\/uploads\/2025\/10\/WhatsApp-Image-2025-10-18-at-17.27.41-300x226.jpeg 300w, https:\/\/kultur.az\/wp-content\/uploads\/2025\/10\/WhatsApp-Image-2025-10-18-at-17.27.41-1024x771.jpeg 1024w, https:\/\/kultur.az\/wp-content\/uploads\/2025\/10\/WhatsApp-Image-2025-10-18-at-17.27.41-768x578.jpeg 768w, https:\/\/kultur.az\/wp-content\/uploads\/2025\/10\/WhatsApp-Image-2025-10-18-at-17.27.41-1536x1156.jpeg 1536w, https:\/\/kultur.az\/wp-content\/uploads\/2025\/10\/WhatsApp-Image-2025-10-18-at-17.27.41-180x135.jpeg 180w, https:\/\/kultur.az\/wp-content\/uploads\/2025\/10\/WhatsApp-Image-2025-10-18-at-17.27.41.jpeg 1600w\" sizes=\"(max-width: 300px) 100vw, 300px\" \/><\/a>18 oktyabr 2025-ci il tarixind\u0259 \u018fdal\u0259t Partiyas\u0131n\u0131n q\u0259rargah\u0131nda \u201cAz\u0259rbaycanda \u00e7oxpartiyal\u0131 sistemin formala\u015fmas\u0131 v\u0259 bu sistemd\u0259 \u018fdal\u0259t Partiyas\u0131n\u0131n yeri v\u0259 rolu\u201d m\u00f6vzusunda seminar ke\u00e7irilib.<\/p>\n<p>T\u0259dbir Az\u0259rbaycan\u0131n D\u00f6vl\u0259t Himninin s\u0259sl\u0259ndirilm\u0259si il\u0259 ba\u015flay\u0131b. Seminarda Partiyan\u0131n s\u0259dri M\u00fct\u0259llim R\u0259himli, Ali M\u0259clisin s\u0259dri Rahim Nuriyev, Siyasi \u015eura \u00fczvl\u0259ri v\u0259 partiya \u00fczvl\u0259ri, qeyri-h\u00f6kum\u0259t t\u0259\u015fkilatlar\u0131n\u0131n r\u0259hb\u0259rl\u0259ri v\u0259 media n\u00fcmay\u0259nd\u0259l\u0259ri i\u015ftirak edibl\u0259r.<\/p>\n<p>Seminar\u0131n m\u0259ruz\u0259\u00e7isi Rahim Nuriyev \u00e7oxpartiyal\u0131 siyasi sistemin mahiyy\u0259ti, siyasi partiya anlay\u0131\u015f\u0131 v\u0259 onlar\u0131n qurulu\u015f formalar\u0131 bar\u0259d\u0259 \u0259trafl\u0131 m\u0259lumat verib. O, \u018fdal\u0259t Partiyas\u0131n\u0131n yaranma tarixi, f\u0259aliyy\u0259t prinsipl\u0259ri, ideoloji bax\u0131\u015flar\u0131 v\u0259 c\u0259miyy\u0259tin inki\u015faf\u0131nda tutdu\u011fu m\u00f6vqe bar\u0259d\u0259 geni\u015f s\u00f6z a\u00e7\u0131b.<\/p>\n<p>Sonra \u018fdal\u0259t Partiyas\u0131n\u0131n s\u0259dri M\u00fct\u0259llim R\u0259himlinin Partiyan\u0131n IX Qurultay\u0131ndak\u0131 yekun \u00e7\u0131x\u0131\u015f\u0131nda ir\u0259li s\u00fcrd\u00fcy\u00fc f\u0259aliyy\u0259t istiqam\u0259tl\u0259ri bir daha dinl\u0259nilib v\u0259 m\u00fczakir\u0259 edilib.<\/p>\n<p>Seminar\u0131n sonunda Partiyan\u0131n qar\u015f\u0131dak\u0131 d\u00f6vr \u00fc\u00e7\u00fcn \u0259sas h\u0259d\u0259fl\u0259ri \u2013 c\u0259miyy\u0259tin maarifl\u0259ndirilm\u0259si, partiyan\u0131n ideoloji \u0259saslar\u0131n\u0131n t\u0259bli\u011fi, partiya \u00fczvl\u0259rinin f\u0259all\u0131\u011f\u0131n\u0131n art\u0131r\u0131lmas\u0131 v\u0259 ictimai dialoqun geni\u015fl\u0259ndirilm\u0259si kimi istiqam\u0259tl\u0259r d\u0259 m\u00fczakir\u0259 olunub.<\/p>\n<p>Partiyan\u0131n s\u0259dri M\u00fct\u0259llim R\u0259himli yekun s\u00f6z\u00fc s\u00f6yl\u0259y\u0259r\u0259k, t\u0259dbiri y\u00fcks\u0259k qiym\u0259tl\u0259ndirib v\u0259 t\u0259\u015fkilat\u00e7\u0131lara &#8211; \u00a0R.Nuriyev\u0259, E.X\u0259lilova, seminar i\u015ftirak\u00e7\u0131lar\u0131na t\u0259\u015f\u0259kk\u00fcr edib.<\/p>\n<p>\u018fdal\u0259t Partiyas\u0131n\u0131n M\u0259tbuat Xidm\u0259ti<\/p>\n<p><a href=\"https:\/\/kultur.az\/wp-content\/uploads\/2025\/10\/WhatsApp-Image-2025-10-18-at-17.57.05.jpeg\"><img decoding=\"async\" loading=\"lazy\" class=\"aligncenter size-medium wp-image-21650\" src=\"https:\/\/kultur.az\/wp-content\/uploads\/2025\/10\/WhatsApp-Image-2025-10-18-at-17.57.05-300x169.jpeg\" alt=\"\" width=\"300\" height=\"169\" srcset=\"https:\/\/kultur.az\/wp-content\/uploads\/2025\/10\/WhatsApp-Image-2025-10-18-at-17.57.05-300x169.jpeg 300w, https:\/\/kultur.az\/wp-content\/uploads\/2025\/10\/WhatsApp-Image-2025-10-18-at-17.57.05-1024x576.jpeg 1024w, https:\/\/kultur.az\/wp-content\/uploads\/2025\/10\/WhatsApp-Image-2025-10-18-at-17.57.05-768x432.jpeg 768w, https:\/\/kultur.az\/wp-content\/uploads\/2025\/10\/WhatsApp-Image-2025-10-18-at-17.57.05-1536x864.jpeg 1536w, https:\/\/kultur.az\/wp-content\/uploads\/2025\/10\/WhatsApp-Image-2025-10-18-at-17.57.05.jpeg 1600w\" sizes=\"(max-width: 300px) 100vw, 300px\" \/><\/a><\/p>\n<p class=\"bawpvc-ajax-counter\" data-id=\"21647\">Yaz\u0131ya 79 d\u0259f\u0259 bax\u0131l\u0131b<\/p>\n","protected":false},"excerpt":{"rendered":"<p>18 oktyabr 2025-ci il tarixind\u0259 \u018fdal\u0259t Partiyas\u0131n\u0131n q\u0259rargah\u0131nda \u201cAz\u0259rbaycanda \u00e7oxpartiyal\u0131 sistemin formala\u015fmas\u0131 v\u0259 bu sistemd\u0259 \u018fdal\u0259t Partiyas\u0131n\u0131n yeri v\u0259 rolu\u201d m\u00f6vzusunda seminar ke\u00e7irilib. T\u0259dbir Az\u0259rbaycan\u0131n D\u00f6vl\u0259t Himninin s\u0259sl\u0259ndirilm\u0259si il\u0259 ba\u015flay\u0131b. Seminarda Partiyan\u0131n s\u0259dri M\u00fct\u0259llim R\u0259himli, Ali M\u0259clisin s\u0259dri Rahim Nuriyev, Siyasi \u015eura \u00fczvl\u0259ri v\u0259 partiya \u00fczvl\u0259ri, qeyri-h\u00f6kum\u0259t t\u0259\u015fkilatlar\u0131n\u0131n r\u0259hb\u0259rl\u0259ri v\u0259 media n\u00fcmay\u0259nd\u0259l\u0259ri i\u015ftirak edibl\u0259r. Seminar\u0131n [&hellip;]<\/p>\n","protected":false},"author":1,"featured_media":21649,"comment_status":"closed","ping_status":"closed","sticky":false,"template":"","format":"standard","meta":[],"categories":[10],"tags":[],"_links":{"self":[{"href":"https:\/\/kultur.az\/index.php?rest_route=\/wp\/v2\/posts\/21647"}],"collection":[{"href":"https:\/\/kultur.az\/index.php?rest_route=\/wp\/v2\/posts"}],"about":[{"href":"https:\/\/kultur.az\/index.php?rest_route=\/wp\/v2\/types\/post"}],"author":[{"embeddable":true,"href":"https:\/\/kultur.az\/index.php?rest_route=\/wp\/v2\/users\/1"}],"replies":[{"embeddable":true,"href":"https:\/\/kultur.az\/index.php?rest_route=%2Fwp%2Fv2%2Fcomments&post=21647"}],"version-history":[{"count":1,"href":"https:\/\/kultur.az\/index.php?rest_route=\/wp\/v2\/posts\/21647\/revisions"}],"predecessor-version":[{"id":21651,"href":"https:\/\/kultur.az\/index.php?rest_route=\/wp\/v2\/posts\/21647\/revisions\/21651"}],"wp:featuredmedia":[{"embeddable":true,"href":"https:\/\/kultur.az\/index.php?rest_route=\/wp\/v2\/media\/21649"}],"wp:attachment":[{"href":"https:\/\/kultur.az\/index.php?rest_route=%2Fwp%2Fv2%2Fmedia&parent=21647"}],"wp:term":[{"taxonomy":"category","embeddable":true,"href":"https:\/\/kultur.az\/index.php?rest_route=%2Fwp%2Fv2%2Fcategories&post=21647"},{"taxonomy":"post_tag","embeddable":true,"href":"https:\/\/kultur.az\/index.php?rest_route=%2Fwp%2Fv2%2Ftags&post=21647"}],"curies":[{"name":"wp","href":"https:\/\/api.w.org\/{rel}","templated":true}]}}