{"id":21712,"date":"2025-11-07T16:29:38","date_gmt":"2025-11-07T12:29:38","guid":{"rendered":"https:\/\/kultur.az\/?p=21712"},"modified":"2025-11-07T16:37:50","modified_gmt":"2025-11-07T12:37:50","slug":"%c9%99dal%c9%99t-partiyasinin-8-noyabr-z%c9%99f%c9%99r-gunu-il%c9%99-bagli-b%c9%99yanati","status":"publish","type":"post","link":"https:\/\/kultur.az\/?p=21712","title":{"rendered":"\u018fDAL\u018fT PART\u0130YASININ 8 NOYABR \u2013 Z\u018fF\u018fR G\u00dcN\u00dc \u0130L\u018f BA\u011eLI B\u018fYANATI"},"content":{"rendered":"<p><a href=\"https:\/\/kultur.az\/wp-content\/uploads\/2025\/11\/1667855292zefer.jpg\"><img decoding=\"async\" loading=\"lazy\" class=\"aligncenter size-medium wp-image-21716\" src=\"https:\/\/kultur.az\/wp-content\/uploads\/2025\/11\/1667855292zefer-300x205.jpg\" alt=\"\" width=\"300\" height=\"205\" srcset=\"https:\/\/kultur.az\/wp-content\/uploads\/2025\/11\/1667855292zefer-300x205.jpg 300w, https:\/\/kultur.az\/wp-content\/uploads\/2025\/11\/1667855292zefer.jpg 549w\" sizes=\"(max-width: 300px) 100vw, 300px\" \/><\/a>Tariximizin \u0259n \u015fanl\u0131 s\u0259hif\u0259l\u0259rind\u0259n birini \u2014 8 Noyabr \u2013 Z\u0259f\u0259r G\u00fcn\u00fcn\u00fcn 5 illiyini xalq\u0131m\u0131z bu g\u00fcn b\u00f6y\u00fck q\u00fcrur v\u0259 iftixarla qeyd edir.<\/p>\n<p>2020-ci ilin 44 g\u00fcnl\u00fck V\u0259t\u0259n m\u00fcharib\u0259si n\u0259tic\u0259sind\u0259 Qaraba\u011f v\u0259 \u0259traf \u0259razil\u0259rimiz Erm\u0259nistan\u0131n 30 illik i\u015f\u011fal\u0131ndan azad edildi. Bu q\u0259l\u0259b\u0259 t\u0259kc\u0259 h\u0259rbi u\u011fur deyil, h\u0259m d\u0259 \u0259dal\u0259tin b\u0259rpas\u0131 v\u0259 Az\u0259rbaycan\u0131n torpaq b\u00fct\u00f6vl\u00fcy\u00fcn\u00fcn beyn\u0259lxalq h\u00fcquq \u00e7\u0259r\u00e7iv\u0259sind\u0259 b\u0259rpas\u0131d\u0131r.<\/p>\n<p>Az\u0259rbaycan torpaqlar\u0131n\u0131 ill\u0259rl\u0259 z\u0259bt ed\u0259n separat\u00e7\u0131lar v\u0259 onlar\u0131n havadarlar\u0131 qar\u015f\u0131s\u0131nda xalq\u0131m\u0131z\u0131n sars\u0131lmaz irad\u0259si, Ordumuzun q\u0259hr\u0259manl\u0131\u011f\u0131, siyasi q\u00fcvv\u0259l\u0259rin h\u0259mr\u0259yliyi v\u0259 Prezident \u0130lham \u018fliyevin prinsipial m\u00f6vqeyi say\u0259sind\u0259 \u0259dal\u0259t b\u0259rpa olundu, milli q\u00fcrurumuz ucald\u0131.<\/p>\n<p>\u018fdal\u0259t Partiyas\u0131 Qaraba\u011f\u0131n azadl\u0131\u011f\u0131 u\u011frunda m\u00fcbariz\u0259d\u0259 h\u0259mi\u015f\u0259 prinsipial m\u00f6vqe n\u00fcmayi\u015f etdirmi\u015f, h\u0259rbi yolun qa\u00e7\u0131lmaz oldu\u011funu d\u0259f\u0259l\u0259rl\u0259 b\u0259yan etmi\u015fdir. \u00c7\u00fcnki \u0259dal\u0259t yaln\u0131z g\u00fcc v\u0259 q\u0259rarl\u0131l\u0131qla qoruna bil\u0259rdi.<\/p>\n<p>\u0130kinci Qaraba\u011f m\u00fcharib\u0259si d\u00f6vr\u00fcnd\u0259 is\u0259 \u018fdal\u0259t Partiyas\u0131 milli h\u0259mr\u0259yliyin qorunmas\u0131 istiqam\u0259tind\u0259 f\u0259al m\u00f6vqe tutaraq, b\u00fct\u00fcn siyasi q\u00fcvv\u0259l\u0259ri v\u0259 v\u0259t\u0259nda\u015flar\u0131 birlik n\u00fcmayi\u015f etdirm\u0259y\u0259 \u00e7a\u011f\u0131rm\u0131\u015fd\u0131r.<\/p>\n<p>Z\u0259f\u0259r G\u00fcn\u00fc bir daha b\u00fct\u00fcn d\u00fcnyaya g\u00f6st\u0259rdi ki, Az\u0259rbaycan\u0131n \u0259razi b\u00fct\u00f6vl\u00fcy\u00fc q\u0131rm\u0131z\u0131 x\u0259tdir. H\u0259r hans\u0131 revan\u015fist c\u0259hd v\u0259 ya separat\u00e7\u0131 t\u0259xribat xalq\u0131m\u0131z v\u0259 d\u00f6vl\u0259timiz t\u0259r\u0259find\u0259n eyni q\u0259tiyy\u0259t v\u0259 irad\u0259 il\u0259 cavabland\u0131r\u0131lacaqd\u0131r.<\/p>\n<p>\u018fdal\u0259t Partiyas\u0131 bu m\u00f6ht\u0259\u015f\u0259m g\u00fcn m\u00fcnasib\u0259til\u0259 xalq\u0131m\u0131z\u0131 s\u0259mimi q\u0259lbd\u0259n t\u0259brik edir, qazil\u0259rimiz\u0259 can sa\u011fl\u0131\u011f\u0131, \u015f\u0259hidl\u0259rimiz\u0259 is\u0259 Allahdan r\u0259hm\u0259t dil\u0259yir.<\/p>\n<p>\u015e\u0259hidl\u0259rimizin qan\u0131, qazil\u0259rimizin f\u0259dakarl\u0131\u011f\u0131 v\u0259 \u0259sg\u0259rl\u0259rimizin igidliyi bu z\u0259f\u0259rin \u0259b\u0259di simvolu, m\u00fcst\u0259qil Az\u0259rbaycan\u0131n q\u00fcrur r\u0259mzidir.<\/p>\n<p class=\"bawpvc-ajax-counter\" data-id=\"21712\">Yaz\u0131ya 45 d\u0259f\u0259 bax\u0131l\u0131b<\/p>\n","protected":false},"excerpt":{"rendered":"<p>Tariximizin \u0259n \u015fanl\u0131 s\u0259hif\u0259l\u0259rind\u0259n birini \u2014 8 Noyabr \u2013 Z\u0259f\u0259r G\u00fcn\u00fcn\u00fcn 5 illiyini xalq\u0131m\u0131z bu g\u00fcn b\u00f6y\u00fck q\u00fcrur v\u0259 iftixarla qeyd edir. 2020-ci ilin 44 g\u00fcnl\u00fck V\u0259t\u0259n m\u00fcharib\u0259si n\u0259tic\u0259sind\u0259 Qaraba\u011f v\u0259 \u0259traf \u0259razil\u0259rimiz Erm\u0259nistan\u0131n 30 illik i\u015f\u011fal\u0131ndan azad edildi. Bu q\u0259l\u0259b\u0259 t\u0259kc\u0259 h\u0259rbi u\u011fur deyil, h\u0259m d\u0259 \u0259dal\u0259tin b\u0259rpas\u0131 v\u0259 Az\u0259rbaycan\u0131n torpaq b\u00fct\u00f6vl\u00fcy\u00fcn\u00fcn beyn\u0259lxalq h\u00fcquq [&hellip;]<\/p>\n","protected":false},"author":1,"featured_media":21716,"comment_status":"closed","ping_status":"closed","sticky":false,"template":"","format":"standard","meta":[],"categories":[5],"tags":[],"_links":{"self":[{"href":"https:\/\/kultur.az\/index.php?rest_route=\/wp\/v2\/posts\/21712"}],"collection":[{"href":"https:\/\/kultur.az\/index.php?rest_route=\/wp\/v2\/posts"}],"about":[{"href":"https:\/\/kultur.az\/index.php?rest_route=\/wp\/v2\/types\/post"}],"author":[{"embeddable":true,"href":"https:\/\/kultur.az\/index.php?rest_route=\/wp\/v2\/users\/1"}],"replies":[{"embeddable":true,"href":"https:\/\/kultur.az\/index.php?rest_route=%2Fwp%2Fv2%2Fcomments&post=21712"}],"version-history":[{"count":2,"href":"https:\/\/kultur.az\/index.php?rest_route=\/wp\/v2\/posts\/21712\/revisions"}],"predecessor-version":[{"id":21717,"href":"https:\/\/kultur.az\/index.php?rest_route=\/wp\/v2\/posts\/21712\/revisions\/21717"}],"wp:featuredmedia":[{"embeddable":true,"href":"https:\/\/kultur.az\/index.php?rest_route=\/wp\/v2\/media\/21716"}],"wp:attachment":[{"href":"https:\/\/kultur.az\/index.php?rest_route=%2Fwp%2Fv2%2Fmedia&parent=21712"}],"wp:term":[{"taxonomy":"category","embeddable":true,"href":"https:\/\/kultur.az\/index.php?rest_route=%2Fwp%2Fv2%2Fcategories&post=21712"},{"taxonomy":"post_tag","embeddable":true,"href":"https:\/\/kultur.az\/index.php?rest_route=%2Fwp%2Fv2%2Ftags&post=21712"}],"curies":[{"name":"wp","href":"https:\/\/api.w.org\/{rel}","templated":true}]}}