{"id":22015,"date":"2026-01-27T15:12:14","date_gmt":"2026-01-27T11:12:14","guid":{"rendered":"https:\/\/kultur.az\/?p=22015"},"modified":"2026-01-27T15:12:56","modified_gmt":"2026-01-27T11:12:56","slug":"az%c9%99rbaycanin-irandaki-s%c9%99firliyin%c9%99-hucum-zamani-s%c9%99hid-olmus-orxan-%c9%99sg%c9%99rovun-xatir%c9%99si-anilib","status":"publish","type":"post","link":"https:\/\/kultur.az\/?p=22015","title":{"rendered":"\u015e\u0259hid Orxan \u018fsg\u0259rovun xatir\u0259si an\u0131l\u0131b"},"content":{"rendered":"<p data-start=\"221\" data-end=\"386\"><a href=\"https:\/\/kultur.az\/wp-content\/uploads\/2026\/01\/WhatsApp-Image-2026-01-27-at-14.28.03-1.jpeg\"><img decoding=\"async\" loading=\"lazy\" class=\"aligncenter size-medium wp-image-22026\" src=\"https:\/\/kultur.az\/wp-content\/uploads\/2026\/01\/WhatsApp-Image-2026-01-27-at-14.28.03-1-300x225.jpeg\" alt=\"\" width=\"300\" height=\"225\" srcset=\"https:\/\/kultur.az\/wp-content\/uploads\/2026\/01\/WhatsApp-Image-2026-01-27-at-14.28.03-1-300x225.jpeg 300w, https:\/\/kultur.az\/wp-content\/uploads\/2026\/01\/WhatsApp-Image-2026-01-27-at-14.28.03-1-1024x768.jpeg 1024w, https:\/\/kultur.az\/wp-content\/uploads\/2026\/01\/WhatsApp-Image-2026-01-27-at-14.28.03-1-768x576.jpeg 768w, https:\/\/kultur.az\/wp-content\/uploads\/2026\/01\/WhatsApp-Image-2026-01-27-at-14.28.03-1-1536x1152.jpeg 1536w, https:\/\/kultur.az\/wp-content\/uploads\/2026\/01\/WhatsApp-Image-2026-01-27-at-14.28.03-1-75x55.jpeg 75w, https:\/\/kultur.az\/wp-content\/uploads\/2026\/01\/WhatsApp-Image-2026-01-27-at-14.28.03-1-180x135.jpeg 180w, https:\/\/kultur.az\/wp-content\/uploads\/2026\/01\/WhatsApp-Image-2026-01-27-at-14.28.03-1.jpeg 1600w\" sizes=\"(max-width: 300px) 100vw, 300px\" \/><\/a>Bu g\u00fcn Az\u0259rbaycan\u0131n \u0130randak\u0131 s\u0259firliyin\u0259 edil\u0259n h\u00fccum zaman\u0131 \u015f\u0259hid olmu\u015f s\u0259firliyin m\u00fchafiz\u0259 xidm\u0259tinin r\u0259isi \u018fsg\u0259rov Orxan Rizvan o\u011flunun xatir\u0259si yad edilib.<\/p>\n<p data-start=\"388\" data-end=\"695\">An\u0131m m\u0259rasimind\u0259 \u015f\u0259hidin valideynl\u0259ri v\u0259 do\u011fmalar\u0131 il\u0259 yana\u015f\u0131, onun i\u015f yolda\u015flar\u0131, m\u00fcxt\u0259lif d\u00f6vl\u0259t qurumlar\u0131 v\u0259 media n\u00fcmay\u0259nd\u0259l\u0259ri i\u015ftirak edibl\u0259r. \u00c7\u0131x\u0131\u015flarda Orxan \u018fsg\u0259rovun xidm\u0259ti f\u0259aliyy\u0259ti, g\u00f6st\u0259rdiyi \u015f\u00fcca\u0259t v\u0259 V\u0259t\u0259n\u0259 s\u0259daq\u0259ti x\u00fcsusi vur\u011fulan\u0131b, onun xatir\u0259sinin daim ehtiramla an\u0131laca\u011f\u0131 bildirilib.<\/p>\n<p data-start=\"697\" data-end=\"1012\">M\u0259rasimd\u0259 Beyn\u0259lxalq \u018flill\u0259r C\u0259miyy\u0259tinin s\u0259dri Tahir Xudiyev v\u0259 C\u0259miyy\u0259t \u00fczvl\u0259ri d\u0259 i\u015ftirak edibl\u0259r. T.Xudiyev Orxan \u018fsg\u0259rovun q\u0259hr\u0259manl\u0131\u011f\u0131n\u0131 y\u00fcks\u0259k d\u0259y\u0259rl\u0259ndir\u0259r\u0259k \u00e7\u0131x\u0131\u015f\u0131na bu fikirl\u0259rl\u0259 son verib: &#8220;<strong>Biz burada, Az\u0259rbaycan\u0131n \u0130randak\u0131 s\u0259firliyin\u0259 edilmi\u015f h\u00fccum zaman\u0131 can\u0131n\u0131 V\u0259t\u0259n, insanl\u0131q yolunda qurban vermi\u015f, m\u00fchafiz\u0259 xidm\u0259tinin r\u0259isi Orxan \u018fsg\u0259rovun xatir\u0259sini yad etm\u0259k \u00fc\u00e7\u00fcn topla\u015fm\u0131\u015f\u0131q.\u00a0Orxan g\u00f6st\u0259rdiyi \u015f\u00fcca\u0259tl\u0259 insanlar\u0131n h\u0259yat\u0131n\u0131 qoruyan q\u0259hr\u0259man\u0131m\u0131zd\u0131r. Onun f\u0259dakarl\u0131\u011f\u0131 v\u0259 c\u0259sar\u0259ti b\u00fct\u00fcn Az\u0259rbaycan \u00fc\u00e7\u00fcn \u00f6rn\u0259kdir. Bu g\u00fcn biz onun xatir\u0259sini ehtiramla an\u0131r, onun g\u00f6st\u0259rdiyi f\u0259dakarl\u0131\u011f\u0131 v\u0259 V\u0259t\u0259n\u0259 ba\u011fl\u0131l\u0131\u011f\u0131 bir daha d\u0259y\u0259rl\u0259ndirir, ruhuna say\u011f\u0131 v\u0259 ehtiram\u0131m\u0131z\u0131 bildiririk.\u00a0 Allah r\u0259hm\u0259t el\u0259sin! Bel\u0259 q\u0259hr\u0259manlar h\u0259r zaman xalq\u0131m\u0131z\u0131n tarixind\u0259 ya\u015fayacaq v\u0259 g\u0259l\u0259c\u0259k n\u0259sill\u0259r\u0259 \u00f6rn\u0259k olacaq.<\/strong> &#8220;<\/p>\n<p data-start=\"1014\" data-end=\"1071\">T\u0259dbir \u015f\u0259hidin ruhuna dualar\u0131n oxunmas\u0131 il\u0259 ba\u015fa \u00e7at\u0131b.<\/p>\n<p data-start=\"1014\" data-end=\"1071\"><a href=\"https:\/\/kultur.az\/wp-content\/uploads\/2026\/01\/WhatsApp-Image-2026-01-27-at-14.28.03-2.jpeg\"><img decoding=\"async\" loading=\"lazy\" class=\"aligncenter size-medium wp-image-22025\" src=\"https:\/\/kultur.az\/wp-content\/uploads\/2026\/01\/WhatsApp-Image-2026-01-27-at-14.28.03-2-300x225.jpeg\" alt=\"\" width=\"300\" height=\"225\" srcset=\"https:\/\/kultur.az\/wp-content\/uploads\/2026\/01\/WhatsApp-Image-2026-01-27-at-14.28.03-2-300x225.jpeg 300w, https:\/\/kultur.az\/wp-content\/uploads\/2026\/01\/WhatsApp-Image-2026-01-27-at-14.28.03-2-1024x768.jpeg 1024w, https:\/\/kultur.az\/wp-content\/uploads\/2026\/01\/WhatsApp-Image-2026-01-27-at-14.28.03-2-768x576.jpeg 768w, https:\/\/kultur.az\/wp-content\/uploads\/2026\/01\/WhatsApp-Image-2026-01-27-at-14.28.03-2-1536x1152.jpeg 1536w, https:\/\/kultur.az\/wp-content\/uploads\/2026\/01\/WhatsApp-Image-2026-01-27-at-14.28.03-2-75x55.jpeg 75w, https:\/\/kultur.az\/wp-content\/uploads\/2026\/01\/WhatsApp-Image-2026-01-27-at-14.28.03-2-180x135.jpeg 180w, https:\/\/kultur.az\/wp-content\/uploads\/2026\/01\/WhatsApp-Image-2026-01-27-at-14.28.03-2.jpeg 1600w\" sizes=\"(max-width: 300px) 100vw, 300px\" \/><\/a> <a href=\"https:\/\/kultur.az\/wp-content\/uploads\/2026\/01\/WhatsApp-Image-2026-01-27-at-14.28.03-1.jpeg\"><img decoding=\"async\" loading=\"lazy\" class=\"aligncenter size-medium wp-image-22026\" src=\"https:\/\/kultur.az\/wp-content\/uploads\/2026\/01\/WhatsApp-Image-2026-01-27-at-14.28.03-1-300x225.jpeg\" alt=\"\" width=\"300\" height=\"225\" srcset=\"https:\/\/kultur.az\/wp-content\/uploads\/2026\/01\/WhatsApp-Image-2026-01-27-at-14.28.03-1-300x225.jpeg 300w, https:\/\/kultur.az\/wp-content\/uploads\/2026\/01\/WhatsApp-Image-2026-01-27-at-14.28.03-1-1024x768.jpeg 1024w, https:\/\/kultur.az\/wp-content\/uploads\/2026\/01\/WhatsApp-Image-2026-01-27-at-14.28.03-1-768x576.jpeg 768w, https:\/\/kultur.az\/wp-content\/uploads\/2026\/01\/WhatsApp-Image-2026-01-27-at-14.28.03-1-1536x1152.jpeg 1536w, https:\/\/kultur.az\/wp-content\/uploads\/2026\/01\/WhatsApp-Image-2026-01-27-at-14.28.03-1-75x55.jpeg 75w, https:\/\/kultur.az\/wp-content\/uploads\/2026\/01\/WhatsApp-Image-2026-01-27-at-14.28.03-1-180x135.jpeg 180w, https:\/\/kultur.az\/wp-content\/uploads\/2026\/01\/WhatsApp-Image-2026-01-27-at-14.28.03-1.jpeg 1600w\" sizes=\"(max-width: 300px) 100vw, 300px\" \/><\/a> <a href=\"https:\/\/kultur.az\/wp-content\/uploads\/2026\/01\/WhatsApp-Image-2026-01-27-at-14.28.03.jpeg\"><img decoding=\"async\" loading=\"lazy\" class=\"aligncenter size-medium wp-image-22027\" src=\"https:\/\/kultur.az\/wp-content\/uploads\/2026\/01\/WhatsApp-Image-2026-01-27-at-14.28.03-300x225.jpeg\" alt=\"\" width=\"300\" height=\"225\" srcset=\"https:\/\/kultur.az\/wp-content\/uploads\/2026\/01\/WhatsApp-Image-2026-01-27-at-14.28.03-300x225.jpeg 300w, https:\/\/kultur.az\/wp-content\/uploads\/2026\/01\/WhatsApp-Image-2026-01-27-at-14.28.03-1024x768.jpeg 1024w, https:\/\/kultur.az\/wp-content\/uploads\/2026\/01\/WhatsApp-Image-2026-01-27-at-14.28.03-768x576.jpeg 768w, https:\/\/kultur.az\/wp-content\/uploads\/2026\/01\/WhatsApp-Image-2026-01-27-at-14.28.03-1536x1152.jpeg 1536w, https:\/\/kultur.az\/wp-content\/uploads\/2026\/01\/WhatsApp-Image-2026-01-27-at-14.28.03-75x55.jpeg 75w, https:\/\/kultur.az\/wp-content\/uploads\/2026\/01\/WhatsApp-Image-2026-01-27-at-14.28.03-180x135.jpeg 180w, https:\/\/kultur.az\/wp-content\/uploads\/2026\/01\/WhatsApp-Image-2026-01-27-at-14.28.03.jpeg 1600w\" sizes=\"(max-width: 300px) 100vw, 300px\" \/><\/a><\/p>\n<p data-start=\"1073\" data-end=\"1119\">\n<p class=\"bawpvc-ajax-counter\" data-id=\"22015\">Yaz\u0131ya 104 d\u0259f\u0259 bax\u0131l\u0131b<\/p>\n","protected":false},"excerpt":{"rendered":"<p>Bu g\u00fcn Az\u0259rbaycan\u0131n \u0130randak\u0131 s\u0259firliyin\u0259 edil\u0259n h\u00fccum zaman\u0131 \u015f\u0259hid olmu\u015f s\u0259firliyin m\u00fchafiz\u0259 xidm\u0259tinin r\u0259isi \u018fsg\u0259rov Orxan Rizvan o\u011flunun xatir\u0259si yad edilib. An\u0131m m\u0259rasimind\u0259 \u015f\u0259hidin valideynl\u0259ri v\u0259 do\u011fmalar\u0131 il\u0259 yana\u015f\u0131, onun i\u015f yolda\u015flar\u0131, m\u00fcxt\u0259lif d\u00f6vl\u0259t qurumlar\u0131 v\u0259 media n\u00fcmay\u0259nd\u0259l\u0259ri i\u015ftirak edibl\u0259r. \u00c7\u0131x\u0131\u015flarda Orxan \u018fsg\u0259rovun xidm\u0259ti f\u0259aliyy\u0259ti, g\u00f6st\u0259rdiyi \u015f\u00fcca\u0259t v\u0259 V\u0259t\u0259n\u0259 s\u0259daq\u0259ti x\u00fcsusi vur\u011fulan\u0131b, onun xatir\u0259sinin daim [&hellip;]<\/p>\n","protected":false},"author":1,"featured_media":22026,"comment_status":"closed","ping_status":"closed","sticky":false,"template":"","format":"standard","meta":[],"categories":[30],"tags":[],"_links":{"self":[{"href":"https:\/\/kultur.az\/index.php?rest_route=\/wp\/v2\/posts\/22015"}],"collection":[{"href":"https:\/\/kultur.az\/index.php?rest_route=\/wp\/v2\/posts"}],"about":[{"href":"https:\/\/kultur.az\/index.php?rest_route=\/wp\/v2\/types\/post"}],"author":[{"embeddable":true,"href":"https:\/\/kultur.az\/index.php?rest_route=\/wp\/v2\/users\/1"}],"replies":[{"embeddable":true,"href":"https:\/\/kultur.az\/index.php?rest_route=%2Fwp%2Fv2%2Fcomments&post=22015"}],"version-history":[{"count":2,"href":"https:\/\/kultur.az\/index.php?rest_route=\/wp\/v2\/posts\/22015\/revisions"}],"predecessor-version":[{"id":22029,"href":"https:\/\/kultur.az\/index.php?rest_route=\/wp\/v2\/posts\/22015\/revisions\/22029"}],"wp:featuredmedia":[{"embeddable":true,"href":"https:\/\/kultur.az\/index.php?rest_route=\/wp\/v2\/media\/22026"}],"wp:attachment":[{"href":"https:\/\/kultur.az\/index.php?rest_route=%2Fwp%2Fv2%2Fmedia&parent=22015"}],"wp:term":[{"taxonomy":"category","embeddable":true,"href":"https:\/\/kultur.az\/index.php?rest_route=%2Fwp%2Fv2%2Fcategories&post=22015"},{"taxonomy":"post_tag","embeddable":true,"href":"https:\/\/kultur.az\/index.php?rest_route=%2Fwp%2Fv2%2Ftags&post=22015"}],"curies":[{"name":"wp","href":"https:\/\/api.w.org\/{rel}","templated":true}]}}