{"id":22296,"date":"2026-03-16T15:36:08","date_gmt":"2026-03-16T11:36:08","guid":{"rendered":"https:\/\/kultur.az\/?p=22296"},"modified":"2026-03-16T15:40:09","modified_gmt":"2026-03-16T11:40:09","slug":"qosqar-aslan-oglunun-seirl%c9%99ri","status":"publish","type":"post","link":"https:\/\/kultur.az\/?p=22296","title":{"rendered":"Qo\u015fqar Aslano\u011flunun \u015feirl\u0259ri&#8230;"},"content":{"rendered":"<p><a href=\"https:\/\/kultur.az\/wp-content\/uploads\/2026\/03\/WhatsApp-Image-2026-02-22-at-09.21.42.jpeg\"><img decoding=\"async\" loading=\"lazy\" class=\"size-medium wp-image-22298 alignleft\" src=\"https:\/\/kultur.az\/wp-content\/uploads\/2026\/03\/WhatsApp-Image-2026-02-22-at-09.21.42-225x300.jpeg\" alt=\"\" width=\"225\" height=\"300\" srcset=\"https:\/\/kultur.az\/wp-content\/uploads\/2026\/03\/WhatsApp-Image-2026-02-22-at-09.21.42-225x300.jpeg 225w, https:\/\/kultur.az\/wp-content\/uploads\/2026\/03\/WhatsApp-Image-2026-02-22-at-09.21.42-768x1024.jpeg 768w, https:\/\/kultur.az\/wp-content\/uploads\/2026\/03\/WhatsApp-Image-2026-02-22-at-09.21.42-1152x1536.jpeg 1152w, https:\/\/kultur.az\/wp-content\/uploads\/2026\/03\/WhatsApp-Image-2026-02-22-at-09.21.42.jpeg 1200w\" sizes=\"(max-width: 225px) 100vw, 225px\" \/><\/a>Yusifov Qo\u015fqar Aslan o\u011flu 22 mart 1942-ci ild\u0259 Tovuz rayonunun S\u0259f\u0259rli k\u0259ndind\u0259 anadan olub. Orta t\u0259hsilini B\u00f6y\u00fck Q\u0131\u015flaq k\u0259nd m\u0259kt\u0259bind\u0259 ald\u0131qdan sonra Bak\u0131 \u015f\u0259h\u0259rind\u0259 Rabit\u0259 texnikumunu (indiki Az\u0259rbaycan Texniki Universitetinin n\u0259zdind\u0259 f\u0259aliyy\u0259t g\u00f6st\u0259r\u0259n Bak\u0131 Texniki Kollecini) bitirib. T\u0259hsilini ba\u015fa vurduqdan sonra uzun ill\u0259r Tovuz rayonunun B\u00f6y\u00fck Q\u0131\u015flaq k\u0259ndind\u0259 rabit\u0259 qov\u015fa\u011f\u0131n\u0131n r\u0259hb\u0259ri v\u0259zif\u0259sind\u0259 \u00e7al\u0131\u015f\u0131b.<\/p>\n<p>Qo\u015fqar Aslano\u011flu g\u0259nc ya\u015flar\u0131ndan \u015feir yazma\u011fa ba\u015flay\u0131b. Onun \u015feirl\u0259ri el aras\u0131nda sevil\u0259r\u0259k dill\u0259r \u0259zb\u0259rin\u0259 \u00e7evrilib.<\/p>\n<p>Yusifov Qo\u015fqar Aslan o\u011flu 20 iyun 2017-ci ild\u0259 v\u0259fat edib.<\/p>\n<p>&nbsp;<\/p>\n<p><strong>YANDIRIR<\/strong><\/p>\n<p>&nbsp;<\/p>\n<p>Bir g\u00f6z\u0259l g\u00f6rm\u00fc\u015f\u0259m ah\u0131l \u00e7a\u011f\u0131mda,<\/p>\n<p>G\u00f6z\u00fcn\u0259 baxanda g\u00f6z\u00fc yand\u0131r\u0131r.<\/p>\n<p>Hurimi, p\u0259rimi, yoxsa m\u0259l\u0259kmi,<\/p>\n<p>Yeriy\u0259nd\u0259 yeri-izi yand\u0131r\u0131r.<\/p>\n<p>&nbsp;<\/p>\n<p>Bir Yer \u00f6vlad\u0131d\u0131, haqq\u0131n pay\u0131d\u0131,<\/p>\n<p>Bir z\u00fclm\u0259t gec\u0259nin t\u0259z\u0259 ay\u0131d\u0131,<\/p>\n<p>Bir saf m\u0259h\u0259bb\u0259tin hay-haray\u0131d\u0131,<\/p>\n<p>Ay Allah, \u00f6z\u00fcn\u00fc \u00f6z\u00fc yand\u0131r\u0131r.<\/p>\n<p>&nbsp;<\/p>\n<p>Bir s\u0259h\u0259r mehidi s\u0259si-n\u0259f\u0259si,<\/p>\n<p>Dal\u011fal\u0131 sa\u00e7lar\u0131 da\u011f \u015f\u0259lal\u0259si,<\/p>\n<p>Yaxadan a\u00e7\u0131l\u0131b birc\u0259 d\u00fcym\u0259si,<\/p>\n<p>Biri d\u0259 a\u00e7\u0131lsa, bizi yand\u0131r\u0131r.<\/p>\n<p>&nbsp;<\/p>\n<p>G\u00f6z\u0259ldi qo\u015fmas\u0131 \u015feir-t\u0259cnisi,<\/p>\n<p>Yerind\u0259n oynad\u0131r a\u011f\u0131r m\u0259clisi,<\/p>\n<p>Bayat\u0131 dey\u0259nd\u0259 titr\u0259y\u0259n s\u0259si,<\/p>\n<p>A\u015f\u0131\u011f\u0131n \u0259lind\u0259 saz\u0131 yand\u0131r\u0131r.<\/p>\n<p>&nbsp;<\/p>\n<p>&nbsp;<\/p>\n<p><strong>DED\u0130M-DED\u0130M<\/strong><\/p>\n<p>&nbsp;<\/p>\n<p>\u00c7al v\u0259d\u0259md\u0259 \u00e7ox danlama \u00fcz\u00fcm\u00fc,<\/p>\n<p>Bir g\u00f6d\u0259k tumana \u201ccan\u201d dedim-dedim.<\/p>\n<p>Can\u0131m ha almad\u0131, yerind\u0259 qald\u0131,<\/p>\n<p>Salma ortal\u0131\u011fa qan, dedim-dedim.<\/p>\n<p>&nbsp;<\/p>\n<p>\u0130nsaf eyl\u0259, h\u0259r kim olsa xoflanar,<\/p>\n<p>Tuman g\u00f6d\u0259k, z\u00fclf p\u0259ri\u015fan, kofta dar.<\/p>\n<p>Az qal\u0131r ki, y\u0131rta \u00e7\u0131xa qo\u015fa nar,<\/p>\n<p>K\u0259r\u0259m\u0259m, \u018fsliy\u0259 yan dedim-dedim.<\/p>\n<p>&nbsp;<\/p>\n<p>B\u0259yaz sin\u0259, durna bo\u011faz, qara xal,<\/p>\n<p>Tez anlayar dediyimi \u0259hli-hal,<\/p>\n<p>Dola\u015fmasa aya\u011f\u0131ma \u0259hlayal,<\/p>\n<p>Taxard\u0131m barma\u011fa \u015fan<a href=\"#_ftn1\" name=\"_ftnref1\">[1]<\/a> dedim-dedim.<\/p>\n<p>&nbsp;<\/p>\n<p>Bir \u0259l atd\u0131m, g\u00fcld\u00fc dedi na\u015f\u0131san,<\/p>\n<p>A\u011fartd\u0131qca itirirs\u0259n ba\u015f\u0131 s\u0259n.<\/p>\n<p>\u00c7ox yalvard\u0131m t\u00f6k \u0259t\u0259kd\u0259n da\u015f\u0131 s\u0259n,<\/p>\n<p>Sultansan s\u00f6yl\u0259din, xan dedim-dedim.<\/p>\n<p>&nbsp;<\/p>\n<p>D\u0259rd\u0259 sald\u0131, s\u0131\u011fal \u00e7\u0259kdi telim\u0259,<\/p>\n<p>Qo\u015fqar qurban inciy\u0259rmi dilin\u0259,<\/p>\n<p>\u018fc\u0259l \u00fcst\u0259 \u0259lim d\u0259ys\u0259 \u0259lin\u0259,<\/p>\n<p>Artar \u00f6mr\u00fcmd\u0259 san dedim-dedim.<\/p>\n<p>&nbsp;<\/p>\n<p>&nbsp;<\/p>\n<p><strong>\u00a0\u00a0\u00a0\u00a0\u00a0\u00a0\u00a0\u00a0\u00a0\u00a0\u00a0 A\u011eRIN ALIM<\/strong><\/p>\n<p>&nbsp;<\/p>\n<p>Deyirs\u0259n, a\u011far\u0131b sa\u00e7\u0131n-saqqal\u0131n,<\/p>\n<p>\u00d6t\u00fcbd\u00fc yetmi\u015fi ya\u015f, a\u011fr\u0131n al\u0131m.<\/p>\n<p>Yaman s\u0259rt g\u0259libdir qocal\u0131q q\u0131\u015f\u0131,<\/p>\n<p>H\u0259l\u0259 a\u011faracaq qa\u015f, a\u011fr\u0131n al\u0131m.<\/p>\n<p>&nbsp;<\/p>\n<p>Qism\u0259tini cavanl\u0131qda g\u0259z, ara,<\/p>\n<p>Vaxt ke\u00e7dimi, tap\u0131lan d\u00f6y, y\u00fcz ara.<\/p>\n<p>Asq\u0131r\u0131\u011fa, \u00f6sk\u00fcr\u0259y\u0259, azara,<\/p>\n<p>Yaman tez oluruq tu\u015f, a\u011fr\u0131n al\u0131m.<\/p>\n<p>&nbsp;<\/p>\n<p>\u0130ll\u0259r d\u0259rdi hey \u00fcst-\u00fcst\u0259 y\u0131\u011f\u0131ld\u0131,<\/p>\n<p>Ne\u00e7\u0259 arzu \u00f6z i\u00e7imd\u0259 bo\u011fuldu,<\/p>\n<p>D\u00f6z\u0259mm\u0259yib yava\u015f-yava\u015f da\u011f\u0131ld\u0131,<\/p>\n<p>\u00dcr\u0259yimd\u0259 deyil da\u015f, a\u011fr\u0131n al\u0131m.<\/p>\n<p>&nbsp;<\/p>\n<p>Ya\u015f \u00f6td\u00fckc\u0259 \u0259lin \u0259ld\u0259n \u00fcz\u00fcl\u00fcr,<\/p>\n<p>Ged\u0259nl\u0259rin s\u0131ralan\u0131b d\u00fcz\u00fcl\u00fcr,<\/p>\n<p>G\u00f6z ya\u015flar\u0131n \u00f6z i\u00e7in\u0259 s\u00fcz\u00fcl\u00fcr,<\/p>\n<p>Onun\u00e7\u00fcn quruyur ya\u015f, a\u011fr\u0131n al\u0131m.<\/p>\n<p>&nbsp;<\/p>\n<p>Bir \u00f6m\u00fcr ya\u015fad\u0131m, dedim n\u0259 d\u0259rdim,<\/p>\n<p>N\u0259 \u0259kmi\u015fdim, n\u0259 bi\u00e7mi\u015fdim, n\u0259 d\u0259rdim,<\/p>\n<p>Bils\u0259ydim ki, bu d\u00fcnyada h\u0259d\u0259rdim,<\/p>\n<p>\u0130nan, a\u011fartmazd\u0131m ba\u015f, a\u011fr\u0131n al\u0131m.<\/p>\n<p>&nbsp;<\/p>\n<p>\u00d6m\u00fcr n\u0259 q\u0259d\u0259r d\u0259 olsa da uzun,<\/p>\n<p>N\u0259 g\u00fcn\u00fc olacaq t\u0259kin, yalq\u0131z\u0131n,<\/p>\n<p>\u00d6l\u0259nd\u0259 d\u0259 yen\u0259 o\u011fulun, q\u0131z\u0131n,<\/p>\n<p>\u00c7iynind\u0259 ged\u0259ydim ka\u015f, a\u011fr\u0131n al\u0131m.<\/p>\n<p>&nbsp;<\/p>\n<p><strong>YOLA SAL M\u018fN\u0130<\/strong><\/p>\n<p>&nbsp;<\/p>\n<p>Ay m\u0259nim soltan\u0131m, ay m\u0259nim \u015fah\u0131m,<\/p>\n<p>Saym\u0131rsan qap\u0131nda qula s\u0259n m\u0259ni.<\/p>\n<p>K\u00fcsm\u00fc\u015f\u0259m \u00f6z\u00fcmd\u0259n, k\u00fcsm\u00fc\u015f\u0259m s\u0259nd\u0259n,<\/p>\n<p>Al\u0131qlay\u0131b g\u0259tir yola s\u0259n m\u0259ni.<\/p>\n<p>&nbsp;<\/p>\n<p>Bu q\u0131rx ild\u0259 \u0259ridibs\u0259n ya\u011f\u0131m\u0131,<\/p>\n<p>Soldurubsan bostan\u0131m\u0131n ta\u011f\u0131n\u0131,<\/p>\n<p>Daha b\u0259sdir, \u00e7\u0131xarmaynan a\u011f\u0131n\u0131,<\/p>\n<p>Salmayin\u0259n qalma\u011fala s\u0259n m\u0259ni.<\/p>\n<p>&nbsp;<\/p>\n<p>Sa\u011f-solunda o\u011fula bax, q\u0131za bax,<\/p>\n<p>Yediyimiz \u00e7\u00f6r\u0259y\u0259 bax, duza bax,<\/p>\n<p>Altm\u0131\u015f\u0131nda el\u0259diyin naza bax,<\/p>\n<p>G\u0259tiribs\u0259n g\u00f6r n\u0259 hala s\u0259n m\u0259ni.<\/p>\n<p>&nbsp;<\/p>\n<p>Hara qoyum bu a\u011faran telimi,<\/p>\n<p>\u018fym\u0259yin\u0259n bu Qo\u015fqar\u0131n belini,<\/p>\n<p>Birc\u0259 d\u0259f\u0259 \u015firin eyl\u0259 dilini,<\/p>\n<p>B\u0259l\u0259yn\u0259n qayma\u011fa, bala s\u0259n m\u0259ni.<\/p>\n<p>&nbsp;<\/p>\n<p><a href=\"#_ftnref1\" name=\"_ftn1\">[1]<\/a> \u015ean \u2013 b\u0259zi b\u00f6lg\u0259l\u0259rd\u0259 i\u015fl\u0259n\u0259n l\u0259hc\u0259 s\u00f6z\u00fcd\u00fcr, \u201cni\u015fan\u201d m\u0259nas\u0131n\u0131 ifad\u0259 edir.<\/p>\n<p class=\"bawpvc-ajax-counter\" data-id=\"22296\">Yaz\u0131ya 80 d\u0259f\u0259 bax\u0131l\u0131b<\/p>\n","protected":false},"excerpt":{"rendered":"<p>Yusifov Qo\u015fqar Aslan o\u011flu 22 mart 1942-ci ild\u0259 Tovuz rayonunun S\u0259f\u0259rli k\u0259ndind\u0259 anadan olub. Orta t\u0259hsilini B\u00f6y\u00fck Q\u0131\u015flaq k\u0259nd m\u0259kt\u0259bind\u0259 ald\u0131qdan sonra Bak\u0131 \u015f\u0259h\u0259rind\u0259 Rabit\u0259 texnikumunu (indiki Az\u0259rbaycan Texniki Universitetinin n\u0259zdind\u0259 f\u0259aliyy\u0259t g\u00f6st\u0259r\u0259n Bak\u0131 Texniki Kollecini) bitirib. T\u0259hsilini ba\u015fa vurduqdan sonra uzun ill\u0259r Tovuz rayonunun B\u00f6y\u00fck Q\u0131\u015flaq k\u0259ndind\u0259 rabit\u0259 qov\u015fa\u011f\u0131n\u0131n r\u0259hb\u0259ri v\u0259zif\u0259sind\u0259 \u00e7al\u0131\u015f\u0131b. Qo\u015fqar Aslano\u011flu [&hellip;]<\/p>\n","protected":false},"author":1,"featured_media":22298,"comment_status":"closed","ping_status":"closed","sticky":false,"template":"","format":"standard","meta":[],"categories":[15,3],"tags":[],"_links":{"self":[{"href":"https:\/\/kultur.az\/index.php?rest_route=\/wp\/v2\/posts\/22296"}],"collection":[{"href":"https:\/\/kultur.az\/index.php?rest_route=\/wp\/v2\/posts"}],"about":[{"href":"https:\/\/kultur.az\/index.php?rest_route=\/wp\/v2\/types\/post"}],"author":[{"embeddable":true,"href":"https:\/\/kultur.az\/index.php?rest_route=\/wp\/v2\/users\/1"}],"replies":[{"embeddable":true,"href":"https:\/\/kultur.az\/index.php?rest_route=%2Fwp%2Fv2%2Fcomments&post=22296"}],"version-history":[{"count":3,"href":"https:\/\/kultur.az\/index.php?rest_route=\/wp\/v2\/posts\/22296\/revisions"}],"predecessor-version":[{"id":22301,"href":"https:\/\/kultur.az\/index.php?rest_route=\/wp\/v2\/posts\/22296\/revisions\/22301"}],"wp:featuredmedia":[{"embeddable":true,"href":"https:\/\/kultur.az\/index.php?rest_route=\/wp\/v2\/media\/22298"}],"wp:attachment":[{"href":"https:\/\/kultur.az\/index.php?rest_route=%2Fwp%2Fv2%2Fmedia&parent=22296"}],"wp:term":[{"taxonomy":"category","embeddable":true,"href":"https:\/\/kultur.az\/index.php?rest_route=%2Fwp%2Fv2%2Fcategories&post=22296"},{"taxonomy":"post_tag","embeddable":true,"href":"https:\/\/kultur.az\/index.php?rest_route=%2Fwp%2Fv2%2Ftags&post=22296"}],"curies":[{"name":"wp","href":"https:\/\/api.w.org\/{rel}","templated":true}]}}