{"id":22459,"date":"2026-04-30T10:41:52","date_gmt":"2026-04-30T06:41:52","guid":{"rendered":"https:\/\/kultur.az\/?p=22459"},"modified":"2026-04-30T14:34:57","modified_gmt":"2026-04-30T10:34:57","slug":"%c9%99dal%c9%99t-partiyasinin-tovuz-t%c9%99skilatinda-m%c9%99n-bu-zamana-sigmazam-kitabinin-t%c9%99qdimati-kecirildi","status":"publish","type":"post","link":"https:\/\/kultur.az\/?p=22459","title":{"rendered":"\u018fdal\u0259t Partiyas\u0131n\u0131n Tovuz T\u0259\u015fkilat\u0131nda \u201cM\u0259n bu zamana s\u0131\u011fmazam\u201d kitab\u0131n\u0131n t\u0259qdimat\u0131 ke\u00e7irildi"},"content":{"rendered":"<p><a href=\"https:\/\/kultur.az\/wp-content\/uploads\/2026\/04\/20260428_160334-scaled.jpg\"><img decoding=\"async\" loading=\"lazy\" class=\"aligncenter size-medium wp-image-22462\" src=\"https:\/\/kultur.az\/wp-content\/uploads\/2026\/04\/20260428_160334-300x169.jpg\" alt=\"\" width=\"300\" height=\"169\" srcset=\"https:\/\/kultur.az\/wp-content\/uploads\/2026\/04\/20260428_160334-300x169.jpg 300w, https:\/\/kultur.az\/wp-content\/uploads\/2026\/04\/20260428_160334-1024x577.jpg 1024w, https:\/\/kultur.az\/wp-content\/uploads\/2026\/04\/20260428_160334-768x432.jpg 768w, https:\/\/kultur.az\/wp-content\/uploads\/2026\/04\/20260428_160334-1536x865.jpg 1536w, https:\/\/kultur.az\/wp-content\/uploads\/2026\/04\/20260428_160334-2048x1153.jpg 2048w\" sizes=\"(max-width: 300px) 100vw, 300px\" \/><\/a>28 aprel 2026-c\u0131 il tarixind\u0259 \u018fdal\u0259t Partiyas\u0131n\u0131n Tovuz rayon t\u0259\u015fkilat\u0131nda Ba\u015f \u0259dliyy\u0259 m\u00fc\u015faviri \u018fl\u0259mdar M\u0259mm\u0259dovun m\u00fc\u0259llifi oldu\u011fu \u201cM\u0259n bu zamana s\u0131\u011fmazam\u201d adl\u0131 s\u0259n\u0259dli-publisistik kitab\u0131n t\u0259qdimat m\u0259rasimi ke\u00e7irilib.<\/p>\n<p>T\u0259qdim olunan n\u0259\u015fr Az\u0259rbaycan\u0131n g\u00f6rk\u0259mli d\u00f6vl\u0259t xadimi, Az\u0259rbaycan SSR Prokuroru, m\u00fcst\u0259qillik d\u00f6vr\u00fcn\u00fcn ilk \u018fdliyy\u0259 naziri, h\u00fcquq elml\u0259ri doktoru, professor, sabiq mill\u0259t v\u0259kili, \u018fdal\u0259t Partiyas\u0131n\u0131n s\u0259dri \u0130lyas Abbas o\u011flu \u0130smay\u0131lovun z\u0259ngin v\u0259 \u015f\u0259r\u0259fli \u00f6m\u00fcr yoluna h\u0259sr olunub.<\/p>\n<p>T\u0259dbird\u0259 \u018fdal\u0259t Partiyas\u0131 Tovuz rayon t\u0259\u015fkilat\u0131n\u0131n s\u0259dri M\u0259cid M\u0259mm\u0259dov,\u00a0 NTK-n\u0131n s\u0259dri Natiq Dada\u015fov v\u0259 t\u0259\u015fkilat\u0131n bir qrup \u00fczv\u00fc i\u015ftirak edib.<\/p>\n<p>T\u0259dbiri aparan M.M\u0259mm\u0259dov \u00e7\u0131x\u0131\u015f\u0131nda \u018fl\u0259mdar M\u0259mm\u0259dovun \u0130lyas \u0130smay\u0131lovla uzunillik dostluq m\u00fcnasib\u0259tl\u0259rind\u0259n s\u00f6z a\u00e7\u0131b, m\u00fc\u0259llifin bu \u0259s\u0259ri yazmaqla b\u00f6y\u00fck \u015f\u0259xsiyy\u0259t\u0259 olan ehtiram\u0131n\u0131 ifad\u0259 etdiyini bildirib. Qeyd olunub ki, \u201cM\u0259n bu zamana s\u0131\u011fmazam\u201d kitab\u0131 \u0130lyas \u0130smay\u0131lovun h\u0259yat v\u0259 f\u0259aliyy\u0259tin\u0259 verilmi\u015f y\u00fcks\u0259k d\u0259y\u0259rin, onun irsin\u0259 ucald\u0131lm\u0131\u015f m\u0259n\u0259vi abid\u0259nin bariz n\u00fcmun\u0259sidir.<\/p>\n<p>Daha sonra \u00e7\u0131x\u0131\u015f ed\u0259n t\u0259dbir i\u015ftirak\u00e7\u0131lar\u0131 m\u00fc\u0259llif\u0259 t\u0259\u015f\u0259kk\u00fcrl\u0259rini bildir\u0259r\u0259k vur\u011fulay\u0131blar ki, \u0130lyas \u0130smay\u0131lov kimi \u015f\u0259xsiyy\u0259tl\u0259rin xatir\u0259sinin ya\u015fad\u0131lmas\u0131 b\u00fct\u00f6vl\u00fckd\u0259 Az\u0259rbaycan d\u00f6vl\u0259t\u00e7iliyin\u0259 v\u0259 milli d\u0259y\u0259rl\u0259r\u0259 veril\u0259n qiym\u0259tdir.<\/p>\n<p>Sonda kitab\u0131n redaktoru \u0130rad\u0259 Aytel m\u00fc\u0259llif ad\u0131ndan n\u0259\u015fri imzalayaraq i\u015ftirak\u00e7\u0131lara h\u0259diyy\u0259 edib. T\u0259dbir xatir\u0259 fotolar\u0131n\u0131n \u00e7\u0259kilm\u0259si il\u0259 yekunla\u015f\u0131b.<\/p>\n<p><a href=\"https:\/\/kultur.az\/wp-content\/uploads\/2026\/04\/20260428_160152-scaled.jpg\"><img decoding=\"async\" loading=\"lazy\" class=\"aligncenter size-medium wp-image-22461\" src=\"https:\/\/kultur.az\/wp-content\/uploads\/2026\/04\/20260428_160152-300x169.jpg\" alt=\"\" width=\"300\" height=\"169\" srcset=\"https:\/\/kultur.az\/wp-content\/uploads\/2026\/04\/20260428_160152-300x169.jpg 300w, https:\/\/kultur.az\/wp-content\/uploads\/2026\/04\/20260428_160152-1024x577.jpg 1024w, https:\/\/kultur.az\/wp-content\/uploads\/2026\/04\/20260428_160152-768x432.jpg 768w, https:\/\/kultur.az\/wp-content\/uploads\/2026\/04\/20260428_160152-1536x865.jpg 1536w, https:\/\/kultur.az\/wp-content\/uploads\/2026\/04\/20260428_160152-2048x1153.jpg 2048w\" sizes=\"(max-width: 300px) 100vw, 300px\" \/><\/a> <a href=\"https:\/\/kultur.az\/wp-content\/uploads\/2026\/04\/20260428_160334-scaled.jpg\"><img decoding=\"async\" loading=\"lazy\" class=\"aligncenter size-medium wp-image-22462\" src=\"https:\/\/kultur.az\/wp-content\/uploads\/2026\/04\/20260428_160334-300x169.jpg\" alt=\"\" width=\"300\" height=\"169\" srcset=\"https:\/\/kultur.az\/wp-content\/uploads\/2026\/04\/20260428_160334-300x169.jpg 300w, https:\/\/kultur.az\/wp-content\/uploads\/2026\/04\/20260428_160334-1024x577.jpg 1024w, https:\/\/kultur.az\/wp-content\/uploads\/2026\/04\/20260428_160334-768x432.jpg 768w, https:\/\/kultur.az\/wp-content\/uploads\/2026\/04\/20260428_160334-1536x865.jpg 1536w, https:\/\/kultur.az\/wp-content\/uploads\/2026\/04\/20260428_160334-2048x1153.jpg 2048w\" sizes=\"(max-width: 300px) 100vw, 300px\" \/><\/a> <a href=\"https:\/\/kultur.az\/wp-content\/uploads\/2026\/04\/20260428_160432-scaled.jpg\"><img decoding=\"async\" loading=\"lazy\" class=\"aligncenter size-medium wp-image-22463\" src=\"https:\/\/kultur.az\/wp-content\/uploads\/2026\/04\/20260428_160432-300x169.jpg\" alt=\"\" width=\"300\" height=\"169\" srcset=\"https:\/\/kultur.az\/wp-content\/uploads\/2026\/04\/20260428_160432-300x169.jpg 300w, https:\/\/kultur.az\/wp-content\/uploads\/2026\/04\/20260428_160432-1024x577.jpg 1024w, https:\/\/kultur.az\/wp-content\/uploads\/2026\/04\/20260428_160432-768x432.jpg 768w, https:\/\/kultur.az\/wp-content\/uploads\/2026\/04\/20260428_160432-1536x865.jpg 1536w, https:\/\/kultur.az\/wp-content\/uploads\/2026\/04\/20260428_160432-2048x1153.jpg 2048w\" sizes=\"(max-width: 300px) 100vw, 300px\" \/><\/a> <a href=\"https:\/\/kultur.az\/wp-content\/uploads\/2026\/04\/20260428_160452-scaled.jpg\"><img decoding=\"async\" loading=\"lazy\" class=\"aligncenter size-medium wp-image-22464\" src=\"https:\/\/kultur.az\/wp-content\/uploads\/2026\/04\/20260428_160452-300x169.jpg\" alt=\"\" width=\"300\" height=\"169\" srcset=\"https:\/\/kultur.az\/wp-content\/uploads\/2026\/04\/20260428_160452-300x169.jpg 300w, https:\/\/kultur.az\/wp-content\/uploads\/2026\/04\/20260428_160452-1024x577.jpg 1024w, https:\/\/kultur.az\/wp-content\/uploads\/2026\/04\/20260428_160452-768x432.jpg 768w, https:\/\/kultur.az\/wp-content\/uploads\/2026\/04\/20260428_160452-1536x865.jpg 1536w, https:\/\/kultur.az\/wp-content\/uploads\/2026\/04\/20260428_160452-2048x1153.jpg 2048w\" sizes=\"(max-width: 300px) 100vw, 300px\" \/><\/a> <a href=\"https:\/\/kultur.az\/wp-content\/uploads\/2026\/04\/20260428_160516-scaled.jpg\"><img decoding=\"async\" loading=\"lazy\" class=\"aligncenter size-medium wp-image-22465\" src=\"https:\/\/kultur.az\/wp-content\/uploads\/2026\/04\/20260428_160516-300x169.jpg\" alt=\"\" width=\"300\" height=\"169\" srcset=\"https:\/\/kultur.az\/wp-content\/uploads\/2026\/04\/20260428_160516-300x169.jpg 300w, https:\/\/kultur.az\/wp-content\/uploads\/2026\/04\/20260428_160516-1024x577.jpg 1024w, https:\/\/kultur.az\/wp-content\/uploads\/2026\/04\/20260428_160516-768x432.jpg 768w, https:\/\/kultur.az\/wp-content\/uploads\/2026\/04\/20260428_160516-1536x865.jpg 1536w, https:\/\/kultur.az\/wp-content\/uploads\/2026\/04\/20260428_160516-2048x1153.jpg 2048w\" sizes=\"(max-width: 300px) 100vw, 300px\" \/><\/a> <a href=\"https:\/\/kultur.az\/wp-content\/uploads\/2026\/04\/20260428_160553-scaled.jpg\"><img decoding=\"async\" loading=\"lazy\" class=\"aligncenter size-medium wp-image-22466\" src=\"https:\/\/kultur.az\/wp-content\/uploads\/2026\/04\/20260428_160553-300x169.jpg\" alt=\"\" width=\"300\" height=\"169\" srcset=\"https:\/\/kultur.az\/wp-content\/uploads\/2026\/04\/20260428_160553-300x169.jpg 300w, https:\/\/kultur.az\/wp-content\/uploads\/2026\/04\/20260428_160553-1024x577.jpg 1024w, https:\/\/kultur.az\/wp-content\/uploads\/2026\/04\/20260428_160553-768x432.jpg 768w, https:\/\/kultur.az\/wp-content\/uploads\/2026\/04\/20260428_160553-1536x865.jpg 1536w, https:\/\/kultur.az\/wp-content\/uploads\/2026\/04\/20260428_160553-2048x1153.jpg 2048w\" sizes=\"(max-width: 300px) 100vw, 300px\" \/><\/a><\/p>\n<div id=\"attachment_22467\" style=\"width: 310px\" class=\"wp-caption aligncenter\"><a href=\"https:\/\/kultur.az\/wp-content\/uploads\/2026\/04\/DJI_20260428125659_0155_D-scaled.jpg\"><img aria-describedby=\"caption-attachment-22467\" decoding=\"async\" loading=\"lazy\" class=\"size-medium wp-image-22467\" src=\"https:\/\/kultur.az\/wp-content\/uploads\/2026\/04\/DJI_20260428125659_0155_D-300x169.jpg\" alt=\"\" width=\"300\" height=\"169\" srcset=\"https:\/\/kultur.az\/wp-content\/uploads\/2026\/04\/DJI_20260428125659_0155_D-300x169.jpg 300w, https:\/\/kultur.az\/wp-content\/uploads\/2026\/04\/DJI_20260428125659_0155_D-1024x576.jpg 1024w, https:\/\/kultur.az\/wp-content\/uploads\/2026\/04\/DJI_20260428125659_0155_D-768x432.jpg 768w, https:\/\/kultur.az\/wp-content\/uploads\/2026\/04\/DJI_20260428125659_0155_D-1536x864.jpg 1536w, https:\/\/kultur.az\/wp-content\/uploads\/2026\/04\/DJI_20260428125659_0155_D-2048x1152.jpg 2048w\" sizes=\"(max-width: 300px) 100vw, 300px\" \/><\/a><p id=\"caption-attachment-22467\" class=\"wp-caption-text\">default<\/p><\/div>\n<p class=\"bawpvc-ajax-counter\" data-id=\"22459\">Yaz\u0131ya 36 d\u0259f\u0259 bax\u0131l\u0131b<\/p>\n","protected":false},"excerpt":{"rendered":"<p>28 aprel 2026-c\u0131 il tarixind\u0259 \u018fdal\u0259t Partiyas\u0131n\u0131n Tovuz rayon t\u0259\u015fkilat\u0131nda Ba\u015f \u0259dliyy\u0259 m\u00fc\u015faviri \u018fl\u0259mdar M\u0259mm\u0259dovun m\u00fc\u0259llifi oldu\u011fu \u201cM\u0259n bu zamana s\u0131\u011fmazam\u201d adl\u0131 s\u0259n\u0259dli-publisistik kitab\u0131n t\u0259qdimat m\u0259rasimi ke\u00e7irilib. T\u0259qdim olunan n\u0259\u015fr Az\u0259rbaycan\u0131n g\u00f6rk\u0259mli d\u00f6vl\u0259t xadimi, Az\u0259rbaycan SSR Prokuroru, m\u00fcst\u0259qillik d\u00f6vr\u00fcn\u00fcn ilk \u018fdliyy\u0259 naziri, h\u00fcquq elml\u0259ri doktoru, professor, sabiq mill\u0259t v\u0259kili, \u018fdal\u0259t Partiyas\u0131n\u0131n s\u0259dri \u0130lyas Abbas o\u011flu [&hellip;]<\/p>\n","protected":false},"author":1,"featured_media":22462,"comment_status":"closed","ping_status":"closed","sticky":false,"template":"","format":"standard","meta":[],"categories":[4],"tags":[],"_links":{"self":[{"href":"https:\/\/kultur.az\/index.php?rest_route=\/wp\/v2\/posts\/22459"}],"collection":[{"href":"https:\/\/kultur.az\/index.php?rest_route=\/wp\/v2\/posts"}],"about":[{"href":"https:\/\/kultur.az\/index.php?rest_route=\/wp\/v2\/types\/post"}],"author":[{"embeddable":true,"href":"https:\/\/kultur.az\/index.php?rest_route=\/wp\/v2\/users\/1"}],"replies":[{"embeddable":true,"href":"https:\/\/kultur.az\/index.php?rest_route=%2Fwp%2Fv2%2Fcomments&post=22459"}],"version-history":[{"count":2,"href":"https:\/\/kultur.az\/index.php?rest_route=\/wp\/v2\/posts\/22459\/revisions"}],"predecessor-version":[{"id":22493,"href":"https:\/\/kultur.az\/index.php?rest_route=\/wp\/v2\/posts\/22459\/revisions\/22493"}],"wp:featuredmedia":[{"embeddable":true,"href":"https:\/\/kultur.az\/index.php?rest_route=\/wp\/v2\/media\/22462"}],"wp:attachment":[{"href":"https:\/\/kultur.az\/index.php?rest_route=%2Fwp%2Fv2%2Fmedia&parent=22459"}],"wp:term":[{"taxonomy":"category","embeddable":true,"href":"https:\/\/kultur.az\/index.php?rest_route=%2Fwp%2Fv2%2Fcategories&post=22459"},{"taxonomy":"post_tag","embeddable":true,"href":"https:\/\/kultur.az\/index.php?rest_route=%2Fwp%2Fv2%2Ftags&post=22459"}],"curies":[{"name":"wp","href":"https:\/\/api.w.org\/{rel}","templated":true}]}}