{"id":22482,"date":"2026-04-30T11:33:35","date_gmt":"2026-04-30T07:33:35","guid":{"rendered":"https:\/\/kultur.az\/?p=22482"},"modified":"2026-04-30T14:35:45","modified_gmt":"2026-04-30T10:35:45","slug":"%c9%99dal%c9%99t-partiyasinin-tovuz-t%c9%99skilati-m%c9%99mm%c9%99d-ismayilin-m%c9%99zarini-ziyar%c9%99t-etdi","status":"publish","type":"post","link":"https:\/\/kultur.az\/?p=22482","title":{"rendered":"\u018fdal\u0259t Partiyas\u0131n\u0131n Tovuz t\u0259\u015fkilat\u0131 M\u0259mm\u0259d \u0130smay\u0131l\u0131n m\u0259zar\u0131n\u0131 ziyar\u0259t etdi"},"content":{"rendered":"<p><a href=\"https:\/\/kultur.az\/wp-content\/uploads\/2026\/04\/DJI_20260428140616_0271_D-scaled.jpg\"><img decoding=\"async\" loading=\"lazy\" class=\"size-medium wp-image-22484\" src=\"https:\/\/kultur.az\/wp-content\/uploads\/2026\/04\/DJI_20260428140616_0271_D-300x169.jpg\" alt=\"\" width=\"300\" height=\"169\" srcset=\"https:\/\/kultur.az\/wp-content\/uploads\/2026\/04\/DJI_20260428140616_0271_D-300x169.jpg 300w, https:\/\/kultur.az\/wp-content\/uploads\/2026\/04\/DJI_20260428140616_0271_D-1024x576.jpg 1024w, https:\/\/kultur.az\/wp-content\/uploads\/2026\/04\/DJI_20260428140616_0271_D-768x432.jpg 768w, https:\/\/kultur.az\/wp-content\/uploads\/2026\/04\/DJI_20260428140616_0271_D-1536x864.jpg 1536w, https:\/\/kultur.az\/wp-content\/uploads\/2026\/04\/DJI_20260428140616_0271_D-2048x1152.jpg 2048w\" sizes=\"(max-width: 300px) 100vw, 300px\" \/><\/a><\/p>\n<p>\u018fdal\u0259t Partiyas\u0131n\u0131n Tovuz rayon t\u0259\u015fkilat\u0131n\u0131n \u00fczvl\u0259ri Tovuz rayonunun \u018fsrik C\u0131rdaxan k\u0259ndind\u0259 yerl\u0259\u015f\u0259n g\u00f6rk\u0259mli \u015fair M\u0259mm\u0259d \u0130smay\u0131l\u0131n m\u0259zar\u0131n\u0131 ziyar\u0259t edibl\u0259r.<\/p>\n<p>Ziyar\u0259td\u0259 \u018fdal\u0259t Partiyas\u0131 Tovuz rayon t\u0259\u015fkilat\u0131n\u0131n s\u0259dri M\u0259cid M\u0259mm\u0259dov, NTK s\u0259dri Natiq Dada\u015fov v\u0259 t\u0259\u015fkilat\u0131n bir ne\u00e7\u0259 \u00fczv\u00fc, \u015fair Maarif H\u0259s\u0259no\u011flu, Tovuz Xeyriyy\u0259 C\u0259miyy\u0259tinin \u00fczv\u00fc Elman Abbasov, \u018fdal\u0259t Partiyas\u0131 Qazax rayon t\u0259\u015fkilat\u0131n\u0131n n\u00fcmay\u0259nd\u0259si G\u00fcnd\u00fcz \u015eahv\u0259l\u0259dov, A\u015f\u0131q C\u0259mal\u0259ddin \u00dcrfan \u018fli o\u011flu, yaz\u0131\u00e7\u0131-jurnalist \u0130rad\u0259 Aytel v\u0259 dig\u0259r ictimaiyy\u0259t n\u00fcmay\u0259nd\u0259l\u0259ri i\u015ftirak edib.<\/p>\n<p>\u018fdal\u0259t Partiyas\u0131 Tovuz rayon t\u0259\u015fkilat\u0131n\u0131n s\u0259dri M\u0259cid M\u0259mm\u0259dov \u00e7\u0131x\u0131\u015f\u0131nda bildirib ki, M\u0259mm\u0259d \u0130smay\u0131l t\u0259kc\u0259 Tovuzun deyil, b\u00fct\u00f6vl\u00fckd\u0259 Az\u0259rbaycan \u0259d\u0259biyyat\u0131nda x\u00fcsusi yeri olan, s\u00f6z d\u00fcnyas\u0131n\u0131n zirv\u0259l\u0259rind\u0259 dayanan g\u00f6rk\u0259mli \u015fairl\u0259rd\u0259n biridir. O qeyd edib ki, M\u0259mm\u0259d \u0130smay\u0131l\u0131n yarad\u0131c\u0131l\u0131\u011f\u0131 milli d\u00fc\u015f\u00fcnc\u0259nin, v\u0259t\u0259np\u0259rv\u0259rlik ruhunun v\u0259 \u0259d\u0259bi \u0259n\u0259n\u0259l\u0259rin ya\u015fad\u0131lmas\u0131nda m\u00fch\u00fcm rol oynay\u0131r. M\u0259mm\u0259d \u0130smay\u0131l kimi \u015f\u0259xsiyy\u0259tl\u0259rin xatir\u0259sinin daim yad edilm\u0259si v\u0259 irsinin g\u0259l\u0259c\u0259k n\u0259sill\u0259r\u0259 \u00e7atd\u0131r\u0131lmas\u0131 b\u00f6y\u00fck m\u0259n\u0259vi \u0259h\u0259miyy\u0259t da\u015f\u0131y\u0131r.<\/p>\n<p>M.M\u0259mm\u0259dov \u00e7\u0131x\u0131\u015f\u0131n\u0131 a\u015fa\u011f\u0131dak\u0131 fikirl\u0259rl\u0259 bitirib: \u201c\u015eairin ad\u0131 v\u0259 \u0259d\u0259bi irsi Az\u0259rbaycan \u0259d\u0259biyyat\u0131nda \u0259b\u0259di ya\u015fayacaq v\u0259 g\u0259l\u0259c\u0259k n\u0259sill\u0259r\u0259 m\u0259n\u0259vi yol g\u00f6st\u0259ricisi kimi xidm\u0259t ed\u0259c\u0259k.\u201d<\/p>\n<p>\u015eair Maarif H\u0259s\u0259no\u011flu t\u0259dbir zaman\u0131 M\u0259mm\u0259d \u0130smay\u0131l\u0131n \u015feirl\u0259rind\u0259n n\u00fcmun\u0259l\u0259r s\u0259sl\u0259ndirib, h\u0259m\u00e7inin ona ithaf etdiyi \u015feiri i\u015ftirak\u00e7\u0131lara t\u0259qdim edib. Onun \u00e7\u0131x\u0131\u015f\u0131 m\u0259rasim i\u015ftirak\u00e7\u0131lar\u0131 t\u0259r\u0259find\u0259n b\u00f6y\u00fck maraq v\u0259 r\u0259\u011fb\u0259tl\u0259 qar\u015f\u0131lan\u0131b.<\/p>\n<p>Sonra \u00e7\u0131x\u0131\u015f ed\u0259nl\u0259r M\u0259mm\u0259d \u0130smay\u0131l\u0131n Az\u0259rbaycan v\u0259 \u00fcmumt\u00fcrk \u0259d\u0259biyyat\u0131na verdiyi m\u00fch\u00fcm t\u00f6hf\u0259l\u0259rd\u0259n geni\u015f b\u0259hs edibl\u0259r. Qeyd olunub ki, onun z\u0259ngin yarad\u0131c\u0131l\u0131\u011f\u0131 milli ruhun, v\u0259t\u0259n\u0259 ba\u011fl\u0131l\u0131\u011f\u0131n v\u0259 m\u0259n\u0259vi d\u0259y\u0259rl\u0259rin \u0259n parlaq t\u0259c\u0259ss\u00fcm\u00fcd\u00fcr v\u0259 bu irs zaman ke\u00e7dikc\u0259 daha da b\u00f6y\u00fck d\u0259y\u0259r qazan\u0131r.<\/p>\n<p>Eyni zamanda, M\u0259mm\u0259d \u0130smay\u0131l\u0131n m\u0259zar\u0131 \u0259traf\u0131nda yarad\u0131lan xiyaban\u0131n abadla\u015fd\u0131r\u0131lmas\u0131 v\u0259 s\u0259liq\u0259li \u015f\u0259kild\u0259 formala\u015fd\u0131r\u0131lmas\u0131 y\u00fcks\u0259k qiym\u0259tl\u0259ndirilib. Bu istiqam\u0259td\u0259 Tovuz Xeyriyy\u0259 C\u0259miyy\u0259tinin g\u00f6rd\u00fcy\u00fc i\u015fl\u0259r\u0259, x\u00fcsusil\u0259 d\u0259 c\u0259miyy\u0259tin s\u0259dr m\u00fcavini \u00c7ingiz Abbasovun t\u0259\u015f\u0259bb\u00fcs v\u0259 \u0259m\u0259yin\u0259 x\u00fcsusi t\u0259\u015f\u0259kk\u00fcr ifad\u0259 olunub.<\/p>\n<p>Qeyd edilib ki, h\u0259min \u0259razi art\u0131q t\u0259kc\u0259 bir m\u0259zar yeri deyil, h\u0259m d\u0259 \u0259d\u0259bi-m\u0259d\u0259ni ziyar\u0259t m\u0259kan\u0131na \u00e7evrilm\u0259kd\u0259dir v\u0259 g\u0259l\u0259c\u0259kd\u0259 s\u00f6z adamlar\u0131n\u0131n, ziyal\u0131lar\u0131n v\u0259 \u0259d\u0259biyyatsev\u0259rl\u0259rin g\u00f6r\u00fc\u015f \u00fcnvan\u0131 kimi daha da \u0259h\u0259miyy\u0259t qazanacaq.<\/p>\n<p>Sonda ziyar\u0259t i\u015ftirak\u00e7\u0131lar\u0131 \u015fairin xatir\u0259sini bir daha ehtiramla yad ed\u0259r\u0259k xatir\u0259 \u015f\u0259kill\u0259ri \u00e7\u0259kdiribl\u0259r.<\/p>\n<p><a href=\"https:\/\/kultur.az\/wp-content\/uploads\/2026\/04\/DJI_20260428140616_0271_D-scaled.jpg\"><img decoding=\"async\" loading=\"lazy\" class=\"size-medium wp-image-22484\" src=\"https:\/\/kultur.az\/wp-content\/uploads\/2026\/04\/DJI_20260428140616_0271_D-300x169.jpg\" alt=\"\" width=\"300\" height=\"169\" srcset=\"https:\/\/kultur.az\/wp-content\/uploads\/2026\/04\/DJI_20260428140616_0271_D-300x169.jpg 300w, https:\/\/kultur.az\/wp-content\/uploads\/2026\/04\/DJI_20260428140616_0271_D-1024x576.jpg 1024w, https:\/\/kultur.az\/wp-content\/uploads\/2026\/04\/DJI_20260428140616_0271_D-768x432.jpg 768w, https:\/\/kultur.az\/wp-content\/uploads\/2026\/04\/DJI_20260428140616_0271_D-1536x864.jpg 1536w, https:\/\/kultur.az\/wp-content\/uploads\/2026\/04\/DJI_20260428140616_0271_D-2048x1152.jpg 2048w\" sizes=\"(max-width: 300px) 100vw, 300px\" \/><\/a><\/p>\n<p><a href=\"https:\/\/kultur.az\/wp-content\/uploads\/2026\/04\/DJI_20260428140643_0276_D-scaled.jpg\"><img decoding=\"async\" loading=\"lazy\" class=\"size-medium wp-image-22485\" src=\"https:\/\/kultur.az\/wp-content\/uploads\/2026\/04\/DJI_20260428140643_0276_D-300x169.jpg\" alt=\"\" width=\"300\" height=\"169\" srcset=\"https:\/\/kultur.az\/wp-content\/uploads\/2026\/04\/DJI_20260428140643_0276_D-300x169.jpg 300w, https:\/\/kultur.az\/wp-content\/uploads\/2026\/04\/DJI_20260428140643_0276_D-1024x576.jpg 1024w, https:\/\/kultur.az\/wp-content\/uploads\/2026\/04\/DJI_20260428140643_0276_D-768x432.jpg 768w, https:\/\/kultur.az\/wp-content\/uploads\/2026\/04\/DJI_20260428140643_0276_D-1536x864.jpg 1536w, https:\/\/kultur.az\/wp-content\/uploads\/2026\/04\/DJI_20260428140643_0276_D-2048x1152.jpg 2048w\" sizes=\"(max-width: 300px) 100vw, 300px\" \/><\/a><\/p>\n<p><a href=\"https:\/\/kultur.az\/wp-content\/uploads\/2026\/04\/DJI_20260428142029_0294_D-scaled.jpg\"><img decoding=\"async\" loading=\"lazy\" class=\"size-medium wp-image-22486\" src=\"https:\/\/kultur.az\/wp-content\/uploads\/2026\/04\/DJI_20260428142029_0294_D-300x169.jpg\" alt=\"\" width=\"300\" height=\"169\" srcset=\"https:\/\/kultur.az\/wp-content\/uploads\/2026\/04\/DJI_20260428142029_0294_D-300x169.jpg 300w, https:\/\/kultur.az\/wp-content\/uploads\/2026\/04\/DJI_20260428142029_0294_D-1024x576.jpg 1024w, https:\/\/kultur.az\/wp-content\/uploads\/2026\/04\/DJI_20260428142029_0294_D-768x432.jpg 768w, https:\/\/kultur.az\/wp-content\/uploads\/2026\/04\/DJI_20260428142029_0294_D-1536x864.jpg 1536w, https:\/\/kultur.az\/wp-content\/uploads\/2026\/04\/DJI_20260428142029_0294_D-2048x1152.jpg 2048w\" sizes=\"(max-width: 300px) 100vw, 300px\" \/><\/a><\/p>\n<p><a href=\"https:\/\/kultur.az\/wp-content\/uploads\/2026\/04\/DJI_20260428142301_0309_D-scaled.jpg\"><img decoding=\"async\" loading=\"lazy\" class=\"size-medium wp-image-22487\" src=\"https:\/\/kultur.az\/wp-content\/uploads\/2026\/04\/DJI_20260428142301_0309_D-300x169.jpg\" alt=\"\" width=\"300\" height=\"169\" srcset=\"https:\/\/kultur.az\/wp-content\/uploads\/2026\/04\/DJI_20260428142301_0309_D-300x169.jpg 300w, https:\/\/kultur.az\/wp-content\/uploads\/2026\/04\/DJI_20260428142301_0309_D-1024x576.jpg 1024w, https:\/\/kultur.az\/wp-content\/uploads\/2026\/04\/DJI_20260428142301_0309_D-768x432.jpg 768w, https:\/\/kultur.az\/wp-content\/uploads\/2026\/04\/DJI_20260428142301_0309_D-1536x864.jpg 1536w, https:\/\/kultur.az\/wp-content\/uploads\/2026\/04\/DJI_20260428142301_0309_D-2048x1152.jpg 2048w\" sizes=\"(max-width: 300px) 100vw, 300px\" \/><\/a><\/p>\n<p><a href=\"https:\/\/kultur.az\/wp-content\/uploads\/2026\/04\/DJI_20260428142426_0316_D-scaled.jpg\"><img decoding=\"async\" loading=\"lazy\" class=\"size-medium wp-image-22488\" src=\"https:\/\/kultur.az\/wp-content\/uploads\/2026\/04\/DJI_20260428142426_0316_D-300x169.jpg\" alt=\"\" width=\"300\" height=\"169\" srcset=\"https:\/\/kultur.az\/wp-content\/uploads\/2026\/04\/DJI_20260428142426_0316_D-300x169.jpg 300w, https:\/\/kultur.az\/wp-content\/uploads\/2026\/04\/DJI_20260428142426_0316_D-1024x576.jpg 1024w, https:\/\/kultur.az\/wp-content\/uploads\/2026\/04\/DJI_20260428142426_0316_D-768x432.jpg 768w, https:\/\/kultur.az\/wp-content\/uploads\/2026\/04\/DJI_20260428142426_0316_D-1536x864.jpg 1536w, https:\/\/kultur.az\/wp-content\/uploads\/2026\/04\/DJI_20260428142426_0316_D-2048x1152.jpg 2048w\" sizes=\"(max-width: 300px) 100vw, 300px\" \/><\/a><\/p>\n<p><a href=\"https:\/\/kultur.az\/wp-content\/uploads\/2026\/04\/WhatsApp-Image-2026-04-30-at-11.40.39.jpeg\"><img decoding=\"async\" loading=\"lazy\" class=\"aligncenter size-medium wp-image-22491\" src=\"https:\/\/kultur.az\/wp-content\/uploads\/2026\/04\/WhatsApp-Image-2026-04-30-at-11.40.39-300x167.jpeg\" alt=\"\" width=\"300\" height=\"167\" srcset=\"https:\/\/kultur.az\/wp-content\/uploads\/2026\/04\/WhatsApp-Image-2026-04-30-at-11.40.39-300x167.jpeg 300w, https:\/\/kultur.az\/wp-content\/uploads\/2026\/04\/WhatsApp-Image-2026-04-30-at-11.40.39-1024x568.jpeg 1024w, https:\/\/kultur.az\/wp-content\/uploads\/2026\/04\/WhatsApp-Image-2026-04-30-at-11.40.39-768x426.jpeg 768w, https:\/\/kultur.az\/wp-content\/uploads\/2026\/04\/WhatsApp-Image-2026-04-30-at-11.40.39-1536x852.jpeg 1536w, https:\/\/kultur.az\/wp-content\/uploads\/2026\/04\/WhatsApp-Image-2026-04-30-at-11.40.39-290x160.jpeg 290w, https:\/\/kultur.az\/wp-content\/uploads\/2026\/04\/WhatsApp-Image-2026-04-30-at-11.40.39.jpeg 1600w\" sizes=\"(max-width: 300px) 100vw, 300px\" \/><\/a><\/p>\n<p class=\"bawpvc-ajax-counter\" data-id=\"22482\">Yaz\u0131ya 32 d\u0259f\u0259 bax\u0131l\u0131b<\/p>\n","protected":false},"excerpt":{"rendered":"<p>\u018fdal\u0259t Partiyas\u0131n\u0131n Tovuz rayon t\u0259\u015fkilat\u0131n\u0131n \u00fczvl\u0259ri Tovuz rayonunun \u018fsrik C\u0131rdaxan k\u0259ndind\u0259 yerl\u0259\u015f\u0259n g\u00f6rk\u0259mli \u015fair M\u0259mm\u0259d \u0130smay\u0131l\u0131n m\u0259zar\u0131n\u0131 ziyar\u0259t edibl\u0259r. Ziyar\u0259td\u0259 \u018fdal\u0259t Partiyas\u0131 Tovuz rayon t\u0259\u015fkilat\u0131n\u0131n s\u0259dri M\u0259cid M\u0259mm\u0259dov, NTK s\u0259dri Natiq Dada\u015fov v\u0259 t\u0259\u015fkilat\u0131n bir ne\u00e7\u0259 \u00fczv\u00fc, \u015fair Maarif H\u0259s\u0259no\u011flu, Tovuz Xeyriyy\u0259 C\u0259miyy\u0259tinin \u00fczv\u00fc Elman Abbasov, \u018fdal\u0259t Partiyas\u0131 Qazax rayon t\u0259\u015fkilat\u0131n\u0131n n\u00fcmay\u0259nd\u0259si G\u00fcnd\u00fcz \u015eahv\u0259l\u0259dov, A\u015f\u0131q [&hellip;]<\/p>\n","protected":false},"author":1,"featured_media":22484,"comment_status":"closed","ping_status":"closed","sticky":false,"template":"","format":"standard","meta":[],"categories":[4],"tags":[],"_links":{"self":[{"href":"https:\/\/kultur.az\/index.php?rest_route=\/wp\/v2\/posts\/22482"}],"collection":[{"href":"https:\/\/kultur.az\/index.php?rest_route=\/wp\/v2\/posts"}],"about":[{"href":"https:\/\/kultur.az\/index.php?rest_route=\/wp\/v2\/types\/post"}],"author":[{"embeddable":true,"href":"https:\/\/kultur.az\/index.php?rest_route=\/wp\/v2\/users\/1"}],"replies":[{"embeddable":true,"href":"https:\/\/kultur.az\/index.php?rest_route=%2Fwp%2Fv2%2Fcomments&post=22482"}],"version-history":[{"count":4,"href":"https:\/\/kultur.az\/index.php?rest_route=\/wp\/v2\/posts\/22482\/revisions"}],"predecessor-version":[{"id":22494,"href":"https:\/\/kultur.az\/index.php?rest_route=\/wp\/v2\/posts\/22482\/revisions\/22494"}],"wp:featuredmedia":[{"embeddable":true,"href":"https:\/\/kultur.az\/index.php?rest_route=\/wp\/v2\/media\/22484"}],"wp:attachment":[{"href":"https:\/\/kultur.az\/index.php?rest_route=%2Fwp%2Fv2%2Fmedia&parent=22482"}],"wp:term":[{"taxonomy":"category","embeddable":true,"href":"https:\/\/kultur.az\/index.php?rest_route=%2Fwp%2Fv2%2Fcategories&post=22482"},{"taxonomy":"post_tag","embeddable":true,"href":"https:\/\/kultur.az\/index.php?rest_route=%2Fwp%2Fv2%2Ftags&post=22482"}],"curies":[{"name":"wp","href":"https:\/\/api.w.org\/{rel}","templated":true}]}}