{"id":23244,"date":"2026-08-31T16:53:17","date_gmt":"2026-08-31T12:53:17","guid":{"rendered":"https:\/\/kultur.az\/?p=23244"},"modified":"2026-08-31T16:54:57","modified_gmt":"2026-08-31T12:54:57","slug":"tovuz-xeyriyy%c9%99-c%c9%99miyy%c9%99tinin-t%c9%99s%c9%99bbusu-il%c9%99-seyran-s%c9%99xav%c9%99tin-80-illiyin%c9%99-h%c9%99sr-olunan-kitab-n%c9%99sr-edilib","status":"publish","type":"post","link":"https:\/\/kultur.az\/?p=23244","title":{"rendered":"Tovuz Xeyriyy\u0259 C\u0259miyy\u0259tinin t\u0259\u015f\u0259bb\u00fcs\u00fc il\u0259 Seyran S\u0259xav\u0259tin 80 illiyin\u0259 h\u0259sr olunan kitab n\u0259\u015fr edilib"},"content":{"rendered":"<p class=\"isSelectedEnd\"><a href=\"https:\/\/kultur.az\/wp-content\/uploads\/2026\/08\/WhatsApp-Image-2026-08-31-at-16.28.44-1.jpeg\"><img decoding=\"async\" loading=\"lazy\" class=\"aligncenter size-medium wp-image-23246\" src=\"https:\/\/kultur.az\/wp-content\/uploads\/2026\/08\/WhatsApp-Image-2026-08-31-at-16.28.44-1-300x169.jpeg\" alt=\"\" width=\"300\" height=\"169\" srcset=\"https:\/\/kultur.az\/wp-content\/uploads\/2026\/08\/WhatsApp-Image-2026-08-31-at-16.28.44-1-300x169.jpeg 300w, https:\/\/kultur.az\/wp-content\/uploads\/2026\/08\/WhatsApp-Image-2026-08-31-at-16.28.44-1-1024x576.jpeg 1024w, https:\/\/kultur.az\/wp-content\/uploads\/2026\/08\/WhatsApp-Image-2026-08-31-at-16.28.44-1-768x432.jpeg 768w, https:\/\/kultur.az\/wp-content\/uploads\/2026\/08\/WhatsApp-Image-2026-08-31-at-16.28.44-1-1536x864.jpeg 1536w, https:\/\/kultur.az\/wp-content\/uploads\/2026\/08\/WhatsApp-Image-2026-08-31-at-16.28.44-1.jpeg 1600w\" sizes=\"(max-width: 300px) 100vw, 300px\" \/><\/a>G\u00f6rk\u0259mli yaz\u0131\u00e7\u0131, \u015fair, dramaturq, publisist v\u0259 t\u0259rc\u00fcm\u0259\u00e7i <strong>Seyran S\u0259xav\u0259tin 80 illik yubileyi<\/strong> m\u00fcnasib\u0259til\u0259 <strong>Tovuz Xeyriyy\u0259 C\u0259miyy\u0259tinin t\u0259\u015f\u0259bb\u00fcs\u00fc v\u0259 d\u0259st\u0259yi il\u0259<\/strong> yeni kitab n\u0259\u015fr olunub.<\/p>\n<p class=\"isSelectedEnd\"><strong>\u201c80+20=?\u201d<\/strong> adl\u0131 poeziya toplusu s\u0259n\u0259tkar\u0131n z\u0259ngin yarad\u0131c\u0131l\u0131\u011f\u0131na, Az\u0259rbaycan \u0259d\u0259biyyat\u0131na verdiyi d\u0259y\u0259rli t\u00f6hf\u0259l\u0259r\u0259 ehtiram\u0131n ifad\u0259si kimi \u0259rs\u0259y\u0259 g\u0259tirilib. Kitab\u0131n <strong>redaktoru v\u0259 t\u0259rtib\u00e7isi \u0130rad\u0259 Aytel<\/strong>, n\u0259\u015fri is\u0259 <strong>\u201cElm v\u0259 T\u0259hsil\u201d n\u0259\u015friyyat\u0131<\/strong> t\u0259r\u0259find\u0259n h\u0259yata ke\u00e7irilib. <strong>224 s\u0259hif\u0259lik<\/strong> n\u0259\u015frd\u0259 Seyran S\u0259xav\u0259tin yarad\u0131c\u0131l\u0131\u011f\u0131ndan se\u00e7ilmi\u015f <strong>80 \u015feir v\u0259 2 poema<\/strong> toplan\u0131b.<\/p>\n<p><strong>\u201c80+20=?\u201d<\/strong> kitab\u0131 Seyran S\u0259xav\u0259tin 80 illik yubileyin\u0259 h\u0259sr olunmu\u015f d\u0259y\u0259rli \u0259d\u0259bi t\u00f6hf\u0259 olmaqla yana\u015f\u0131, oxucular \u00fc\u00e7\u00fcn s\u0259n\u0259tkar\u0131n poetik irsin\u0259 yenid\u0259n n\u0259z\u0259r salmaq imkan\u0131 yarad\u0131r.<\/p>\n<p><a href=\"https:\/\/kultur.az\/wp-content\/uploads\/2026\/08\/WhatsApp-Image-2026-08-31-at-16.51.26.jpeg\"><img decoding=\"async\" loading=\"lazy\" class=\"aligncenter size-medium wp-image-23247\" src=\"https:\/\/kultur.az\/wp-content\/uploads\/2026\/08\/WhatsApp-Image-2026-08-31-at-16.51.26-198x300.jpeg\" alt=\"\" width=\"198\" height=\"300\" srcset=\"https:\/\/kultur.az\/wp-content\/uploads\/2026\/08\/WhatsApp-Image-2026-08-31-at-16.51.26-198x300.jpeg 198w, https:\/\/kultur.az\/wp-content\/uploads\/2026\/08\/WhatsApp-Image-2026-08-31-at-16.51.26-676x1024.jpeg 676w, https:\/\/kultur.az\/wp-content\/uploads\/2026\/08\/WhatsApp-Image-2026-08-31-at-16.51.26-768x1163.jpeg 768w, https:\/\/kultur.az\/wp-content\/uploads\/2026\/08\/WhatsApp-Image-2026-08-31-at-16.51.26.jpeg 908w\" sizes=\"(max-width: 198px) 100vw, 198px\" \/><\/a> <a href=\"https:\/\/kultur.az\/wp-content\/uploads\/2026\/08\/WhatsApp-Image-2026-08-31-at-16.50.33.jpeg\"><img decoding=\"async\" loading=\"lazy\" class=\"aligncenter size-medium wp-image-23249\" src=\"https:\/\/kultur.az\/wp-content\/uploads\/2026\/08\/WhatsApp-Image-2026-08-31-at-16.50.33-232x300.jpeg\" alt=\"\" width=\"232\" height=\"300\" srcset=\"https:\/\/kultur.az\/wp-content\/uploads\/2026\/08\/WhatsApp-Image-2026-08-31-at-16.50.33-232x300.jpeg 232w, https:\/\/kultur.az\/wp-content\/uploads\/2026\/08\/WhatsApp-Image-2026-08-31-at-16.50.33-792x1024.jpeg 792w, https:\/\/kultur.az\/wp-content\/uploads\/2026\/08\/WhatsApp-Image-2026-08-31-at-16.50.33-768x993.jpeg 768w, https:\/\/kultur.az\/wp-content\/uploads\/2026\/08\/WhatsApp-Image-2026-08-31-at-16.50.33.jpeg 995w\" sizes=\"(max-width: 232px) 100vw, 232px\" \/><\/a><\/p>\n<p class=\"bawpvc-ajax-counter\" data-id=\"23244\">Yaz\u0131ya 27 d\u0259f\u0259 bax\u0131l\u0131b<\/p>\n","protected":false},"excerpt":{"rendered":"<p>G\u00f6rk\u0259mli yaz\u0131\u00e7\u0131, \u015fair, dramaturq, publisist v\u0259 t\u0259rc\u00fcm\u0259\u00e7i Seyran S\u0259xav\u0259tin 80 illik yubileyi m\u00fcnasib\u0259til\u0259 Tovuz Xeyriyy\u0259 C\u0259miyy\u0259tinin t\u0259\u015f\u0259bb\u00fcs\u00fc v\u0259 d\u0259st\u0259yi il\u0259 yeni kitab n\u0259\u015fr olunub. \u201c80+20=?\u201d adl\u0131 poeziya toplusu s\u0259n\u0259tkar\u0131n z\u0259ngin yarad\u0131c\u0131l\u0131\u011f\u0131na, Az\u0259rbaycan \u0259d\u0259biyyat\u0131na verdiyi d\u0259y\u0259rli t\u00f6hf\u0259l\u0259r\u0259 ehtiram\u0131n ifad\u0259si kimi \u0259rs\u0259y\u0259 g\u0259tirilib. Kitab\u0131n redaktoru v\u0259 t\u0259rtib\u00e7isi \u0130rad\u0259 Aytel, n\u0259\u015fri is\u0259 \u201cElm v\u0259 T\u0259hsil\u201d n\u0259\u015friyyat\u0131 t\u0259r\u0259find\u0259n h\u0259yata [&hellip;]<\/p>\n","protected":false},"author":1,"featured_media":23246,"comment_status":"closed","ping_status":"closed","sticky":false,"template":"","format":"standard","meta":[],"categories":[20,3,21],"tags":[],"_links":{"self":[{"href":"https:\/\/kultur.az\/index.php?rest_route=\/wp\/v2\/posts\/23244"}],"collection":[{"href":"https:\/\/kultur.az\/index.php?rest_route=\/wp\/v2\/posts"}],"about":[{"href":"https:\/\/kultur.az\/index.php?rest_route=\/wp\/v2\/types\/post"}],"author":[{"embeddable":true,"href":"https:\/\/kultur.az\/index.php?rest_route=\/wp\/v2\/users\/1"}],"replies":[{"embeddable":true,"href":"https:\/\/kultur.az\/index.php?rest_route=%2Fwp%2Fv2%2Fcomments&post=23244"}],"version-history":[{"count":2,"href":"https:\/\/kultur.az\/index.php?rest_route=\/wp\/v2\/posts\/23244\/revisions"}],"predecessor-version":[{"id":23251,"href":"https:\/\/kultur.az\/index.php?rest_route=\/wp\/v2\/posts\/23244\/revisions\/23251"}],"wp:featuredmedia":[{"embeddable":true,"href":"https:\/\/kultur.az\/index.php?rest_route=\/wp\/v2\/media\/23246"}],"wp:attachment":[{"href":"https:\/\/kultur.az\/index.php?rest_route=%2Fwp%2Fv2%2Fmedia&parent=23244"}],"wp:term":[{"taxonomy":"category","embeddable":true,"href":"https:\/\/kultur.az\/index.php?rest_route=%2Fwp%2Fv2%2Fcategories&post=23244"},{"taxonomy":"post_tag","embeddable":true,"href":"https:\/\/kultur.az\/index.php?rest_route=%2Fwp%2Fv2%2Ftags&post=23244"}],"curies":[{"name":"wp","href":"https:\/\/api.w.org\/{rel}","templated":true}]}}