{"id":23252,"date":"2026-09-01T15:42:35","date_gmt":"2026-09-01T11:42:35","guid":{"rendered":"https:\/\/kultur.az\/?p=23252"},"modified":"2026-09-01T15:42:35","modified_gmt":"2026-09-01T11:42:35","slug":"beyl%c9%99qanda-s%c9%99hid-bas-leytenant-mahir-dadaszad%c9%99nin-dogum-gunu-qeyd-olunub","status":"publish","type":"post","link":"https:\/\/kultur.az\/?p=23252","title":{"rendered":"Beyl\u0259qanda \u015f\u0259hid ba\u015f leytenant Mahir Dada\u015fzad\u0259nin do\u011fum g\u00fcn\u00fc qeyd olunub"},"content":{"rendered":"<p class=\"isSelectedEnd\"><a href=\"https:\/\/kultur.az\/wp-content\/uploads\/2026\/09\/793212759_122254949030308513_5924605008284774597_n-1.jpg\"><img decoding=\"async\" loading=\"lazy\" class=\"aligncenter size-medium wp-image-23253\" src=\"https:\/\/kultur.az\/wp-content\/uploads\/2026\/09\/793212759_122254949030308513_5924605008284774597_n-1-225x300.jpg\" alt=\"\" width=\"225\" height=\"300\" srcset=\"https:\/\/kultur.az\/wp-content\/uploads\/2026\/09\/793212759_122254949030308513_5924605008284774597_n-1-225x300.jpg 225w, https:\/\/kultur.az\/wp-content\/uploads\/2026\/09\/793212759_122254949030308513_5924605008284774597_n-1-768x1024.jpg 768w, https:\/\/kultur.az\/wp-content\/uploads\/2026\/09\/793212759_122254949030308513_5924605008284774597_n-1.jpg 960w\" sizes=\"(max-width: 225px) 100vw, 225px\" \/><\/a>\u015e\u0259hid ba\u015f leytenant Mahir Q\u0259rib o\u011flu Dada\u015fzad\u0259nin do\u011fum g\u00fcn\u00fc il\u0259 \u0259laq\u0259dar Beyl\u0259qan Rayon \u0130cra Hakimiyy\u0259tinin r\u0259hb\u0259rliyi, \u015f\u0259hidin do\u011fmalar\u0131 v\u0259 rayon sakinl\u0259ri onun Beyl\u0259qan rayonu \u015e\u0259hidl\u0259r Xiyaban\u0131ndak\u0131 m\u0259zar\u0131n\u0131 ziyar\u0259t edibl\u0259r. Ziyar\u0259t zaman\u0131 m\u0259zar \u00f6n\u00fcn\u0259 g\u00fcl d\u0259st\u0259l\u0259ri d\u00fcz\u00fcl\u00fcb, \u015f\u0259hidin \u0259ziz xatir\u0259si ehtiramla yad edilib.<\/p>\n<p class=\"isSelectedEnd\">Rayon \u0130cra Hakimiyy\u0259tinin ba\u015f\u00e7\u0131s\u0131 \u018fziz \u018fzizov bildirib ki, Mahir Dada\u015fzad\u0259 kimi V\u0259t\u0259n u\u011frunda can\u0131ndan ke\u00e7\u0259n q\u0259hr\u0259manlar\u0131n \u015f\u0259r\u0259fli h\u0259yat v\u0259 d\u00f6y\u00fc\u015f yolu h\u0259r bir az\u0259rbaycanl\u0131 \u00fc\u00e7\u00fcn q\u00fcrur v\u0259 \u00f6rn\u0259kdir. Qeyd olunub ki, \u015f\u0259hidl\u0259rimizin V\u0259t\u0259n\u0259 ba\u011fl\u0131l\u0131\u011f\u0131, milli ruhu v\u0259 f\u0259dakarl\u0131\u011f\u0131 daim ehtiramla yad edilir.<\/p>\n<p class=\"isSelectedEnd\">Rayon \u0130cra Hakimiyy\u0259tinin ba\u015f\u00e7\u0131s\u0131 vur\u011fulay\u0131b ki, M\u00fcz\u0259ff\u0259r Ali Ba\u015f Komandan \u0130lham \u018fliyevin r\u0259hb\u0259rliyi il\u0259 V\u0259t\u0259n m\u00fcharib\u0259sind\u0259 qazan\u0131lan tarixi Q\u0259l\u0259b\u0259 \u015f\u0259hidl\u0259rimizin can\u0131, qan\u0131, q\u0259hr\u0259manl\u0131\u011f\u0131 v\u0259 f\u0259dakarl\u0131\u011f\u0131 bahas\u0131na \u0259ld\u0259 olunub. Bildirib ki, \u015f\u0259hid ail\u0259l\u0259rin\u0259, m\u00fcharib\u0259 veteranlar\u0131na v\u0259 m\u00fcharib\u0259 \u0259lill\u0259rin\u0259 g\u00f6st\u0259ril\u0259n d\u00f6vl\u0259t diqq\u0259ti v\u0259 qay\u011f\u0131s\u0131 bundan sonra da davam etdiril\u0259c\u0259k.<\/p>\n<p class=\"isSelectedEnd\">\u015e\u0259hidin ail\u0259 \u00fczvl\u0259ri g\u00f6st\u0259ril\u0259n diqq\u0259t v\u0259 qay\u011f\u0131ya g\u00f6r\u0259 Az\u0259rbaycan Respublikas\u0131n\u0131n Prezidenti c\u0259nab \u0130lham \u018fliyev\u0259, Birinci vitse-prezident Mehriban xan\u0131m \u018fliyevaya v\u0259 rayon r\u0259hb\u0259rliyin\u0259 minn\u0259tdarl\u0131qlar\u0131n\u0131 bildiribl\u0259r.<a href=\"https:\/\/kultur.az\/wp-content\/uploads\/2026\/09\/6211661657369.png\"><img decoding=\"async\" loading=\"lazy\" class=\"aligncenter size-medium wp-image-23254\" src=\"https:\/\/kultur.az\/wp-content\/uploads\/2026\/09\/6211661657369-300x300.png\" alt=\"\" width=\"300\" height=\"300\" srcset=\"https:\/\/kultur.az\/wp-content\/uploads\/2026\/09\/6211661657369-300x300.png 300w, https:\/\/kultur.az\/wp-content\/uploads\/2026\/09\/6211661657369-150x150.png 150w, https:\/\/kultur.az\/wp-content\/uploads\/2026\/09\/6211661657369-768x768.png 768w, https:\/\/kultur.az\/wp-content\/uploads\/2026\/09\/6211661657369.png 1024w\" sizes=\"(max-width: 300px) 100vw, 300px\" \/><\/a><\/p>\n<p class=\"isSelectedEnd\"><strong>Xat\u0131rladaq ki,<\/strong> Mahir Dada\u015fzad\u0259 1993-c\u00fc il sentyabr\u0131n 1-d\u0259 Beyl\u0259qan rayonunun Allahyarl\u0131 k\u0259ndind\u0259 anadan olub. Ail\u0259li idi.<\/p>\n<p class=\"isSelectedEnd\">O, 2016-c\u0131 il aprelin 2\u20135-d\u0259 ba\u015f ver\u0259n Aprel d\u00f6y\u00fc\u015fl\u0259rind\u0259, el\u0259c\u0259 d\u0259 2020-ci il iyulun 12\u201316-da ba\u015f ver\u0259n Tovuz d\u00f6y\u00fc\u015fl\u0259rind\u0259 i\u015ftirak edib.<\/p>\n<p class=\"isSelectedEnd\">Az\u0259rbaycan Ordusunun ba\u015f leytenant\u0131 Mahir Dada\u015fzad\u0259 2020-ci il sentyabr\u0131n 27-d\u0259 ba\u015flayan V\u0259t\u0259n m\u00fcharib\u0259si zaman\u0131 Murovun, F\u00fczulinin, Z\u0259ngilan\u0131n v\u0259 Qubadl\u0131n\u0131n azadl\u0131\u011f\u0131 u\u011frunda ged\u0259n d\u00f6y\u00fc\u015fl\u0259rd\u0259 i\u015ftirak edib. D\u00f6y\u00fc\u015fl\u0259r zaman\u0131 20-d\u0259n \u00e7ox yaral\u0131 h\u0259rb\u00e7ini d\u00f6y\u00fc\u015f meydan\u0131ndan \u00e7\u0131xar\u0131b.<\/p>\n<p class=\"isSelectedEnd\">Mahir Dada\u015fzad\u0259 2020-ci il oktyabr\u0131n 26-da F\u00fczuli istiqam\u0259tind\u0259 ged\u0259n d\u00f6y\u00fc\u015fl\u0259r zaman\u0131 \u015f\u0259hid olub. O, Beyl\u0259qan rayonu \u015e\u0259hidl\u0259r Xiyaban\u0131nda d\u0259fn edilib.<\/p>\n<p>Az\u0259rbaycan Respublikas\u0131n\u0131n Prezidenti \u0130lham \u018fliyevin s\u0259r\u0259ncamlar\u0131na \u0259sas\u0259n, Az\u0259rbaycan\u0131n \u0259razi b\u00fct\u00f6vl\u00fcy\u00fcn\u00fcn t\u0259min edilm\u0259si u\u011frunda d\u00f6y\u00fc\u015f \u0259m\u0259liyyatlar\u0131nda i\u015ftirak ed\u0259r\u0259k v\u0259zif\u0259 borcunu \u015f\u0259r\u0259fl\u0259 yerin\u0259 yetirdiyin\u0259 g\u00f6r\u0259 Mahir Dada\u015fzad\u0259 \u00f6l\u00fcm\u00fcnd\u0259n sonra <strong>\u201cV\u0259t\u0259n u\u011frunda\u201d<\/strong>, <strong>\u201cD\u00f6y\u00fc\u015fd\u0259 f\u0259rql\u0259nm\u0259y\u0259 g\u00f6r\u0259\u201d<\/strong>, <strong>\u201cF\u00fczulinin azad olunmas\u0131na g\u00f6r\u0259\u201d<\/strong> medallar\u0131 v\u0259 <strong>III d\u0259r\u0259c\u0259li \u201cR\u0259\u015fad\u0259t\u201d ordeni<\/strong> il\u0259 t\u0259ltif olunub.<\/p>\n<p class=\"bawpvc-ajax-counter\" data-id=\"23252\">Yaz\u0131ya 5 d\u0259f\u0259 bax\u0131l\u0131b<\/p>\n","protected":false},"excerpt":{"rendered":"<p>\u015e\u0259hid ba\u015f leytenant Mahir Q\u0259rib o\u011flu Dada\u015fzad\u0259nin do\u011fum g\u00fcn\u00fc il\u0259 \u0259laq\u0259dar Beyl\u0259qan Rayon \u0130cra Hakimiyy\u0259tinin r\u0259hb\u0259rliyi, \u015f\u0259hidin do\u011fmalar\u0131 v\u0259 rayon sakinl\u0259ri onun Beyl\u0259qan rayonu \u015e\u0259hidl\u0259r Xiyaban\u0131ndak\u0131 m\u0259zar\u0131n\u0131 ziyar\u0259t edibl\u0259r. Ziyar\u0259t zaman\u0131 m\u0259zar \u00f6n\u00fcn\u0259 g\u00fcl d\u0259st\u0259l\u0259ri d\u00fcz\u00fcl\u00fcb, \u015f\u0259hidin \u0259ziz xatir\u0259si ehtiramla yad edilib. Rayon \u0130cra Hakimiyy\u0259tinin ba\u015f\u00e7\u0131s\u0131 \u018fziz \u018fzizov bildirib ki, Mahir Dada\u015fzad\u0259 kimi V\u0259t\u0259n u\u011frunda [&hellip;]<\/p>\n","protected":false},"author":1,"featured_media":23253,"comment_status":"closed","ping_status":"closed","sticky":false,"template":"","format":"standard","meta":[],"categories":[30],"tags":[],"_links":{"self":[{"href":"https:\/\/kultur.az\/index.php?rest_route=\/wp\/v2\/posts\/23252"}],"collection":[{"href":"https:\/\/kultur.az\/index.php?rest_route=\/wp\/v2\/posts"}],"about":[{"href":"https:\/\/kultur.az\/index.php?rest_route=\/wp\/v2\/types\/post"}],"author":[{"embeddable":true,"href":"https:\/\/kultur.az\/index.php?rest_route=\/wp\/v2\/users\/1"}],"replies":[{"embeddable":true,"href":"https:\/\/kultur.az\/index.php?rest_route=%2Fwp%2Fv2%2Fcomments&post=23252"}],"version-history":[{"count":1,"href":"https:\/\/kultur.az\/index.php?rest_route=\/wp\/v2\/posts\/23252\/revisions"}],"predecessor-version":[{"id":23255,"href":"https:\/\/kultur.az\/index.php?rest_route=\/wp\/v2\/posts\/23252\/revisions\/23255"}],"wp:featuredmedia":[{"embeddable":true,"href":"https:\/\/kultur.az\/index.php?rest_route=\/wp\/v2\/media\/23253"}],"wp:attachment":[{"href":"https:\/\/kultur.az\/index.php?rest_route=%2Fwp%2Fv2%2Fmedia&parent=23252"}],"wp:term":[{"taxonomy":"category","embeddable":true,"href":"https:\/\/kultur.az\/index.php?rest_route=%2Fwp%2Fv2%2Fcategories&post=23252"},{"taxonomy":"post_tag","embeddable":true,"href":"https:\/\/kultur.az\/index.php?rest_route=%2Fwp%2Fv2%2Ftags&post=23252"}],"curies":[{"name":"wp","href":"https:\/\/api.w.org\/{rel}","templated":true}]}}