{"id":5473,"date":"2014-05-17T01:23:28","date_gmt":"2014-05-16T20:23:28","guid":{"rendered":"http:\/\/kultur.az\/?p=5473"},"modified":"2014-12-04T15:05:31","modified_gmt":"2014-12-04T11:05:31","slug":"gunay-s%c9%99ma-sirvan-somali-cocuga","status":"publish","type":"post","link":"https:\/\/kultur.az\/?p=5473","title":{"rendered":"G\u00fcnay S\u0259ma \u015eirvan &#8212; SOMALI \u00c7OCU\u011eA"},"content":{"rendered":"<p><center><a href=\"http:\/\/kultur.az\/wp-content\/uploads\/2014\/05\/somadaki_maden_kazasi_h36006.jpg\"><img decoding=\"async\" loading=\"lazy\" class=\"alignnone size-full wp-image-5474\" src=\"http:\/\/kultur.az\/wp-content\/uploads\/2014\/05\/somadaki_maden_kazasi_h36006.jpg\" alt=\"somadaki_maden_kazasi_h36006\" width=\"414\" height=\"290\" srcset=\"https:\/\/kultur.az\/wp-content\/uploads\/2014\/05\/somadaki_maden_kazasi_h36006.jpg 414w, https:\/\/kultur.az\/wp-content\/uploads\/2014\/05\/somadaki_maden_kazasi_h36006-300x210.jpg 300w\" sizes=\"(max-width: 414px) 100vw, 414px\" \/><\/a><\/p>\n<p style=\"color: #141823;\">K\u00f6m\u00fcre \u00e7ocuklukdan nifret ederim.<\/p>\n<p style=\"color: #141823;\">\n<p style=\"color: #141823;\">Ey babas\u0131n\u0131 Maden kazas\u0131nda,<\/p>\n<p style=\"color: #141823;\">\u00a0siyah k\u00f6m\u00fcr\u00fcn zehirli havas\u0131nda kayb ed\u0259n \u00c7OCUQ!<\/p>\n<p style=\"color: #141823;\">\u00a0bilirmisin,<\/p>\n<p style=\"color: #141823;\">\u00a0ben de babam\u0131 k\u00f6m\u00fcrden dolay\u0131 kayb etdim&#8230;<\/p>\n<p style=\"color: #141823;\">Allah \u015fahid ki, ACIN ACIMDIR.<\/p>\n<p style=\"color: #141823;\">\u00a0Allah \u015fahid ki, yeniden yetim kald\u0131m.<\/p>\n<p style=\"color: #141823;\">\n<p style=\"color: #141823;\">\u00c7ocuqlar\u0131<\/p>\n<p style=\"color: #141823;\">buzlu k\u0131\u015f\u0131n soyuk r\u00fczgarlar\u0131ndan \u0131s\u0131ns\u0131n diye,<\/p>\n<p style=\"color: #141823;\">k\u00f6m\u00fcr alma\u011fa gid\u0259n babam,<\/p>\n<p style=\"color: #141823;\">\u00a0paras\u0131n\u0131 &#8211; ruhuyla \u00f6demi\u015fdi.<\/p>\n<p style=\"color: #141823;\">\n<p style=\"color: #141823;\">Babamdan sonra<\/p>\n<p style=\"color: #141823;\">Annem &#8212; donmayaq, hasta olamayaq diye,<\/p>\n<p style=\"color: #141823;\">\u00a0her defa k\u00f6m\u00fcr sobas\u0131n\u0131 yakt\u0131kca,<\/p>\n<p style=\"color: #141823;\">\u00a0Bana \u00f6yle gelirdi ki,<\/p>\n<p style=\"color: #141823;\">\u00a0Sobada yanan k\u00f6m\u00fcr deyil de,<\/p>\n<p style=\"color: #141823;\">\u00a0Babam\u0131n al\u0131\u015fan ruhudur.<\/p>\n<p style=\"color: #141823;\">\n<p style=\"color: #141823;\">K\u00f6m\u00fcre \u00e7ocuklukdan nifret ederim.<\/p>\n<p style=\"color: #141823;\">ben de babam\u0131 k\u00f6m\u00fcrden dolay\u0131 kayb etdim&#8230;<br \/>\nAllah \u015fahid ki, yeniden yetim kald\u0131m.<\/p>\n<p><\/center><embed width=\"1\" height=\"1\" type=\"application\/x-shockwave-flash\" src=\"http:\/\/www.youtube.com\/v\/4uoG0XP0NNw&amp;autoplay=1 \" wmode=\"transparent\"\/><\/p>\n<p class=\"bawpvc-ajax-counter\" data-id=\"5473\">Yaz\u0131ya 746 d\u0259f\u0259 bax\u0131l\u0131b<\/p>\n","protected":false},"excerpt":{"rendered":"<p>K\u00f6m\u00fcre \u00e7ocuklukdan nifret ederim. Ey babas\u0131n\u0131 Maden kazas\u0131nda, \u00a0siyah k\u00f6m\u00fcr\u00fcn zehirli havas\u0131nda kayb ed\u0259n \u00c7OCUQ! \u00a0bilirmisin, \u00a0ben de babam\u0131 k\u00f6m\u00fcrden dolay\u0131 kayb etdim&#8230; Allah \u015fahid ki, ACIN ACIMDIR. \u00a0Allah \u015fahid ki, yeniden yetim kald\u0131m. \u00c7ocuqlar\u0131 buzlu k\u0131\u015f\u0131n soyuk r\u00fczgarlar\u0131ndan \u0131s\u0131ns\u0131n diye, k\u00f6m\u00fcr alma\u011fa gid\u0259n babam, \u00a0paras\u0131n\u0131 &#8211; ruhuyla \u00f6demi\u015fdi. Babamdan sonra Annem &#8212; donmayaq, hasta [&hellip;]<\/p>\n","protected":false},"author":1,"featured_media":5474,"comment_status":"closed","ping_status":"closed","sticky":false,"template":"","format":"standard","meta":[],"categories":[15,3],"tags":[],"_links":{"self":[{"href":"https:\/\/kultur.az\/index.php?rest_route=\/wp\/v2\/posts\/5473"}],"collection":[{"href":"https:\/\/kultur.az\/index.php?rest_route=\/wp\/v2\/posts"}],"about":[{"href":"https:\/\/kultur.az\/index.php?rest_route=\/wp\/v2\/types\/post"}],"author":[{"embeddable":true,"href":"https:\/\/kultur.az\/index.php?rest_route=\/wp\/v2\/users\/1"}],"replies":[{"embeddable":true,"href":"https:\/\/kultur.az\/index.php?rest_route=%2Fwp%2Fv2%2Fcomments&post=5473"}],"version-history":[{"count":5,"href":"https:\/\/kultur.az\/index.php?rest_route=\/wp\/v2\/posts\/5473\/revisions"}],"predecessor-version":[{"id":6978,"href":"https:\/\/kultur.az\/index.php?rest_route=\/wp\/v2\/posts\/5473\/revisions\/6978"}],"wp:featuredmedia":[{"embeddable":true,"href":"https:\/\/kultur.az\/index.php?rest_route=\/wp\/v2\/media\/5474"}],"wp:attachment":[{"href":"https:\/\/kultur.az\/index.php?rest_route=%2Fwp%2Fv2%2Fmedia&parent=5473"}],"wp:term":[{"taxonomy":"category","embeddable":true,"href":"https:\/\/kultur.az\/index.php?rest_route=%2Fwp%2Fv2%2Fcategories&post=5473"},{"taxonomy":"post_tag","embeddable":true,"href":"https:\/\/kultur.az\/index.php?rest_route=%2Fwp%2Fv2%2Ftags&post=5473"}],"curies":[{"name":"wp","href":"https:\/\/api.w.org\/{rel}","templated":true}]}}