{"id":6855,"date":"2014-10-14T13:41:56","date_gmt":"2014-10-14T08:41:56","guid":{"rendered":"http:\/\/kultur.az\/?p=6855"},"modified":"2014-10-14T13:41:56","modified_gmt":"2014-10-14T08:41:56","slug":"m%c9%99mm%c9%99d-araz-ayaga-dur-az%c9%99rbaycan-s%c9%99ninl%c9%99y%c9%99m","status":"publish","type":"post","link":"https:\/\/kultur.az\/?p=6855","title":{"rendered":"M\u0259mm\u0259d Araz &#8211; Aya\u011fa dur, Az\u0259rbaycan, s\u0259ninl\u0259y\u0259m!"},"content":{"rendered":"<p style=\"text-align: center;\">\n<p style=\"text-align: center;\"><a href=\"http:\/\/kultur.az\/wp-content\/uploads\/2014\/02\/memmed-araz.jpg\"><img decoding=\"async\" loading=\"lazy\" class=\"aligncenter wp-image-1816 size-full\" src=\"http:\/\/kultur.az\/wp-content\/uploads\/2014\/02\/memmed-araz.jpg\" alt=\"memmed araz\" width=\"600\" height=\"410\" \/><\/a><\/p>\n<p style=\"text-align: center;\">Ey da\u015fla\u015fan, torpaqla\u015fan,<br \/>\nulu babam!<br \/>\nBu g\u00fcn\u00fcmd\u0259n d\u00fcn\u0259nim\u0259 uzaqla\u015fan<br \/>\nulu babam!<br \/>\nK\u00fcl\u0259kl\u0259\u015f\u0259n, dumanla\u015fan ruhumla s\u0259n<br \/>\nAya\u011fa dur, s\u0259ninl\u0259y\u0259m!<br \/>\nS\u0259s gem\u0259y\u0259n,<br \/>\n\u0259l yetm\u0259y\u0259n<br \/>\nQ\u0259dim tarix d\u0259r\u0259sind\u0259n<br \/>\nS\u0259s ver m\u0259nim s\u0259sim\u0259 son: &#8211;<br \/>\nS\u0259n\u0259 g\u0259l\u0259n, s\u0259nd\u0259n<br \/>\n\u00d6t\u0259n<br \/>\nN\u0259ydi bel\u0259? &#8211;<br \/>\nS\u0259nd\u0259n \u00f6t\u00fcb qarda\u015f\u0131na d\u0259ydi bel\u0259?<br \/>\nBununlam\u0131 ne\u00e7\u0259 d\u0259f\u0259<br \/>\nAta-o\u011ful, qarda\u015f hissi ha\u00e7aland\u0131,<br \/>\nBir \u015f\u0259h\u0259rin<br \/>\nBe\u015f qarda\u015f\u0131n xanl\u0131\u011f\u0131na par\u00e7aland\u0131\u2019?<br \/>\nO zamanm\u0131 bitdi bizim<br \/>\ndilimizin<br \/>\n\u201cs\u0259nin\u201d, \u201cm\u0259nim\u201d qabar\u0131 da?<br \/>\nO zamanm\u0131 bitdi bizim<br \/>\ndilimizin<br \/>\n\u201charal\u0131san\u201d damar\u0131 da?..<br \/>\nS\u0259ninl\u0259y\u0259m, ulu babam!<br \/>\nBu m\u0259s\u0259li kimdi yazan?<br \/>\nHans\u0131 soysuz ata idi<br \/>\nAtalar\u0131n imzas\u0131n\u0131<br \/>\n\u00c7ok\u0131b, ona m\u00f6h\u00fcr basan?!<br \/>\nAd\u0131n\u0131z\u0131 dastanlardan o\u011frayaram.<br \/>\nRuhunuzu q\u0131yma-q\u0131yma do\u011frayaram,<br \/>\nQara \u00c7oban,<\/p>\n<p style=\"text-align: center;\">Ey Xan Eyvaz,<br \/>\nGiziro\u011flu Mustafab\u0259y,<br \/>\n\u018fg\u0259r ki, siz<br \/>\nBu m\u0259s\u0259l\u0259 qol \u00e7\u0259kdiniz!<br \/>\nSonra, sonra hans\u0131n\u0131zsa<br \/>\nXalqa g\u0259l\u0259n bir q\u0259zadan<br \/>\n\u00d6z ba\u015f\u0131n\u0131 yana \u0259ydi.<br \/>\nO q\u0259za bir topa d\u00f6n\u00fcb<br \/>\nS\u0259ttarxan\u0131n tifaq\u0131na<br \/>\nyaman d\u0259ydi.<br \/>\nM\u0259nd\u0259n \u00f6td\u00fc!\u2026<br \/>\nM\u0259nd\u0259n \u00f6td\u00fc!..<br \/>\nSevinc\u0259 bax, qeyr\u0259t\u0259 bax!<br \/>\nBunu yazan xilq\u0259t\u0259 bax!<br \/>\nM\u0259nd\u0259n \u00d6td\u00fc!..<br \/>\nQula\u011f\u0131mdan getmir bu s\u0259s,<br \/>\nZ\u0259rb\u0259l\u0259ri qarda\u015f\u0131na,<br \/>\nSirda\u015f\u0131na \u00f6t\u00fcr\u0259n k\u0259s<br \/>\nEl\u0259 bli ki, bax bu gec\u0259<br \/>\nQula\u011f\u0131m\u0131n dibind\u0259c\u0259<br \/>\nX\u0259tainin s\u00fcqutuna<br \/>\nq\u0259h-q\u0259h \u00e7\u0259kdi.<br \/>\nSonra, sonra<br \/>\nS\u0259h\u0259r\u0259c\u0259n ba\u015f\u0131na y\u00fcz q\u0259d\u0259h \u00e7\u0259kdi.<br \/>\nO q\u0259hq\u0259hin dal\u011fas\u0131ndan,<br \/>\nO m\u0259stliyin ba\u015f f\u0131rladan<br \/>\nHavas\u0131ndan<br \/>\nqopan da\u015fd\u0131 \u2013<br \/>\nAz\u0259rbaycan torpa\u011f\u0131nda<br \/>\nAraz boyda \u015f\u0131r\u0131m a\u00e7d\u0131.<br \/>\nM\u0259nd\u0259n \u00f6td\u00fc\u2026<br \/>\nBunu dedi \u015e\u0259ki xan\u0131,<br \/>\nBunu dedi Bak\u0131 xan\u0131,<br \/>\nBunu dedi \u0130brabim xan,<br \/>\nF\u0259t\u0259li xan, K\u0259lb\u0259li xan\u2026<br \/>\nQ\u0259za \u00f6ts\u00fcn m\u0259nd\u0259n, \u2013 dedi,<br \/>\n\u00d6t\u0259n kimi \u201cm\u0259n-m\u0259n\u201d dedi:<\/p>\n<p style=\"text-align: center;\">\u201cM\u0259n-m\u0259n\u201d dedi bir \u00f6lk\u0259d\u0259<br \/>\nn\u0259 q\u0259d\u0259r xan.<br \/>\nOnlar \u201cm\u0259n-m\u0259n\u201d dey\u0259n yerd\u0259<br \/>\nS\u0259n olmad\u0131n, Azorbaycan!<br \/>\nS\u0259ni s\u0259nd\u0259n al\u0131b bel\u0259<br \/>\nY\u00fcz ill\u0259rl\u0259 uyutdular.<br \/>\nS\u0259ni s\u0259nd\u0259 \u0259l\u0259dil\u0259r,<br \/>\nS\u0259ni s\u0259nd\u0259 \u00fcy\u00fctd\u00fcl\u0259r.<br \/>\nDib\u0259k oldun \u00f6z duzunla,<br \/>\n\u00f6z da\u015f\u0131nla.<br \/>\n\u00d6gey oldun<br \/>\ndo\u011fma, \u0259kiz qarda\u015fmla \u2013<br \/>\nM\u0259nd\u0259n \u00f6td\u00fc dey\u0259nl\u0259rin qeyr\u0259tind\u0259n,<br \/>\nNamusunu yey\u0259nl\u0259rin qeyr\u0259tind\u0259n!<br \/>\nM\u0259nd\u0259n \u00f6td\u00fc\u2026<br \/>\nM\u0259nd\u0259n \u00f6td\u00fc!<br \/>\nEy da\u015fla\u015fan, torpaqla\u015fan,<br \/>\nulu babam!<br \/>\nBu g\u00fcn\u00fcmd\u0259n d\u00fcn\u0259nim\u0259 uzaqla\u015fan<br \/>\nulu babam!<br \/>\nAya\u011fa dur!<br \/>\nD\u0259fn etdiyim m\u0259s\u0259linin<br \/>\nBa\u015f da\u015f\u0131na<br \/>\nBir t\u0259\u0259ss\u00fcf xatir\u0259si yaz\u0131b, yondur:<br \/>\nSond\u0259n \u00f6t\u0259n m\u0259n\u0259 d\u0259ydi,<br \/>\nM\u0259nd\u0259n \u00f6t\u0259n s\u0259n\u0259 d\u0259ydi.<br \/>\nS\u0259nd\u0259n, m\u0259nd\u0259n \u00f6t\u0259n z\u0259rb\u0259<br \/>\nV\u0259t\u0259n, V\u0259t\u0259n, s\u0259n\u0259 d\u0259ydi.<\/p>\n<p class=\"bawpvc-ajax-counter\" data-id=\"6855\">Yaz\u0131ya 1160 d\u0259f\u0259 bax\u0131l\u0131b<\/p>\n","protected":false},"excerpt":{"rendered":"<p>Ey da\u015fla\u015fan, torpaqla\u015fan, ulu babam! Bu g\u00fcn\u00fcmd\u0259n d\u00fcn\u0259nim\u0259 uzaqla\u015fan ulu babam! K\u00fcl\u0259kl\u0259\u015f\u0259n, dumanla\u015fan ruhumla s\u0259n Aya\u011fa dur, s\u0259ninl\u0259y\u0259m! S\u0259s gem\u0259y\u0259n, \u0259l yetm\u0259y\u0259n Q\u0259dim tarix d\u0259r\u0259sind\u0259n S\u0259s ver m\u0259nim s\u0259sim\u0259 son: &#8211; S\u0259n\u0259 g\u0259l\u0259n, s\u0259nd\u0259n \u00d6t\u0259n N\u0259ydi bel\u0259? &#8211; S\u0259nd\u0259n \u00f6t\u00fcb qarda\u015f\u0131na d\u0259ydi bel\u0259? Bununlam\u0131 ne\u00e7\u0259 d\u0259f\u0259 Ata-o\u011ful, qarda\u015f hissi ha\u00e7aland\u0131, Bir \u015f\u0259h\u0259rin Be\u015f qarda\u015f\u0131n xanl\u0131\u011f\u0131na [&hellip;]<\/p>\n","protected":false},"author":1,"featured_media":0,"comment_status":"closed","ping_status":"closed","sticky":false,"template":"","format":"standard","meta":[],"categories":[5,15,3],"tags":[],"_links":{"self":[{"href":"https:\/\/kultur.az\/index.php?rest_route=\/wp\/v2\/posts\/6855"}],"collection":[{"href":"https:\/\/kultur.az\/index.php?rest_route=\/wp\/v2\/posts"}],"about":[{"href":"https:\/\/kultur.az\/index.php?rest_route=\/wp\/v2\/types\/post"}],"author":[{"embeddable":true,"href":"https:\/\/kultur.az\/index.php?rest_route=\/wp\/v2\/users\/1"}],"replies":[{"embeddable":true,"href":"https:\/\/kultur.az\/index.php?rest_route=%2Fwp%2Fv2%2Fcomments&post=6855"}],"version-history":[{"count":1,"href":"https:\/\/kultur.az\/index.php?rest_route=\/wp\/v2\/posts\/6855\/revisions"}],"predecessor-version":[{"id":6856,"href":"https:\/\/kultur.az\/index.php?rest_route=\/wp\/v2\/posts\/6855\/revisions\/6856"}],"wp:attachment":[{"href":"https:\/\/kultur.az\/index.php?rest_route=%2Fwp%2Fv2%2Fmedia&parent=6855"}],"wp:term":[{"taxonomy":"category","embeddable":true,"href":"https:\/\/kultur.az\/index.php?rest_route=%2Fwp%2Fv2%2Fcategories&post=6855"},{"taxonomy":"post_tag","embeddable":true,"href":"https:\/\/kultur.az\/index.php?rest_route=%2Fwp%2Fv2%2Ftags&post=6855"}],"curies":[{"name":"wp","href":"https:\/\/api.w.org\/{rel}","templated":true}]}}