{"id":7215,"date":"2014-12-08T23:56:41","date_gmt":"2014-12-08T19:56:41","guid":{"rendered":"http:\/\/kultur.az\/?p=7215"},"modified":"2014-12-08T23:56:54","modified_gmt":"2014-12-08T19:56:54","slug":"jozef-merrik-v%c9%99-ya-m%c9%99shur-fil-adam","status":"publish","type":"post","link":"https:\/\/kultur.az\/?p=7215","title":{"rendered":"Jozef Merrik  v\u0259 ya m\u0259\u015fhur &#8220;fil adam&#8221;"},"content":{"rendered":"<p><a href=\"http:\/\/kultur.az\/wp-content\/uploads\/2014\/12\/360px-joseph_merrick_carte_de_visite_photo_c-_1889.jpg\"><img decoding=\"async\" loading=\"lazy\" class=\"alignleft wp-image-7216\" src=\"http:\/\/kultur.az\/wp-content\/uploads\/2014\/12\/360px-joseph_merrick_carte_de_visite_photo_c-_1889.jpg\" alt=\"360px-joseph_merrick_carte_de_visite_photo_c-_1889\" width=\"228\" height=\"380\" \/><\/a><\/p>\n<p style=\"color: #444444;\"><strong style=\"font-weight: bold; font-style: inherit;\">Jozef Merrik<\/strong>\u00a0v\u0259 ya insanlar\u0131n onu adland\u0131rd\u0131\u011f\u0131 kimi m\u0259\u015fhur\u00a0<em style=\"font-weight: inherit; font-style: italic;\">\u201cFil adam\u201d<\/em>. Bilin\u0259nd\u0259n f\u0259rqli olaraq onun ad\u0131n\u0131n \u0259slind\u0259 Con oldu\u011fu\u00a0s\u00fcbut olunub. 1862ci il, \u0130ngilt\u0259r\u0259 \u2013 Ley\u00e7ester \u015f\u0259h\u0259rind\u0259 d\u00fcnyaya g\u0259l\u0259n Con, tibbd\u0259 nadir hallarda rastlanan x\u0259st\u0259l\u0259kl\u0259rd\u0259n birinin da\u015f\u0131y\u0131c\u0131s\u0131 idi. D\u0259risinin deformasiyaya u\u011framas\u0131 onun \u00fcz v\u0259 b\u0259d\u0259n nahiy\u0259sind\u0259 k\u0259skin \u015f\u0259kild\u0259 n\u0259z\u0259r\u0259 \u00e7arp\u0131rd\u0131. Sonralar h\u0259kiml\u0259rin apard\u0131\u011f\u0131 ara\u015fd\u0131rmalar x\u0259st\u0259liyin h\u0259qiq\u0259t\u0259n d\u0259 s\u00fcm\u00fckd\u0259n qaynaqlanmad\u0131\u011f\u0131n\u0131 qeyd etmi\u015fdil\u0259r.<\/p>\n<p style=\"color: #444444;\">\u00d6z\u00fcn\u00fcn g\u00f6r\u00fcn\u00fc\u015f\u00fcn\u0259 g\u00f6r\u0259 12 ya\u015f\u0131nda m\u0259kt\u0259bd\u0259n \u00e7\u0131xan Con, 1 il \u0259vv\u0259l 11 ya\u015f\u0131nda anas\u0131n\u0131 itirir. \u0130\u015f axtarma\u011fa \u00e7al\u0131\u015fsa da u\u011fur qazanm\u0131r.\u00a017 ya\u015f\u0131ndan Ley\u00e7esterd\u0259ki emalatxanalardan birind\u0259 ya\u015fama\u011fa ba\u015flay\u0131r. 1884c\u00fc ild\u0259 h\u0259min d\u00f6vr\u00fcn \u0259yl\u0259nc\u0259 adamlar\u0131ndan olan\u00a0<strong style=\"font-weight: bold; font-style: inherit;\">Sam Torr<\/strong>onunla m\u00fcqavil\u0259 ba\u011flay\u0131r. \u015e\u0259rqi Midlanda apar\u0131lan Con, burada pul qar\u015f\u0131l\u0131\u011f\u0131nda insanlara s\u0259rgil\u0259nir.<\/p>\n<p style=\"color: #444444;\">Daha sonra Londona g\u0259l\u0259n Con, burada dig\u0259r bir \u015foumen\u00a0<strong style=\"font-weight: bold; font-style: inherit;\">Tom Norman<\/strong>\u00a0t\u0259r\u0259find\u0259n \u0259vv\u0259lki \u015f\u0259kild\u0259 istismara m\u0259ruz qal\u0131r. S\u0259rgil\u0259rin birind\u0259 London x\u0259st\u0259xanas\u0131n\u0131n h\u0259kimi\u00a0<strong style=\"font-weight: bold; font-style: inherit;\">Frederik Trevis<\/strong>\u00a0Conu g\u00f6r\u00fcr v\u0259 onun bir ne\u00e7\u0259 fotosunu \u00e7\u0259kir. Norman\u0131n i\u015f yeri polisl\u0259r t\u0259r\u0259find\u0259n ba\u011flan\u0131r. Merrik is\u0259 Avropa turuna yollan\u0131r.<\/p>\n<p style=\"color: #444444;\"><img decoding=\"async\" loading=\"lazy\" class=\"size-medium wp-image-281 alignright\" src=\"https:\/\/fotosintez.files.wordpress.com\/2013\/02\/360px-joseph_merrick_carte_de_visite_photo_c-_1889.jpg?w=180&amp;h=300\" alt=\"360px-Joseph_Merrick_carte_de_visite_photo,_c._1889\" width=\"180\" height=\"300\" \/><\/p>\n<p style=\"color: #444444;\">Bel\u00e7ikada o\u011furlanan Merrik, bir m\u00fcdd\u0259t burada insanlara s\u0259rgi obyekti kimi t\u0259qdim edilir. M\u0259s\u0259l\u0259y\u0259 m\u00fcdaxil\u0259 ed\u0259n polisl\u0259r Merrikin \u00fcst\u00fcnd\u0259n h\u0259kim Frederikin kart\u0131n\u0131 tap\u0131rlar. Londona qay\u0131tma\u011f\u0131 bacaran Con, London x\u0259st\u0259xanas\u0131nda Trevis t\u0259r\u0259find\u0259n m\u00fcalic\u0259 olunma\u011f\u0131 q\u0259bul edir. \u00d6mr\u00fcn\u00fcn qalan hiss\u0259sini burada ke\u00e7ir\u0259n Merrik, bir \u00e7ox m\u0259\u015fhurun da maraq obyektin\u0259 d\u00fc\u015f\u00fcr. Bunlardan biri d\u0259 Uels \u015fahzad\u0259si<strong style=\"font-weight: bold; font-style: inherit;\">Aleksandra<\/strong>\u00a0idi.<\/p>\n<p style=\"color: #444444;\">1890c\u0131 ild\u0259, 27 ya\u015f\u0131nda \u00f6l\u0259n Con Merrikin, \u00f6l\u00fcm s\u0259b\u0259bi kimi<strong style=\"font-weight: bold; font-style: inherit;\">aspixiya<\/strong>\u00a0(n\u0259f\u0259s \u00e7at\u0131\u015fmazl\u0131\u011f\u0131) g\u00f6st\u0259rilir. H\u0259kim Trevis onun adi insanlar kimi uzanaraq yatma\u011fa c\u0259hd g\u00f6st\u0259rm\u0259si n\u0259tic\u0259sind\u0259 oksigen \u00e7at\u0131\u015fmazl\u0131\u011f\u0131ndan \u00f6ld\u00fcy\u00fcn\u00fc deyirdi.<\/p>\n<p style=\"color: #444444;\">\u00d6l\u00fcm\u00fcnd\u0259n sonra da Conun hans\u0131 x\u0259st\u0259likd\u0259n \u0259ziyy\u0259t \u00e7\u0259km\u0259si bar\u0259d\u0259 m\u00fcxt\u0259lif fikirl\u0259r dola\u015f\u0131rd\u0131. \u018fvv\u0259lc\u0259 onun\u00a0<strong style=\"font-weight: bold; font-style: inherit;\">neyrofibromatoz<\/strong>dan (d\u0259ri v\u0259 sinirl\u0259rd\u0259 yaranm\u0131\u015f poz\u011funluq) \u0259ziyy\u0259t \u00e7\u0259kdiyi deyilirdi. 1986c\u0131 ild\u0259 yeni bir teoriya ir\u0259li s\u00fcr\u00fcld\u00fc. Amerikal\u0131\u00a0<strong style=\"font-weight: bold; font-style: inherit;\">Maykl Kohen<\/strong>\u00a01979cu ild\u0259 x\u0259st\u0259liyi\u00a0<em style=\"font-weight: inherit; font-style: italic;\">\u201cPromotey sindromu\u201d<\/em>\u00a0adland\u0131r\u0131r. Sindrom insanda anadang\u0259lm\u0259 d\u0259ri poz\u011funlu\u011fu v\u0259 qeyri-\u0259n\u0259n\u0259vi s\u00fcm\u00fck inki\u015faf\u0131 il\u0259 ba\u011fl\u0131 idi.<\/p>\n<p style=\"color: #444444;\">Con Merikin s\u00fcm\u00fckl\u0259ri \u00f6ld\u00fckd\u0259n sonra London Kral Tibb Muzeyind\u0259 saxlan\u0131l\u0131r. 1988ci ild\u0259 pop ulduz\u00a0<strong style=\"font-weight: bold; font-style: inherit;\">Maykl Cekson<\/strong>\u00a01 milyon dollar qar\u015f\u0131l\u0131\u011f\u0131nda s\u00fcm\u00fckl\u0259rin ona verilm\u0259si il\u0259 ba\u011fl\u0131 muzey\u0259 m\u00fcraci\u0259t ets\u0259 d\u0259 r\u0259dd cavab\u0131 al\u0131r. Ard\u0131nca Merrikin ail\u0259si muzey\u0259 t\u0259zyiq g\u00f6st\u0259rm\u0259y ba\u015flay\u0131r, lakin onlar da m\u00fcv\u0259ff\u0259qiyy\u0259t qazanm\u0131rlar.<\/p>\n<p style=\"color: #444444;\">Merrikin q\u0131sa v\u0259 \u0259zabl\u0131 h\u0259yat\u0131 bir \u00e7ox s\u0259n\u0259t sah\u0259l\u0259rind\u0259 d\u0259 \u00f6z \u0259ksini tapm\u0131\u015fd\u0131r. 1979cu ild\u0259 amerikan dramaturq\u00a0<strong style=\"font-weight: bold; font-style: inherit;\">Bernard Pomerans<\/strong>, \u201cFil adam\u201d adl\u0131 tama\u015fan\u0131 s\u0259hn\u0259l\u0259\u015fdirir. Kinosev\u0259rl\u0259r is\u0259 Con Merrikl\u0259 ba\u011fl\u0131\u00a0<strong style=\"font-weight: bold; font-style: inherit;\">Devid Lin\u00e7<\/strong>in\u00a0<em style=\"font-weight: inherit; font-style: italic;\">\u201cFil adam\u201d<\/em>\u00a0adl\u0131 kinosundan m\u0259lumat ala bil\u0259rl\u0259r. 1980ci ild\u0259 \u00e7\u0259kil\u0259n film Akademiya t\u0259r\u0259find\u0259n 8 oskar namiz\u0259dliyi qazanm\u0131\u015fd\u0131. Ba\u015f rolda Con H\u00f6rts v\u0259 Entoni Hopkins i\u015ftirak edirl\u0259r.<\/p>\n<p class=\"bawpvc-ajax-counter\" data-id=\"7215\">Yaz\u0131ya 733 d\u0259f\u0259 bax\u0131l\u0131b<\/p>\n","protected":false},"excerpt":{"rendered":"<p>Jozef Merrik\u00a0v\u0259 ya insanlar\u0131n onu adland\u0131rd\u0131\u011f\u0131 kimi m\u0259\u015fhur\u00a0\u201cFil adam\u201d. Bilin\u0259nd\u0259n f\u0259rqli olaraq onun ad\u0131n\u0131n \u0259slind\u0259 Con oldu\u011fu\u00a0s\u00fcbut olunub. 1862ci il, \u0130ngilt\u0259r\u0259 \u2013 Ley\u00e7ester \u015f\u0259h\u0259rind\u0259 d\u00fcnyaya g\u0259l\u0259n Con, tibbd\u0259 nadir hallarda rastlanan x\u0259st\u0259l\u0259kl\u0259rd\u0259n birinin da\u015f\u0131y\u0131c\u0131s\u0131 idi. D\u0259risinin deformasiyaya u\u011framas\u0131 onun \u00fcz v\u0259 b\u0259d\u0259n nahiy\u0259sind\u0259 k\u0259skin \u015f\u0259kild\u0259 n\u0259z\u0259r\u0259 \u00e7arp\u0131rd\u0131. Sonralar h\u0259kiml\u0259rin apard\u0131\u011f\u0131 ara\u015fd\u0131rmalar x\u0259st\u0259liyin h\u0259qiq\u0259t\u0259n d\u0259 s\u00fcm\u00fckd\u0259n [&hellip;]<\/p>\n","protected":false},"author":1,"featured_media":7216,"comment_status":"closed","ping_status":"closed","sticky":false,"template":"","format":"standard","meta":[],"categories":[11],"tags":[],"_links":{"self":[{"href":"https:\/\/kultur.az\/index.php?rest_route=\/wp\/v2\/posts\/7215"}],"collection":[{"href":"https:\/\/kultur.az\/index.php?rest_route=\/wp\/v2\/posts"}],"about":[{"href":"https:\/\/kultur.az\/index.php?rest_route=\/wp\/v2\/types\/post"}],"author":[{"embeddable":true,"href":"https:\/\/kultur.az\/index.php?rest_route=\/wp\/v2\/users\/1"}],"replies":[{"embeddable":true,"href":"https:\/\/kultur.az\/index.php?rest_route=%2Fwp%2Fv2%2Fcomments&post=7215"}],"version-history":[{"count":1,"href":"https:\/\/kultur.az\/index.php?rest_route=\/wp\/v2\/posts\/7215\/revisions"}],"predecessor-version":[{"id":7217,"href":"https:\/\/kultur.az\/index.php?rest_route=\/wp\/v2\/posts\/7215\/revisions\/7217"}],"wp:featuredmedia":[{"embeddable":true,"href":"https:\/\/kultur.az\/index.php?rest_route=\/wp\/v2\/media\/7216"}],"wp:attachment":[{"href":"https:\/\/kultur.az\/index.php?rest_route=%2Fwp%2Fv2%2Fmedia&parent=7215"}],"wp:term":[{"taxonomy":"category","embeddable":true,"href":"https:\/\/kultur.az\/index.php?rest_route=%2Fwp%2Fv2%2Fcategories&post=7215"},{"taxonomy":"post_tag","embeddable":true,"href":"https:\/\/kultur.az\/index.php?rest_route=%2Fwp%2Fv2%2Ftags&post=7215"}],"curies":[{"name":"wp","href":"https:\/\/api.w.org\/{rel}","templated":true}]}}