{"id":7449,"date":"2014-12-20T17:14:33","date_gmt":"2014-12-20T13:14:33","guid":{"rendered":"http:\/\/kultur.az\/?p=7449"},"modified":"2014-12-20T17:14:33","modified_gmt":"2014-12-20T13:14:33","slug":"%c9%99l%c9%99kb%c9%99r-salahzad%c9%99-adina-avanqard-poeziya-musabiq%c9%99si-keciril%c9%99c%c9%99k","status":"publish","type":"post","link":"https:\/\/kultur.az\/?p=7449","title":{"rendered":"\u018fl\u0259kb\u0259r Salahzad\u0259 ad\u0131na \u201cAvanqard poeziya m\u00fcsabiq\u0259si\u201d ke\u00e7iril\u0259c\u0259k"},"content":{"rendered":"<p><a href=\"http:\/\/kultur.az\/wp-content\/uploads\/2014\/12\/screenshot.208.jpg\"><img decoding=\"async\" loading=\"lazy\" class=\"aligncenter wp-image-7450 size-full\" src=\"http:\/\/kultur.az\/wp-content\/uploads\/2014\/12\/screenshot.208.jpg\" alt=\"screenshot.208\" width=\"738\" height=\"491\" \/><\/a><\/p>\n<p>&nbsp;<\/p>\n<p style=\"color: #616161;\">M\u00fcsabiq\u0259 ild\u0259 bir d\u0259f\u0259 ke\u00e7irilir. Bu m\u00fcsabiq\u0259d\u0259 forma il\u0259 b\u0259rab\u0259r f\u0259rqli poetik d\u00fc\u015f\u00fcnc\u0259 t\u0259rzi n\u0259z\u0259r\u0259 al\u0131nacaqd\u0131r.<\/p>\n<p style=\"color: #616161;\">\n<p style=\"color: #616161;\">\u00a0H\u0259r m\u00fc\u0259llif m\u00fcsabiq\u0259y\u0259 3 \u015feir t\u0259qdim ed\u0259 bil\u0259r. \u015eeirl\u0259r elektron po\u00e7tu vasit\u0259sil\u0259, a\u00e7\u0131q imza il\u0259 \u201cQobustan\u201d jurnal\u0131na<a style=\"color: #522e69;\" href=\"mailto:qobustan.jurnali@mail.ru\">qobustan.jurnali@mail.ru<\/a>\u00a0email \u00fcnvan\u0131na g\u00f6nd\u0259rilir, yaxud da birba\u015fa toplunun redaksiyas\u0131nda q\u0259bul edilir. \u0130lk be\u015fliy\u0259 d\u00fc\u015f\u0259n \u0259s\u0259rl\u0259r topluda \u00e7ap olunacaq, sonda is\u0259 iki yazar qalib say\u0131lacaqd\u0131r. H\u0259r bir m\u00fc\u0259llif v\u0259 qalib m\u00fcsabiq\u0259d\u0259 t\u0259krar i\u015ftirak ed\u0259 bil\u0259r.<br \/>\nT\u0259qdim olunan yaz\u0131larda m\u00fc\u0259llifin ad\u0131ndan sonra, ya da z\u0259rfin \u00fcst\u00fcnd\u0259 \u201cAvanqard poeziya m\u00fcsabiq\u0259sin\u0259\u201d s\u00f6zl\u0259ri yaz\u0131lmal\u0131d\u0131r.<br \/>\nM\u00fcsabiq\u0259y\u0259 \u015feirl\u0259rin q\u0259bulu 01 yanvar 2015-cil tarixind\u0259n, 15 avqust 2015-ci il tarixin\u0259 kimidir.<br \/>\nM\u00fckafat\u0131n \u00f6z\u00fc is\u0259 qalibl\u0259r\u0259 (I, II) yerl\u0259r h\u0259r il sentyabr ay\u0131n\u0131n 15-d\u0259 \u018f. Salahzad\u0259nin vaxtil\u0259 oxudu\u011fu Qonaqk\u0259nd (Quba) orta m\u0259kt\u0259bind\u0259 t\u0259qdim olunacaqd\u0131r.<\/p>\n<p style=\"color: #616161;\">\u018flav\u0259 m\u0259lumat \u00fc\u00e7\u00fcn telefon:<\/p>\n<p style=\"color: #616161;\">012 493 68 01; +994 50 537 41 61<\/p>\n<p style=\"color: #616161;\"><strong>M\u00fcsabiq\u0259nin m\u00fcnsifl\u0259r hey\u0259ti<\/strong><\/p>\n<p>&nbsp;<\/p>\n<p>&nbsp;<\/p>\n<p class=\"bawpvc-ajax-counter\" data-id=\"7449\">Yaz\u0131ya 839 d\u0259f\u0259 bax\u0131l\u0131b<\/p>\n","protected":false},"excerpt":{"rendered":"<p>&nbsp; M\u00fcsabiq\u0259 ild\u0259 bir d\u0259f\u0259 ke\u00e7irilir. Bu m\u00fcsabiq\u0259d\u0259 forma il\u0259 b\u0259rab\u0259r f\u0259rqli poetik d\u00fc\u015f\u00fcnc\u0259 t\u0259rzi n\u0259z\u0259r\u0259 al\u0131nacaqd\u0131r. \u00a0H\u0259r m\u00fc\u0259llif m\u00fcsabiq\u0259y\u0259 3 \u015feir t\u0259qdim ed\u0259 bil\u0259r. \u015eeirl\u0259r elektron po\u00e7tu vasit\u0259sil\u0259, a\u00e7\u0131q imza il\u0259 \u201cQobustan\u201d jurnal\u0131naqobustan.jurnali@mail.ru\u00a0email \u00fcnvan\u0131na g\u00f6nd\u0259rilir, yaxud da birba\u015fa toplunun redaksiyas\u0131nda q\u0259bul edilir. \u0130lk be\u015fliy\u0259 d\u00fc\u015f\u0259n \u0259s\u0259rl\u0259r topluda \u00e7ap olunacaq, sonda is\u0259 iki yazar qalib [&hellip;]<\/p>\n","protected":false},"author":1,"featured_media":0,"comment_status":"closed","ping_status":"closed","sticky":false,"template":"","format":"standard","meta":[],"categories":[5,21],"tags":[],"_links":{"self":[{"href":"https:\/\/kultur.az\/index.php?rest_route=\/wp\/v2\/posts\/7449"}],"collection":[{"href":"https:\/\/kultur.az\/index.php?rest_route=\/wp\/v2\/posts"}],"about":[{"href":"https:\/\/kultur.az\/index.php?rest_route=\/wp\/v2\/types\/post"}],"author":[{"embeddable":true,"href":"https:\/\/kultur.az\/index.php?rest_route=\/wp\/v2\/users\/1"}],"replies":[{"embeddable":true,"href":"https:\/\/kultur.az\/index.php?rest_route=%2Fwp%2Fv2%2Fcomments&post=7449"}],"version-history":[{"count":1,"href":"https:\/\/kultur.az\/index.php?rest_route=\/wp\/v2\/posts\/7449\/revisions"}],"predecessor-version":[{"id":7451,"href":"https:\/\/kultur.az\/index.php?rest_route=\/wp\/v2\/posts\/7449\/revisions\/7451"}],"wp:attachment":[{"href":"https:\/\/kultur.az\/index.php?rest_route=%2Fwp%2Fv2%2Fmedia&parent=7449"}],"wp:term":[{"taxonomy":"category","embeddable":true,"href":"https:\/\/kultur.az\/index.php?rest_route=%2Fwp%2Fv2%2Fcategories&post=7449"},{"taxonomy":"post_tag","embeddable":true,"href":"https:\/\/kultur.az\/index.php?rest_route=%2Fwp%2Fv2%2Ftags&post=7449"}],"curies":[{"name":"wp","href":"https:\/\/api.w.org\/{rel}","templated":true}]}}