{"id":7452,"date":"2014-12-20T17:55:56","date_gmt":"2014-12-20T13:55:56","guid":{"rendered":"http:\/\/kultur.az\/?p=7452"},"modified":"2014-12-20T17:55:56","modified_gmt":"2014-12-20T13:55:56","slug":"s%c9%99rif-agayar-r%c9%99misin-adi","status":"publish","type":"post","link":"https:\/\/kultur.az\/?p=7452","title":{"rendered":"\u015e\u0259rif A\u011fayar &#8212; R\u0259mi\u015fin ad\u0131"},"content":{"rendered":"<p><a href=\"http:\/\/kultur.az\/wp-content\/uploads\/2014\/04\/969571_514634678590190_1224466895_n.jpg\"><img decoding=\"async\" loading=\"lazy\" class=\"alignright wp-image-4891 size-medium\" src=\"http:\/\/kultur.az\/wp-content\/uploads\/2014\/04\/969571_514634678590190_1224466895_n-300x272.jpg\" alt=\"\u015f\u0259rif\" width=\"300\" height=\"272\" srcset=\"https:\/\/kultur.az\/wp-content\/uploads\/2014\/04\/969571_514634678590190_1224466895_n-300x272.jpg 300w, https:\/\/kultur.az\/wp-content\/uploads\/2014\/04\/969571_514634678590190_1224466895_n.jpg 492w\" sizes=\"(max-width: 300px) 100vw, 300px\" \/><\/a><\/p>\n<p style=\"color: #000000;\"><strong>R\u0259mi\u015f\u0259 xalq artisti ad\u0131 verdil\u0259r.<\/strong><\/p>\n<p style=\"color: #000000;\">\n<p style=\"color: #000000;\"><strong>A\u00e7\u0131\u011f\u0131n\u0131 deyim, bu ad-familiya b\u00f6lg\u00fcs\u00fc m\u0259n\u0259 g\u00f6r\u0259 \u00e7ox \u015f\u0259rtidir. Amma n\u0259d\u0259ns\u0259 bu x\u0259b\u0259rd\u0259n t\u0259sirl\u0259nm\u0259y\u0259 bilm\u0259dim. Kim n\u0259 d\u00fc\u015f\u00fcn\u00fcr, d\u00fc\u015f\u00fcns\u00fcn, m\u0259n\u0259 g\u00f6r\u0259, i\u00e7in s\u0259si \u0259n b\u00f6y\u00fck h\u0259qiq\u0259tdir. M\u0259nim d\u0259 i\u00e7im q\u0131m\u0131ldad\u0131. K\u00f6ks\u00fcm\u00fcn alt\u0131ndan gitara s\u0259si g\u0259ldi. H\u0259m d\u0259 Az\u0259rbaycan dilind\u0259 anam q\u0259d\u0259r t\u0259miz v\u0259 \u015firin dan\u0131\u015fan bir gitara&#8230;<\/strong><\/p>\n<p style=\"color: #000000;\">\n<p style=\"color: #000000;\">Yen\u0259 a\u00e7\u0131\u011f\u0131n\u0131 deyim&#8230; Gitaran\u0131 saz q\u0259d\u0259r sevmir\u0259m, R\u0259mi\u015fi d\u0259 \u018fdal\u0259t N\u0259sibov q\u0259d\u0259r&#8230; V\u0259 \u00f6z-\u00f6z\u00fcm\u0259 m\u0131z\u0131ldananda mu\u011famdan \u00e7ox saz havas\u0131 oxuyuram. Dua kimi, vird kimi, zikr kimi&#8230; \u00c7ox vaxt saz \u00e7al\u0131nanda, x\u00fcsusil\u0259 yax\u015f\u0131 \u00e7al\u0131nanda a\u015f\u0131qdan \u0259vv\u0259l \u00fcr\u0259yimd\u0259 oxuyuram. \u018fdal\u0259t N\u0259sibov istisnad\u0131r amma. \u018fdal\u0259t N\u0259sibov \u00e7alanda oxuma\u011fa yer qalm\u0131r. O yerd\u0259 ki, a\u015f\u0131q oxumal\u0131d\u0131r, saz\u0131 oxudur. H\u0259tta \u00e7ox vaxt barmaqlar\u0131 il\u0259 hans\u0131 \u015feiri &#8220;dediyini\u201d bilir\u0259m.<\/p>\n<p style=\"color: #000000;\">\n<p style=\"color: #000000;\">R\u0259mi\u015f d\u0259 bel\u0259dir. O, he\u00e7 kimi m\u00fc\u015fayi\u0259t ed\u0259 bilmir. \u00c7\u00fcnki m\u00fc\u015fayi\u0259t haradasa k\u00f6l\u0259lik, boyun \u0259ym\u0259k, \u0259mr\u0259 tabe olmaq kimidir. R\u0259mi\u015f is\u0259 Allahl\u0131q iddias\u0131ndad\u0131r. D\u00f6\u015f\u00fcnd\u0259 xan\u0259nd\u0259mi dura bil\u0259r? Bu s\u0259b\u0259bd\u0259n, r\u0259hm\u0259tlik Q\u0259dir R\u00fcst\u0259movla he\u00e7 yola getmirdil\u0259r. \u018fn \u00e7ox da Q\u0259dir &#8220;nifr\u0259t\u201d edirdi ona! Tutdu\u011fu \u0259n bahal\u0131 toylara Avtandil \u0130srafilovu aparmaqla c\u0131rnad\u0131rd\u0131 R\u0259mi\u015fi. Siz\u0259 bir sirr a\u00e7\u0131m, bir qaraba\u011fl\u0131, h\u0259l\u0259 bir a\u011fdaml\u0131, he\u00e7 vaxt Avtandilin ifas\u0131ndan m\u0259mnun qala bilm\u0259z. O nisgil, o a\u011fr\u0131 bu q\u0259de\u015fvari \u00e7al\u011f\u0131ya k\u00f6n\u00fcl tuta bilm\u0259z!<\/p>\n<p style=\"color: #000000;\">\n<p style=\"color: #000000;\">Bilir R\u0259mi\u015f&#8230;<\/p>\n<p style=\"color: #000000;\">\n<p style=\"color: #000000;\">\u00c7ox \u015fey bilir&#8230;<\/p>\n<p style=\"color: #000000;\">\n<p style=\"color: #000000;\">R\u0259mi\u015f\u0259 xalq artisti ad\u0131 verdil\u0259r&#8230;<\/p>\n<p style=\"color: #000000;\">\n<p style=\"color: #000000;\">Amma ad\u0131na g\u00f6r\u0259 d\u0259yi\u015fik sald\u0131 ham\u0131. Rafiq H\u00fcseynov kimdi, a qarda\u015f? M\u0259\u015fhur diktora ikinci d\u0259f\u0259mi ad verirdl\u0259r? \u00c7\u00fcnki R\u0259mi\u015f ham\u0131dan qabaq babas\u0131n\u0131n ona verdiyi adla tan\u0131nm\u0131\u015fd\u0131. M\u0259nc\u0259, ind\u0259n sonra da bel\u0259 olacaq. T\u0259z\u0259d\u0259n R\u0259mi\u015f kimi ad \u00e7\u0131xarma\u011fa bir \u00f6m\u00fcr g\u0259r\u0259k, qarda\u015f!<\/p>\n<p style=\"color: #000000;\">\n<p style=\"color: #000000;\">R\u0259mi\u015f xalq artisti oldu!<\/p>\n<p style=\"color: #000000;\">\n<p style=\"color: #000000;\">\u0130\u00e7im sim kimi titr\u0259di bu x\u0259b\u0259ri oxuyanda. Bilm\u0259dim niy\u0259? He\u00e7 indi bu yaz\u0131n\u0131 yazanda da d\u0259qiq bilmir\u0259m. Birc\u0259 ayd\u0131n olan odur ki, R\u0259mi\u015f el\u0259-bel\u0259 ifa\u00e7\u0131 deyil. Gitara b\u0259d\u0259ninin bir par\u00e7as\u0131d\u0131r adam\u0131n. Gitaras\u0131z Mir M\u00f6hs\u00fcn a\u011faya ox\u015fay\u0131r. Qolunun-q\u0131\u00e7\u0131n\u0131n hans\u0131sa olmayan \u0259lil kimi g\u00f6r\u00fcn\u00fcr. H\u0259m d\u0259 o q\u0259d\u0259r m\u0259zlum v\u0259 yaz\u0131q ki! Y\u00fcz d\u0259f\u0259 \u015fou proqramlarda g\u00f6rm\u00fc\u015f\u0259m. G\u00fcl\u0259 bilmir bu adam! G\u00fcl\u0259nd\u0259 \u015ftanq qald\u0131r\u0131r el\u0259 bil. M\u0259nc\u0259 t\u0259b\u0259ss\u00fcm\u00fc sif\u0259tind\u0259 saxlamaq \u00fc\u00e7\u00fcn \u00e7ox \u0259ziyy\u0259t \u00e7\u0259kir. Onun \u00fcz\u00fc d\u0259, burnu da, ba\u015f\u0131 da sallanmal\u0131d\u0131r. Xahi\u015f edir\u0259m g\u0259l\u0259c\u0259k \u00fc\u00e7\u00fcn heyk\u0259lt\u0259ra\u015flar bu detal\u0131 n\u0259z\u0259rd\u0259n qa\u00e7\u0131rmas\u0131nlar! Xalq artisti d\u0259 oldu ya!<\/p>\n<p style=\"color: #000000;\">\n<p style=\"color: #000000;\">Bir i\u015f var ki, R\u0259mi\u015fin h\u00fczurunda bu c\u00fcr k\u0259d\u0259rl\u0259nib ba\u015f \u0259ydiyi h\u0259r n\u0259dirs\u0259 adam\u0131 ucaldan da el\u0259 odur.<strong>\u00c7\u00fcn, d\u00fc\u015fm\u0259d\u0259n \u018fYA\u011eA \u00e7\u0131xmad\u0131 ba\u015fa bad\u0259!<\/strong><\/p>\n<p style=\"color: #000000;\">\n<p style=\"color: #000000;\">R\u0259mi\u015f\u0259 xalq artisti ad\u0131 verildi&#8230;<\/p>\n<p style=\"color: #000000;\">\n<p style=\"color: #000000;\">Yad\u0131ma y\u00fcz xatir\u0259, y\u00fcz \u0259hvalat d\u00fc\u015fd\u00fc. Yazsam sayta yerl\u0259\u015fm\u0259z&#8230; Amma, tovuzlular demi\u015f, birciyini payla\u015f\u0131ram.<\/p>\n<p style=\"color: #000000;\">\n<p style=\"color: #000000;\">Dem\u0259k, bir g\u00fcn bunu y\u0259hudi toyuna \u00e7a\u011f\u0131r\u0131rlar. R\u0259mi\u015f gitaran\u0131 ha yeyib-t\u00f6k\u00fcr xeyri olmur. D\u0259rd-a\u011fr\u0131lar\u0131, maraq-sevgil\u0259ri Qaraba\u011f lad\u0131yla \u00fcst-\u00fcst\u0259 d\u00fc\u015fm\u0259y\u0259n qonaqlar t\u00fck\u00fcn\u00fc d\u0259 t\u0259rp\u0259tmir. R\u0259mi\u015f Allah olmad\u0131\u011f\u0131n\u0131 b\u00fct\u00fcn a\u011f\u0131rl\u0131\u011f\u0131 il\u0259 anlay\u0131r ordaca. Amma t\u0259slim olmaq ist\u0259mir. Q\u0259fl\u0259t\u0259n gitaran\u0131n qula\u011f\u0131n\u0131 burub \u0130srailin d\u00f6vl\u0259t himnini havaland\u0131r\u0131r. B\u00fct\u00fcn toy \u0259hliaya\u011fa qalx\u0131b \u0259lini \u00fcr\u0259yinin \u00fcst\u00fcn\u0259 qoyur!<\/p>\n<p style=\"color: #000000;\">\n<p style=\"color: #000000;\">R\u0259mi\u015f m\u0259ni \u00e7ox aya\u011fa qald\u0131r\u0131b&#8230;<\/p>\n<p style=\"color: #000000;\">\n<p style=\"color: #000000;\">\u018flimi \u00e7ox qoymu\u015fam \u00fcr\u0259yimin \u00fcst\u00fcn\u0259&#8230;<\/p>\n<p style=\"color: #000000;\">\n<p style=\"color: #000000;\">Y\u0259hudil\u0259ri bilmir\u0259m, m\u0259nim \u00fcr\u0259yimd\u0259n inilti s\u0259si g\u0259lib!<\/p>\n<div><\/div>\n<p><span id=\"font_size\" style=\"color: #000000;\"><\/span><br style=\"color: #454545;\" \/><\/p>\n<p class=\"bawpvc-ajax-counter\" data-id=\"7452\">Yaz\u0131ya 838 d\u0259f\u0259 bax\u0131l\u0131b<\/p>\n","protected":false},"excerpt":{"rendered":"<p>R\u0259mi\u015f\u0259 xalq artisti ad\u0131 verdil\u0259r. A\u00e7\u0131\u011f\u0131n\u0131 deyim, bu ad-familiya b\u00f6lg\u00fcs\u00fc m\u0259n\u0259 g\u00f6r\u0259 \u00e7ox \u015f\u0259rtidir. Amma n\u0259d\u0259ns\u0259 bu x\u0259b\u0259rd\u0259n t\u0259sirl\u0259nm\u0259y\u0259 bilm\u0259dim. Kim n\u0259 d\u00fc\u015f\u00fcn\u00fcr, d\u00fc\u015f\u00fcns\u00fcn, m\u0259n\u0259 g\u00f6r\u0259, i\u00e7in s\u0259si \u0259n b\u00f6y\u00fck h\u0259qiq\u0259tdir. M\u0259nim d\u0259 i\u00e7im q\u0131m\u0131ldad\u0131. K\u00f6ks\u00fcm\u00fcn alt\u0131ndan gitara s\u0259si g\u0259ldi. H\u0259m d\u0259 Az\u0259rbaycan dilind\u0259 anam q\u0259d\u0259r t\u0259miz v\u0259 \u015firin dan\u0131\u015fan bir gitara&#8230; Yen\u0259 a\u00e7\u0131\u011f\u0131n\u0131 deyim&#8230; [&hellip;]<\/p>\n","protected":false},"author":1,"featured_media":4891,"comment_status":"closed","ping_status":"closed","sticky":false,"template":"","format":"standard","meta":[],"categories":[6],"tags":[],"_links":{"self":[{"href":"https:\/\/kultur.az\/index.php?rest_route=\/wp\/v2\/posts\/7452"}],"collection":[{"href":"https:\/\/kultur.az\/index.php?rest_route=\/wp\/v2\/posts"}],"about":[{"href":"https:\/\/kultur.az\/index.php?rest_route=\/wp\/v2\/types\/post"}],"author":[{"embeddable":true,"href":"https:\/\/kultur.az\/index.php?rest_route=\/wp\/v2\/users\/1"}],"replies":[{"embeddable":true,"href":"https:\/\/kultur.az\/index.php?rest_route=%2Fwp%2Fv2%2Fcomments&post=7452"}],"version-history":[{"count":1,"href":"https:\/\/kultur.az\/index.php?rest_route=\/wp\/v2\/posts\/7452\/revisions"}],"predecessor-version":[{"id":7453,"href":"https:\/\/kultur.az\/index.php?rest_route=\/wp\/v2\/posts\/7452\/revisions\/7453"}],"wp:featuredmedia":[{"embeddable":true,"href":"https:\/\/kultur.az\/index.php?rest_route=\/wp\/v2\/media\/4891"}],"wp:attachment":[{"href":"https:\/\/kultur.az\/index.php?rest_route=%2Fwp%2Fv2%2Fmedia&parent=7452"}],"wp:term":[{"taxonomy":"category","embeddable":true,"href":"https:\/\/kultur.az\/index.php?rest_route=%2Fwp%2Fv2%2Fcategories&post=7452"},{"taxonomy":"post_tag","embeddable":true,"href":"https:\/\/kultur.az\/index.php?rest_route=%2Fwp%2Fv2%2Ftags&post=7452"}],"curies":[{"name":"wp","href":"https:\/\/api.w.org\/{rel}","templated":true}]}}