{"id":8158,"date":"2015-02-05T18:11:50","date_gmt":"2015-02-05T14:11:50","guid":{"rendered":"http:\/\/kultur.az\/?p=8158"},"modified":"2015-02-05T18:11:50","modified_gmt":"2015-02-05T14:11:50","slug":"poetik-honkurtu","status":"publish","type":"post","link":"https:\/\/kultur.az\/?p=8158","title":{"rendered":"POET\u0130K H\u00d6NK\u00dcRT\u00dc"},"content":{"rendered":"<p><a href=\"http:\/\/kultur.az\/wp-content\/uploads\/2015\/02\/jurnalist.jpg\"><img decoding=\"async\" loading=\"lazy\" class=\"alignright wp-image-8005 \" src=\"http:\/\/kultur.az\/wp-content\/uploads\/2015\/02\/jurnalist-300x184.jpg\" alt=\"jurnalist\" width=\"214\" height=\"131\" srcset=\"https:\/\/kultur.az\/wp-content\/uploads\/2015\/02\/jurnalist-300x184.jpg 300w, https:\/\/kultur.az\/wp-content\/uploads\/2015\/02\/jurnalist.jpg 448w\" sizes=\"(max-width: 214px) 100vw, 214px\" \/><\/a>\u00a0\u00a0<span style=\"color: #191919;\">\u015eair\u0259 Afaq \u015e\u0131xl\u0131n\u0131n &#8220;\u0130nanmay\u0131n \u015faiy\u0259dir&#8221;<\/span><br style=\"color: #191919;\" \/><span style=\"color: #191919;\">\u015feiri haqq\u0131nda poetik d\u00fc\u015f\u00fcnc\u0259l\u0259r.<br \/>\n<\/span><br style=\"color: #191919;\" \/><br style=\"color: #191919;\" \/><span style=\"color: #191919;\">\u015eair\u0259 Afaq \u015e\u0131xl\u0131 Vaqif S\u0259m\u0259do\u011fluya h\u0259sr etdiyi \u00fc\u00e7 b\u0259ndlik \u015feirind\u0259 dem\u0259k olar ki, xalq \u015fairinin xarakterini a\u00e7\u0131qlam\u0131\u015fd\u0131r. \u0130stedadl\u0131 \u015fair\u0259nin h\u0259r misras\u0131nda Vaqif m\u00fc\u0259llimin h\u0259yat ritmi, \u00fcr\u0259k d\u00f6y\u00fcnt\u00fcs\u00fc ya\u015fay\u0131r. \u015eeirin \u00fc\u00e7 b\u0259ndd\u0259n ibar\u0259t olmas\u0131 t\u0259sad\u00fcf\u00fc deyildir. Birinci b\u0259nd \u015fairin bu d\u00fcnyaya g\u0259li\u015fini, ikinci b\u0259nd ya\u015fay\u0131b yaratmas\u0131n\u0131, \u00fc\u00e7\u00fcnc\u00fc b\u0259nd is\u0259 \u00f6l\u00fcm\u00fcnd\u0259n sonrak\u0131 h\u0259yat\u0131n\u0131 g\u00f6st\u0259rir.<\/span><br style=\"color: #191919;\" \/><a href=\"http:\/\/kultur.az\/wp-content\/uploads\/2015\/02\/afaq-s.jpg\"><img decoding=\"async\" loading=\"lazy\" class=\"alignleft wp-image-8137 \" src=\"http:\/\/kultur.az\/wp-content\/uploads\/2015\/02\/afaq-s-205x300.jpg\" alt=\"afaq s\" width=\"133\" height=\"195\" \/><\/a><br style=\"color: #191919;\" \/><span style=\"color: #191919;\">\u0130nanmay\u0131n, \u015faiy\u0259dir,<\/span><br style=\"color: #191919;\" \/><span style=\"color: #191919;\">Kim deyir ki, \u00f6ld\u00fc \u015fair?<\/span><br style=\"color: #191919;\" \/><span style=\"color: #191919;\">D\u0259rd\u0259-q\u0259m\u0259 g\u00fcl\u0259n kimi<\/span><br style=\"color: #191919;\" \/><span style=\"color: #191919;\">\u00d6l\u00fcm\u0259 d\u0259 g\u00fcld\u00fc \u015fair.<\/span><br style=\"color: #191919;\" \/><br style=\"color: #191919;\" \/><span style=\"color: #191919;\">\u015eairl\u0259r \u00f6lm\u00fcrl\u0259r,Vaqif S\u0259m\u0259do\u011flu da \u00f6lm\u0259yib, sad\u0259c\u0259 d\u00fcnyas\u0131n\u0131 d\u0259yi\u015fib, onun \u00f6lm\u00fc yaln\u0131z <a href=\"http:\/\/kultur.az\/wp-content\/uploads\/2015\/02\/Vaqif_Semed1o11glu.jpg\"><img decoding=\"async\" loading=\"lazy\" class=\"alignright wp-image-8010 \" src=\"http:\/\/kultur.az\/wp-content\/uploads\/2015\/02\/Vaqif_Semed1o11glu-300x203.jpg\" alt=\"Vaqif_Semed1o11glu\" width=\"159\" height=\"108\" srcset=\"https:\/\/kultur.az\/wp-content\/uploads\/2015\/02\/Vaqif_Semed1o11glu-300x203.jpg 300w, https:\/\/kultur.az\/wp-content\/uploads\/2015\/02\/Vaqif_Semed1o11glu.jpg 590w\" sizes=\"(max-width: 159px) 100vw, 159px\" \/><\/a>\u015faiy\u0259 ola bil\u0259r, Afaq xan\u0131m haql\u0131d\u0131r. Vaqif m\u00fc\u0259llim d\u0259rdl\u0259rin i\u00e7ind\u0259n \u00e7\u0131xan, boy g\u00f6st\u0259r\u0259n v<\/span><span class=\"text_exposed_show\" style=\"color: #191919;\">\u0259 d\u0259rd\u0259-q\u0259m\u0259 g\u00fcl\u0259n \u015fair idi. Bir g\u00fcn d\u0259 \u00f6z \u00f6lm\u00fcn\u0259 g\u00fcld\u00fc.<\/p>\n<p>\u0130ki t\u0259nd\u0259 bir can kimi,<br \/>\nS\u00f6zl\u0259 \u0259hd\u0259 v\u0259fa etdi.<br \/>\nG\u00f6zd\u0259n uzaq bir d\u00fcnyaya<br \/>\nO xo\u015f getdi, \u015f\u0259fa getdi.<\/p>\n<p>\u00d6z \u0259hdin\u0259 v\u0259fa etdi \u015fair. N\u0259 idi \u015fairin \u0259hdi? Olum, ya \u00f6l\u00fcm? Vaqif m\u00fc\u0259llimin can\u0131 s\u00f6z\u00fcnd\u0259 idi, s\u00f6z d\u0259 onun can\u0131ndan qopurdu. \u0130ki t\u0259nd\u0259 bir can idi s\u00f6z. \u00d6z \u0259hdin\u0259 v\u0259fa ed\u0259n bir \u015fair idi, Vaqif m\u00fc\u0259llim. G\u00f6zd\u0259n uzaq bir d\u00fcnyaya s\u0259f\u0259r ed\u0259n \u015fairi \u00f6z yolundan saxlamaq olmazd\u0131 ax\u0131! O \u00f6z ist\u0259diyi m\u0259kana qovu\u015fdu.<\/p>\n<p>Sanmaram ki, m\u00f6c\u00fcz\u0259dir,<br \/>\nBu d\u00fcnyaya bir d\u0259 g\u0259ls\u0259.<br \/>\nAmma \u00f6lm\u0259di ki, \u015fair,<br \/>\nVaxt durard\u0131 \u015fair \u00f6ls\u0259.<\/p>\n<p>Olduqca t\u0259bii v\u0259 dol\u011fun m\u0259na k\u0259sb ed\u0259n bu \u015feir \u015fair\u0259 Afaq \u015e\u0131xl\u0131n\u0131n xalq \u015fairi Vaqif S\u0259m\u0259do\u011flu haqq\u0131nda poetik h\u00f6nk\u00fcrt\u00fcs\u00fcd\u00fcr.<\/p>\n<p>Heyb\u0259t H\u00f6rm\u0259t,<br \/>\n\u015eair-t\u0259nqid\u00e7i<\/span><\/p>\n<p class=\"bawpvc-ajax-counter\" data-id=\"8158\">Yaz\u0131ya 644 d\u0259f\u0259 bax\u0131l\u0131b<\/p>\n","protected":false},"excerpt":{"rendered":"<p>\u00a0\u00a0\u015eair\u0259 Afaq \u015e\u0131xl\u0131n\u0131n &#8220;\u0130nanmay\u0131n \u015faiy\u0259dir&#8221;\u015feiri haqq\u0131nda poetik d\u00fc\u015f\u00fcnc\u0259l\u0259r. \u015eair\u0259 Afaq \u015e\u0131xl\u0131 Vaqif S\u0259m\u0259do\u011fluya h\u0259sr etdiyi \u00fc\u00e7 b\u0259ndlik \u015feirind\u0259 dem\u0259k olar ki, xalq \u015fairinin xarakterini a\u00e7\u0131qlam\u0131\u015fd\u0131r. \u0130stedadl\u0131 \u015fair\u0259nin h\u0259r misras\u0131nda Vaqif m\u00fc\u0259llimin h\u0259yat ritmi, \u00fcr\u0259k d\u00f6y\u00fcnt\u00fcs\u00fc ya\u015fay\u0131r. \u015eeirin \u00fc\u00e7 b\u0259ndd\u0259n ibar\u0259t olmas\u0131 t\u0259sad\u00fcf\u00fc deyildir. Birinci b\u0259nd \u015fairin bu d\u00fcnyaya g\u0259li\u015fini, ikinci b\u0259nd ya\u015fay\u0131b yaratmas\u0131n\u0131, \u00fc\u00e7\u00fcnc\u00fc b\u0259nd [&hellip;]<\/p>\n","protected":false},"author":1,"featured_media":8005,"comment_status":"closed","ping_status":"closed","sticky":false,"template":"","format":"standard","meta":[],"categories":[17],"tags":[],"_links":{"self":[{"href":"https:\/\/kultur.az\/index.php?rest_route=\/wp\/v2\/posts\/8158"}],"collection":[{"href":"https:\/\/kultur.az\/index.php?rest_route=\/wp\/v2\/posts"}],"about":[{"href":"https:\/\/kultur.az\/index.php?rest_route=\/wp\/v2\/types\/post"}],"author":[{"embeddable":true,"href":"https:\/\/kultur.az\/index.php?rest_route=\/wp\/v2\/users\/1"}],"replies":[{"embeddable":true,"href":"https:\/\/kultur.az\/index.php?rest_route=%2Fwp%2Fv2%2Fcomments&post=8158"}],"version-history":[{"count":1,"href":"https:\/\/kultur.az\/index.php?rest_route=\/wp\/v2\/posts\/8158\/revisions"}],"predecessor-version":[{"id":8159,"href":"https:\/\/kultur.az\/index.php?rest_route=\/wp\/v2\/posts\/8158\/revisions\/8159"}],"wp:featuredmedia":[{"embeddable":true,"href":"https:\/\/kultur.az\/index.php?rest_route=\/wp\/v2\/media\/8005"}],"wp:attachment":[{"href":"https:\/\/kultur.az\/index.php?rest_route=%2Fwp%2Fv2%2Fmedia&parent=8158"}],"wp:term":[{"taxonomy":"category","embeddable":true,"href":"https:\/\/kultur.az\/index.php?rest_route=%2Fwp%2Fv2%2Fcategories&post=8158"},{"taxonomy":"post_tag","embeddable":true,"href":"https:\/\/kultur.az\/index.php?rest_route=%2Fwp%2Fv2%2Ftags&post=8158"}],"curies":[{"name":"wp","href":"https:\/\/api.w.org\/{rel}","templated":true}]}}