{"id":8249,"date":"2015-02-19T14:11:10","date_gmt":"2015-02-19T10:11:10","guid":{"rendered":"http:\/\/kultur.az\/?p=8249"},"modified":"2015-02-19T14:11:10","modified_gmt":"2015-02-19T10:11:10","slug":"xalq-sairi-vaqif-s%c9%99m%c9%99doglu-%c9%99d%c9%99biyyat-muzeyind%c9%99-anilib","status":"publish","type":"post","link":"https:\/\/kultur.az\/?p=8249","title":{"rendered":"Xalq \u015fairi Vaqif S\u0259m\u0259do\u011flu \u018fd\u0259biyyat Muzeyind\u0259 an\u0131l\u0131b"},"content":{"rendered":"<p dir=\"ltr\" style=\"color: #000000;\"><a href=\"http:\/\/kultur.az\/wp-content\/uploads\/2014\/02\/vaq.jpg\"><img decoding=\"async\" loading=\"lazy\" class=\"aligncenter wp-image-29\" src=\"http:\/\/kultur.az\/wp-content\/uploads\/2014\/02\/vaq-300x157.jpg\" alt=\"vaqif\" width=\"652\" height=\"341\" \/><\/a>18 fevral 2015-ci il tarixd\u0259 Az\u0259rbaycan Yaz\u0131\u00e7\u0131lar Birliyinin Qazax B\u00f6lm\u0259sinin s\u0259dri, \u018fm\u0259kdar inc\u0259s\u0259n\u0259t xadimi Barat V\u00fcsal\u0131n t\u0259\u015fkilat\u00e7\u0131l\u0131\u011f\u0131 il\u0259 Qazax rayonunda yerl\u0259\u015f\u0259n \u018fd\u0259biyyat Muzeyind\u0259 \u00c7a\u011fda\u015f Az\u0259rbaycan \u0259d\u0259biyyat\u0131n\u0131n g\u00f6rk\u0259mli n\u00fcmay\u0259nd\u0259si, Az\u0259rbaycan Yaz\u0131\u00e7\u0131lar Birliyinin \u00fczv\u00fc, Az\u0259rbaycan Respublikas\u0131n\u0131n &#8221; Xalq \u015fairi&#8221;, \u018fm\u0259kdar inc\u0259s\u0259n\u0259t xadimi, \u015fair, dramaturq, publisist Vaqif S\u0259m\u0259do\u011flunun xatir\u0259sin\u0259 h\u0259sr olunmu\u015f t\u0259dbir ke\u00e7irilib.K\u00fctl\u0259vi informasiya vasit\u0259l\u0259rinin n\u00fcmay\u0259nd\u0259l\u0259rinin d\u0259 i\u015ftirak\u0131 il\u0259 ke\u00e7iril\u0259n t\u0259dbird\u0259 Az\u0259rbaycan Yaz\u0131\u00e7\u0131lar Birliyinin Qazax B\u00f6lm\u0259sinin s\u0259dri, Barat V\u00fcsal, Az\u0259rbaycan Yaz\u0131\u00e7\u0131lar Birliyinin \u00fczv\u00fc, &#8220;H\u00fcseyn Arif&#8221; \u018fd\u0259bi Birliyinin s\u0259dri Saqif Qaratorpaq, Az\u0259rbaycan Yaz\u0131\u00e7\u0131lar Birliyinin v\u0259 DGTYB \u00fczv\u00fc, &#8220;G\u0259nc \u018fdibl\u0259r M\u0259kt\u0259bi&#8221;nin m\u00fcdavimi R\u00fcf\u0259t Axundlu v\u0259 dig\u0259r qonaqlar i\u015ftirak edibl\u0259r.T\u0259dbiri giri\u015f s\u00f6z\u00fc il\u0259 a\u00e7an Az\u0259rbaycan Yaz\u0131\u00e7\u0131lar Birliyinin Qazax B\u00f6lm\u0259sinin s\u0259dri Barat V\u00fcsal ilk n\u00f6vb\u0259d\u0259 t\u0259dbir i\u015ftirak\u00e7\u0131lar\u0131n\u0131 salamlayaraq, Xalq \u015fairi Vaqif S\u0259m\u0259do\u011flunun h\u0259yat v\u0259 yarad\u0131c\u0131l\u0131\u011f\u0131 haqq\u0131nda \u00fcr\u0259kdolusu dan\u0131\u015f\u0131b, \u015fairin v\u0259fat\u0131ndan k\u0259d\u0259rl\u0259ndiyini dil\u0259 g\u0259tirib, poeziya sev\u0259rl\u0259rin q\u0259lbind\u0259 h\u0259mi\u015f\u0259 ya\u015fayaca\u011f\u0131n\u0131 vur\u011fulay\u0131b.T\u0259dbirin gedi\u015fat\u0131nda Vaqif S\u0259m\u0259do\u011flunun m\u00fcxt\u0259lif ill\u0259rd\u0259 q\u0259l\u0259m\u0259 ald\u0131\u011f\u0131 \u015feirl\u0259ri poeziya sev\u0259rl\u0259r t\u0259r\u0259find\u0259n s\u0259sl\u0259ndirilib.T\u0259dbirin sonunda xatir\u0259 \u015f\u0259kill\u0259ri \u00e7\u0259kdirilib.<\/p>\n<p dir=\"ltr\" style=\"color: #000000;\">K\u0259nan AYDINO\u011eLU<br \/>\nG\u00fcnd\u0259lik \u0130nformasiya Agentliyinin M\u0259tbuat xidm\u0259tinin r\u0259hb\u0259ri<\/p>\n<p class=\"bawpvc-ajax-counter\" data-id=\"8249\">Yaz\u0131ya 556 d\u0259f\u0259 bax\u0131l\u0131b<\/p>\n","protected":false},"excerpt":{"rendered":"<p>18 fevral 2015-ci il tarixd\u0259 Az\u0259rbaycan Yaz\u0131\u00e7\u0131lar Birliyinin Qazax B\u00f6lm\u0259sinin s\u0259dri, \u018fm\u0259kdar inc\u0259s\u0259n\u0259t xadimi Barat V\u00fcsal\u0131n t\u0259\u015fkilat\u00e7\u0131l\u0131\u011f\u0131 il\u0259 Qazax rayonunda yerl\u0259\u015f\u0259n \u018fd\u0259biyyat Muzeyind\u0259 \u00c7a\u011fda\u015f Az\u0259rbaycan \u0259d\u0259biyyat\u0131n\u0131n g\u00f6rk\u0259mli n\u00fcmay\u0259nd\u0259si, Az\u0259rbaycan Yaz\u0131\u00e7\u0131lar Birliyinin \u00fczv\u00fc, Az\u0259rbaycan Respublikas\u0131n\u0131n &#8221; Xalq \u015fairi&#8221;, \u018fm\u0259kdar inc\u0259s\u0259n\u0259t xadimi, \u015fair, dramaturq, publisist Vaqif S\u0259m\u0259do\u011flunun xatir\u0259sin\u0259 h\u0259sr olunmu\u015f t\u0259dbir ke\u00e7irilib.K\u00fctl\u0259vi informasiya vasit\u0259l\u0259rinin n\u00fcmay\u0259nd\u0259l\u0259rinin d\u0259 i\u015ftirak\u0131 [&hellip;]<\/p>\n","protected":false},"author":1,"featured_media":29,"comment_status":"closed","ping_status":"closed","sticky":false,"template":"","format":"standard","meta":[],"categories":[21],"tags":[],"_links":{"self":[{"href":"https:\/\/kultur.az\/index.php?rest_route=\/wp\/v2\/posts\/8249"}],"collection":[{"href":"https:\/\/kultur.az\/index.php?rest_route=\/wp\/v2\/posts"}],"about":[{"href":"https:\/\/kultur.az\/index.php?rest_route=\/wp\/v2\/types\/post"}],"author":[{"embeddable":true,"href":"https:\/\/kultur.az\/index.php?rest_route=\/wp\/v2\/users\/1"}],"replies":[{"embeddable":true,"href":"https:\/\/kultur.az\/index.php?rest_route=%2Fwp%2Fv2%2Fcomments&post=8249"}],"version-history":[{"count":1,"href":"https:\/\/kultur.az\/index.php?rest_route=\/wp\/v2\/posts\/8249\/revisions"}],"predecessor-version":[{"id":8250,"href":"https:\/\/kultur.az\/index.php?rest_route=\/wp\/v2\/posts\/8249\/revisions\/8250"}],"wp:featuredmedia":[{"embeddable":true,"href":"https:\/\/kultur.az\/index.php?rest_route=\/wp\/v2\/media\/29"}],"wp:attachment":[{"href":"https:\/\/kultur.az\/index.php?rest_route=%2Fwp%2Fv2%2Fmedia&parent=8249"}],"wp:term":[{"taxonomy":"category","embeddable":true,"href":"https:\/\/kultur.az\/index.php?rest_route=%2Fwp%2Fv2%2Fcategories&post=8249"},{"taxonomy":"post_tag","embeddable":true,"href":"https:\/\/kultur.az\/index.php?rest_route=%2Fwp%2Fv2%2Ftags&post=8249"}],"curies":[{"name":"wp","href":"https:\/\/api.w.org\/{rel}","templated":true}]}}