{"id":8272,"date":"2015-02-21T15:16:20","date_gmt":"2015-02-21T11:16:20","guid":{"rendered":"http:\/\/kultur.az\/?p=8272"},"modified":"2015-02-21T15:16:20","modified_gmt":"2015-02-21T11:16:20","slug":"g%c9%99nc-yazarlarin-seirl%c9%99ri-usare-d%c9%99rgisinin-ilk-sayinda-d%c9%99rc-olunub","status":"publish","type":"post","link":"https:\/\/kultur.az\/?p=8272","title":{"rendered":"G\u0259nc yazarlar\u0131n \u015feirl\u0259ri &#8220;Usare&#8221; d\u0259rgisinin ilk say\u0131nda d\u0259rc olunub"},"content":{"rendered":"<p><span style=\"color: #000000;\"><a href=\"http:\/\/kultur.az\/wp-content\/uploads\/2015\/02\/dergi.jpg\"><img decoding=\"async\" loading=\"lazy\" class=\"alignleft wp-image-8274\" src=\"http:\/\/kultur.az\/wp-content\/uploads\/2015\/02\/dergi-193x300.jpg\" alt=\"dergi\" width=\"297\" height=\"462\" \/><\/a><strong>18 fevral 2015-ci il tarixd\u0259 Qarda\u015f T\u00fcrkiy\u0259 C\u00fcmhuriyy\u0259tinin Adana \u015f\u0259h\u0259rind\u0259 yeni i\u015f\u0131q \u00fcz\u00fc g\u00f6r\u0259n &#8221; Usare&#8221; d\u0259rgisinin ilk say\u0131nda G\u00fcnd\u0259lik \u0130nformasiya Agentliyinin Ba\u015f m\u0259sl\u0259h\u0259t\u00e7isi,\u00a0 Az\u0259rbaycan\u0131n M\u0259d\u0259niyy\u0259t v\u0259 \u018fd\u0259biyyat Portal\u0131n\u0131n Ba\u015f redaktoru,\u00a0 DGTYB \u00fczv\u00fc,\u00a0 g\u0259nc xan\u0131m yazar G\u00fclnar\u0259 \u0130srafilq\u0131z\u0131n\u0131n, G\u00fcnd\u0259lik \u0130nformasiya Agentliyinin Ba\u015f redaktoru,\u00a0 Az\u0259rbaycan\u0131n M\u0259d\u0259niyy\u0259t v\u0259 \u018fd\u0259biyyat Portal\u0131n\u0131n M\u0259tbuat xidm\u0259tinin r\u0259hb\u0259ri,\u00a0 &#8220;H\u00fcseyn Arif&#8221; \u018fd\u0259bi Birliyinin \u00fczv\u00fc,\u00a0 g\u0259nc xan\u0131m yazar Fidan Abbasovan\u0131n, G\u00fcnd\u0259lik \u0130nformasiya Agentliyinin M\u0259tbuat xidm\u0259tinin r\u0259hb\u0259ri,\u00a0 &#8220;H\u00fcseyn Arif &#8221; \u018fd\u0259bi Birliyinin \u00fczv\u00fc,\u00a0 g\u0259nc yazar K\u0259nan Ayd\u0131no\u011flunun \u015feirl\u0259ri d\u0259rc olunub.<\/strong><\/span><\/p>\n<p class=\"bawpvc-ajax-counter\" data-id=\"8272\">Yaz\u0131ya 708 d\u0259f\u0259 bax\u0131l\u0131b<\/p>\n","protected":false},"excerpt":{"rendered":"<p>18 fevral 2015-ci il tarixd\u0259 Qarda\u015f T\u00fcrkiy\u0259 C\u00fcmhuriyy\u0259tinin Adana \u015f\u0259h\u0259rind\u0259 yeni i\u015f\u0131q \u00fcz\u00fc g\u00f6r\u0259n &#8221; Usare&#8221; d\u0259rgisinin ilk say\u0131nda G\u00fcnd\u0259lik \u0130nformasiya Agentliyinin Ba\u015f m\u0259sl\u0259h\u0259t\u00e7isi,\u00a0 Az\u0259rbaycan\u0131n M\u0259d\u0259niyy\u0259t v\u0259 \u018fd\u0259biyyat Portal\u0131n\u0131n Ba\u015f redaktoru,\u00a0 DGTYB \u00fczv\u00fc,\u00a0 g\u0259nc xan\u0131m yazar G\u00fclnar\u0259 \u0130srafilq\u0131z\u0131n\u0131n, G\u00fcnd\u0259lik \u0130nformasiya Agentliyinin Ba\u015f redaktoru,\u00a0 Az\u0259rbaycan\u0131n M\u0259d\u0259niyy\u0259t v\u0259 \u018fd\u0259biyyat Portal\u0131n\u0131n M\u0259tbuat xidm\u0259tinin r\u0259hb\u0259ri,\u00a0 &#8220;H\u00fcseyn Arif&#8221; \u018fd\u0259bi Birliyinin [&hellip;]<\/p>\n","protected":false},"author":1,"featured_media":0,"comment_status":"closed","ping_status":"closed","sticky":false,"template":"","format":"standard","meta":[],"categories":[21],"tags":[],"_links":{"self":[{"href":"https:\/\/kultur.az\/index.php?rest_route=\/wp\/v2\/posts\/8272"}],"collection":[{"href":"https:\/\/kultur.az\/index.php?rest_route=\/wp\/v2\/posts"}],"about":[{"href":"https:\/\/kultur.az\/index.php?rest_route=\/wp\/v2\/types\/post"}],"author":[{"embeddable":true,"href":"https:\/\/kultur.az\/index.php?rest_route=\/wp\/v2\/users\/1"}],"replies":[{"embeddable":true,"href":"https:\/\/kultur.az\/index.php?rest_route=%2Fwp%2Fv2%2Fcomments&post=8272"}],"version-history":[{"count":1,"href":"https:\/\/kultur.az\/index.php?rest_route=\/wp\/v2\/posts\/8272\/revisions"}],"predecessor-version":[{"id":8275,"href":"https:\/\/kultur.az\/index.php?rest_route=\/wp\/v2\/posts\/8272\/revisions\/8275"}],"wp:attachment":[{"href":"https:\/\/kultur.az\/index.php?rest_route=%2Fwp%2Fv2%2Fmedia&parent=8272"}],"wp:term":[{"taxonomy":"category","embeddable":true,"href":"https:\/\/kultur.az\/index.php?rest_route=%2Fwp%2Fv2%2Fcategories&post=8272"},{"taxonomy":"post_tag","embeddable":true,"href":"https:\/\/kultur.az\/index.php?rest_route=%2Fwp%2Fv2%2Ftags&post=8272"}],"curies":[{"name":"wp","href":"https:\/\/api.w.org\/{rel}","templated":true}]}}