{"id":8300,"date":"2015-02-22T14:46:43","date_gmt":"2015-02-22T10:46:43","guid":{"rendered":"http:\/\/kultur.az\/?p=8300"},"modified":"2015-02-22T14:47:44","modified_gmt":"2015-02-22T10:47:44","slug":"sair-ibrahim-ilyasli-il%c9%99-gorus-kecirilib","status":"publish","type":"post","link":"https:\/\/kultur.az\/?p=8300","title":{"rendered":"\u015eair \u0130brahim \u0130lyasl\u0131 il\u0259 g\u00f6r\u00fc\u015f ke\u00e7irilib"},"content":{"rendered":"<p dir=\"ltr\" style=\"color: #000000;\"><a href=\"http:\/\/kultur.az\/wp-content\/uploads\/2015\/02\/Ibrahim-Ilyasli1-300x22539.jpg\"><img decoding=\"async\" loading=\"lazy\" class=\"alignright wp-image-8301\" src=\"http:\/\/kultur.az\/wp-content\/uploads\/2015\/02\/Ibrahim-Ilyasli1-300x22539.jpg\" alt=\"Ibrahim-Ilyasli1-300x22539\" width=\"361\" height=\"271\" \/><\/a>21 fevral 2015-ci il tarixd\u0259,\u00a0 saat 17 : 00-da,\u00a0 Bak\u0131 \u015f\u0259h\u0259ri Xalqlar dostlu\u011fu metrosunun yan\u0131nda yerl\u0259\u015f\u0259n 129 sayl\u0131 orta m\u0259kt\u0259bin akt zal\u0131nda \u00c7a\u011fda\u015f Az\u0259rbaycan \u0259d\u0259biyyat\u0131n\u0131n g\u00f6rk\u0259mli n\u00fcmay\u0259nd\u0259si,\u00a0 Az\u0259rbaycan Yaz\u0131\u00e7\u0131lar Birliyinin \u00fczv\u00fc, Az\u0259rbaycan Respublikas\u0131 Prezidentinin T\u0259qa\u00fcd Fondunun t\u0259qa\u00fcd\u00e7\u00fcs\u00fc,\u00a0 \u018fli K\u0259rim ad\u0131na Sumqay\u0131t \u015f\u0259h\u0259r Poeziya klubunun Direktoru,\u00a0 Az\u0259rbaycan\u0131n M\u0259d\u0259niyy\u0259t v\u0259 \u018fd\u0259biyyat Portal\u0131n\u0131n M\u0259sul katibi \u0130brahim \u0130lyasl\u0131 il\u0259 g\u00f6r\u00fc\u015f ke\u00e7irilib.K\u00fctl\u0259vi informasiya vasit\u0259l\u0259rinin n\u00fcmay\u0259nd\u0259l\u0259rinin d\u0259 i\u015ftirak\u0131 il\u0259 ke\u00e7iril\u0259n t\u0259dbird\u0259 DGTYB v\u0259 &#8220;G\u0259nc \u018fdibl\u0259r M\u0259kt\u0259bi&#8221;nin \u00fczv\u00fc, g\u0259nc xan\u0131m yazar G\u00fcnay H\u0259s\u0259nli,\u00a0 G\u00fcnd\u0259lik \u0130nformasiya Agentliyinin v\u0259 Az\u0259rbaycan\u0131n M\u0259d\u0259niyy\u0259t v\u0259 \u018fd\u0259biyyat Portal\u0131n\u0131n Fotoqraflar\u0131 ,DGTYB \u00fczvl\u0259ri,\u00a0 g\u0259nc yazarlar Nof\u0259l \u00dcmid v\u0259 S\u0259rv\u0259r Kamranl\u0131,\u00a0 G\u00fcnd\u0259lik \u0130nformasiya Agentliyinin Ba\u015f m\u0259sl\u0259h\u0259t\u00e7isi,\u00a0 Az\u0259rbaycan\u0131n M\u0259d\u0259niyy\u0259t v\u0259 \u018fd\u0259biyyat Portal\u0131n\u0131n Ba\u015f redaktoru,\u00a0 DGTYB \u00fczv\u00fc,\u00a0 g\u0259nc xan\u0131m yazar G\u00fclnar\u0259 \u0130srafilq\u0131z\u0131 v\u0259 dig\u0259r qonaqlar i\u015ftirak edibl\u0259r.T\u0259dbiri giri\u015f s\u00f6z\u00fc il\u0259 a\u00e7an DGTYB Y\u00f6n\u0259tim Kurulunun \u00fczv\u00fc,\u00a0 Az\u0259rbaycan T\u0259l\u0259b\u0259 Yazarlar Birliyinin M\u0259tbuat xidm\u0259tinin r\u0259hb\u0259ri,\u00a0 G\u00fcnd\u0259lik \u0130nformasiya Agentliyinin Y\u00f6n\u0259tim Kurulunun F\u0259xri \u00fczv\u00fc,\u00a0 g\u0259nc yazar Emil Rasimo\u011flu ilk n\u00f6vb\u0259d\u0259 t\u0259dbir i\u015ftirak\u00e7\u0131lar\u0131n\u0131 salamlayaraq,\u00a0 \u015fair \u0130brahim \u0130lyasl\u0131n\u0131n h\u0259yat v\u0259 yarad\u0131c\u0131l\u0131\u011f\u0131 haqq\u0131nda \u00fcr\u0259kdolusu dan\u0131\u015f\u0131b,\u00a0 \u015fairin Az\u0259rbaycan \u0259d\u0259biyyat\u0131nda m\u00f6vqeyind\u0259n b\u0259hs ed\u0259r\u0259k son zamanlar \u0259ld\u0259 etdiyi nailiyy\u0259tl\u0259rd\u0259n s\u00f6hb\u0259t a\u00e7\u0131b.T\u0259dbirin gedi\u015fat\u0131nda \u0130brahim \u0130lyasl\u0131n\u0131n m\u00fcxt\u0259lif ill\u0259rd\u0259 q\u0259l\u0259m\u0259 ald\u0131\u011f\u0131 \u015feirl\u0259ri poeziya sev\u0259rl\u0259r t\u0259r\u0259find\u0259n s\u0259sl\u0259ndirilib. D\u00fcz\u0259nl\u0259n\u0259n t\u0259dbirin ke\u00e7irilm\u0259sinin \u0259sas s\u0259b\u0259bkar\u0131 sevimli \u015fair \u0130brahim \u0130lyasl\u0131 \u00f6z n\u00f6vb\u0259sind\u0259 yarad\u0131lan \u015f\u0259rait\u0259 g\u00f6r\u0259 DGTYB Y\u00f6n\u0259tim Kurulunun R\u0259hb\u0259rliyin\u0259, &#8221; Ax\u0131n&#8221; \u0130ctimai Birliyinin s\u0259drin\u0259,\u00a0 Bak\u0131 \u015f\u0259h\u0259ri 129 sayl\u0131 orta m\u0259kt\u0259bin direktoruna v\u0259 \u0259ziyy\u0259ti ke\u00e7\u0259n h\u0259r k\u0259s\u0259 t\u0259\u015f\u0259kk\u00fcr\u00fcn\u00fc bildirib, m\u0259mnunluq hissi duydu\u011funu x\u00fcsusil\u0259 qeyd edib.DGTYB Y\u00f6n\u0259tim Kurulunun \u00fczv\u00fc,\u00a0 g\u0259nc yazar Emil Rasimo\u011flu t\u0259dbir i\u015ftirak\u00e7\u0131lar\u0131na \u00f6z t\u0259\u015f\u0259kk\u00fcr\u00fcn\u00fc bildirib,\u00a0 \u015fair \u0130brahim \u0130lyasl\u0131ya yeni yarad\u0131c\u0131l\u0131q u\u011furlar\u0131 v\u0259 f\u0259aliyy\u0259ti dil\u0259yib.T\u0259dbirin sonunda xatir\u0259 \u015f\u0259kill\u0259ri \u00e7\u0259kdirilib.<\/p>\n<p dir=\"ltr\" style=\"color: #000000;\">K\u0259nan AYDINO\u011eLU<\/p>\n<p class=\"bawpvc-ajax-counter\" data-id=\"8300\">Yaz\u0131ya 572 d\u0259f\u0259 bax\u0131l\u0131b<\/p>\n","protected":false},"excerpt":{"rendered":"<p>21 fevral 2015-ci il tarixd\u0259,\u00a0 saat 17 : 00-da,\u00a0 Bak\u0131 \u015f\u0259h\u0259ri Xalqlar dostlu\u011fu metrosunun yan\u0131nda yerl\u0259\u015f\u0259n 129 sayl\u0131 orta m\u0259kt\u0259bin akt zal\u0131nda \u00c7a\u011fda\u015f Az\u0259rbaycan \u0259d\u0259biyyat\u0131n\u0131n g\u00f6rk\u0259mli n\u00fcmay\u0259nd\u0259si,\u00a0 Az\u0259rbaycan Yaz\u0131\u00e7\u0131lar Birliyinin \u00fczv\u00fc, Az\u0259rbaycan Respublikas\u0131 Prezidentinin T\u0259qa\u00fcd Fondunun t\u0259qa\u00fcd\u00e7\u00fcs\u00fc,\u00a0 \u018fli K\u0259rim ad\u0131na Sumqay\u0131t \u015f\u0259h\u0259r Poeziya klubunun Direktoru,\u00a0 Az\u0259rbaycan\u0131n M\u0259d\u0259niyy\u0259t v\u0259 \u018fd\u0259biyyat Portal\u0131n\u0131n M\u0259sul katibi \u0130brahim \u0130lyasl\u0131 il\u0259 [&hellip;]<\/p>\n","protected":false},"author":1,"featured_media":0,"comment_status":"closed","ping_status":"closed","sticky":false,"template":"","format":"standard","meta":[],"categories":[3,21],"tags":[],"_links":{"self":[{"href":"https:\/\/kultur.az\/index.php?rest_route=\/wp\/v2\/posts\/8300"}],"collection":[{"href":"https:\/\/kultur.az\/index.php?rest_route=\/wp\/v2\/posts"}],"about":[{"href":"https:\/\/kultur.az\/index.php?rest_route=\/wp\/v2\/types\/post"}],"author":[{"embeddable":true,"href":"https:\/\/kultur.az\/index.php?rest_route=\/wp\/v2\/users\/1"}],"replies":[{"embeddable":true,"href":"https:\/\/kultur.az\/index.php?rest_route=%2Fwp%2Fv2%2Fcomments&post=8300"}],"version-history":[{"count":2,"href":"https:\/\/kultur.az\/index.php?rest_route=\/wp\/v2\/posts\/8300\/revisions"}],"predecessor-version":[{"id":8303,"href":"https:\/\/kultur.az\/index.php?rest_route=\/wp\/v2\/posts\/8300\/revisions\/8303"}],"wp:attachment":[{"href":"https:\/\/kultur.az\/index.php?rest_route=%2Fwp%2Fv2%2Fmedia&parent=8300"}],"wp:term":[{"taxonomy":"category","embeddable":true,"href":"https:\/\/kultur.az\/index.php?rest_route=%2Fwp%2Fv2%2Fcategories&post=8300"},{"taxonomy":"post_tag","embeddable":true,"href":"https:\/\/kultur.az\/index.php?rest_route=%2Fwp%2Fv2%2Ftags&post=8300"}],"curies":[{"name":"wp","href":"https:\/\/api.w.org\/{rel}","templated":true}]}}