{"id":8456,"date":"2015-02-25T11:28:32","date_gmt":"2015-02-25T07:28:32","guid":{"rendered":"http:\/\/kultur.az\/?p=8456"},"modified":"2015-02-25T11:28:32","modified_gmt":"2015-02-25T07:28:32","slug":"ii-anamin-kitabi-%c9%99d%c9%99bi-mukafatina-%c9%99s%c9%99r-q%c9%99bulu-baslandi","status":"publish","type":"post","link":"https:\/\/kultur.az\/?p=8456","title":{"rendered":"\u00a0II \u201dAnam\u0131n Kitab\u0131\u201d \u018fd\u0259bi M\u00fckafat\u0131na \u0259s\u0259r q\u0259bulu ba\u015fland\u0131"},"content":{"rendered":"<p><a href=\"http:\/\/kultur.az\/wp-content\/uploads\/2015\/02\/255_uwt56Z97f5oa.jpg\"><img decoding=\"async\" loading=\"lazy\" class=\"alignright wp-image-8457 size-full\" src=\"http:\/\/kultur.az\/wp-content\/uploads\/2015\/02\/255_uwt56Z97f5oa.jpg\" alt=\"255_uwt56Z97f5oa\" width=\"203\" height=\"255\" \/><\/a><\/p>\n<div style=\"color: #454545;\" align=\"justify\"><span style=\"font-weight: bold; color: #800000;\">Az\u0259rbaycanda milli \u0259d\u0259biyyat\u0131n inki\u015faf\u0131na d\u0259st\u0259k m\u0259qs\u0259di il\u0259 H\u0259d\u0259f N\u0259\u015frl\u0259rinin t\u0259sis etdiyi \u201cAnam\u0131n Kitab\u0131\u201d \u018fd\u0259bi M\u00fckafat\u0131n\u0131n pyes m\u00fcsabiq\u0259si bu il ikinci d\u0259f\u0259 ke\u00e7iril\u0259c\u0259k<\/span><\/p>\n<p>M\u00fcsabiq\u0259nin T\u0259\u015fkilat Komit\u0259si \u0259s\u0259rl\u0259rin m\u0259tni \u00fc\u00e7\u00fcn i\u015far\u0259 say\u0131 m\u0259hdudiyy\u0259tini l\u0259\u011fv etdi<\/p>\n<p>Layih\u0259nin ideya m\u00fc\u0259llifi filologiya elml\u0259ri \u00fczr\u0259 f\u0259ls\u0259f\u0259 doktoru \u015e\u0259mil Sadiq, m\u00fcsabiq\u0259nin M\u00fcnsifl\u0259r Hey\u0259tinin s\u0259dri is\u0259 Az\u0259rbaycan Milli Elml\u0259r Akademiyas\u0131n\u0131n vitse-prezidenti, akademik \u0130sa H\u0259bibb\u0259ylidir. M\u00fcnsifl\u0259r Hey\u0259tinin dig\u0259r \u00fczvl\u0259rinin ad\u0131 is\u0259 m\u00fckafatland\u0131rma zaman\u0131 a\u00e7\u0131qlanacaq.<\/p>\n<p>Layih\u0259nin r\u0259hb\u0259ri M\u00fc\u015ffiq XAN\u0131n verdiyi m\u0259lumata g\u00f6r\u0259 bu il ikinci d\u0259f\u0259 ke\u00e7iril\u0259c\u0259k m\u00fcsabiq\u0259 fevral-avqust aylar\u0131n\u0131 \u0259hat\u0259 ed\u0259c\u0259k. M\u00fckafatland\u0131rma is\u0259 bu ilin sentyabr ay\u0131nda t\u0259\u015fkil olunacaq.<\/p>\n<p>\u201dAnam\u0131n Kitab\u0131\u201d \u018fd\u0259bi M\u00fckafat\u0131n\u0131n pyes m\u00fcsabiq\u0259sin\u0259 \u0259s\u0259rl\u0259rin q\u0259bulu haqq\u0131nda<\/p>\n<p>1. M\u00fcsabiq\u0259y\u0259 yaln\u0131z pyes \u0259s\u0259rl\u0259ri q\u0259bul edilir.<\/p>\n<p>2. \u018fs\u0259rl\u0259rin m\u0259tni \u00fc\u00e7\u00fcn i\u015far\u0259 v\u0259 p\u0259rd\u0259 say\u0131 m\u0259hdudiyy\u0259ti yoxdur.<\/p>\n<p>3. M\u00fcsabiq\u0259d\u0259 i\u015ftirak etm\u0259k \u00fc\u00e7\u00fcn maksimum ya\u015f h\u0259ddi \u2013 40 ya\u015fd\u0131r.<\/p>\n<p>4. M\u00f6vzu se\u00e7imi \u2013 s\u0259rb\u0259st. \u018fd\u0259bi m\u00fckafat\u0131n ideya v\u0259 nizamnam\u0259si n\u0259z\u0259r\u0259 al\u0131nmal\u0131d\u0131r.<\/p>\n<p>5. \u018fs\u0259rl\u0259rin q\u0259bulu<br \/>\nBa\u015flay\u0131r: 21 fevral 1015 \u2013 Beyn\u0259lxalq Ana dili G\u00fcn\u00fc<br \/>\nBitir: 1 may 2015 (saat 22:00)<\/p>\n<p>6. Ekspertl\u0259r \u015euras\u0131 f\u0259aliyy\u0259ti<br \/>\n1 may 2015 \u2013 31 may 2015<br \/>\nE\u015e-n\u0131n se\u00e7\u0259c\u0259yi \u0259s\u0259rl\u0259rin say\u0131na m\u0259hdudiyy\u0259t yoxdur. Se\u00e7il\u0259n \u0259s\u0259rl\u0259r Onlayn s\u0259sverm\u0259y\u0259 \u00e7\u0131xar\u0131lmaqla yana\u015f\u0131, M\u00fcnsifl\u0259r Hey\u0259tin\u0259 t\u0259qdim olunur. Onlayn s\u0259sverm\u0259nin n\u0259tic\u0259l\u0259ri MH-nin qiym\u0259tl\u0259ndirm\u0259sin\u0259 t\u0259sir etmir.<\/p>\n<p>7. M\u00fcnsifl\u0259r Hey\u0259tinin \u0259s\u0259rl\u0259ri qiym\u0259tl\u0259ndirm\u0259si: 5 iyun 2015 \u2013 5 avqust 2015<br \/>\n8. Onlayn s\u0259sverm\u0259: 5 iyun 2015 \u2013 5 avqust 2015 (saat 22:00)<\/p>\n<p>9. M\u00fcsabiq\u0259y\u0259 yekun vurulmas\u0131 v\u0259 qalibl\u0259rin elan olunmas\u0131<br \/>\n1 avqust 2015 \u2013 Az\u0259rbaycan dili v\u0259 \u018flifbas\u0131 g\u00fcn\u00fc<\/p>\n<p>10. M\u00fckafatland\u0131rma 2015-ci ilin sentyabr ay\u0131nda ke\u00e7iril\u0259c\u0259k.<\/p>\n<p>M\u00fckafatlar<br \/>\nI yer noutbuk, II yer plan\u015fet, III v\u0259 IV yer netbuk.<\/p>\n<p>M\u00fcsabiq\u0259 \u00fc\u00e7\u00fcn \u0259s\u0259rl\u0259ri\u00a0info@hedefnesrleri.az\u00a0\u00fcnvan\u0131na g\u00f6nd\u0259rm\u0259k laz\u0131md\u0131r. \u018fs\u0259rl\u0259r g\u00f6nd\u0259ril\u0259rk\u0259n \u0259lav\u0259 bir faylda a\u015fa\u011f\u0131da g\u00f6st\u0259ril\u0259n m\u0259lumatlar\u0131 m\u00fctl\u0259q qeyd etm\u0259k laz\u0131md\u0131r:<br \/>\na) M\u00fc\u0259llifin ad\u0131, soyad\u0131, atas\u0131n\u0131n ad\u0131<br \/>\nb) M\u00fc\u0259llifin telefon n\u00f6mr\u0259l\u0259ri (mobil v\u0259 ev), ya\u015fad\u0131\u011f\u0131 \u00fcnvan<br \/>\nc) M\u00fc\u0259llifin do\u011fum tarixi<br \/>\nd) M\u00fc\u0259llifin e-po\u00e7t \u00fcnvan\u0131 (*varsa, fb \u00fcnvan\u0131)<br \/>\ne) M\u00fc\u0259llifin \u0259d\u0259bi t\u0259x\u0259ll\u00fcs\u00fc (*\u0259g\u0259r varsa)<\/p>\n<p>G\u00f6st\u0259ril\u0259n m\u0259lumatlardan h\u0259r hans\u0131 biri qeyd olunmayan \u0259s\u0259r m\u00fcsabiq\u0259y\u0259 burax\u0131lmayacaq.<br \/>\n\u018fs\u0259rl\u0259rin m\u0259zmunu, redakt\u0259 v\u0259 korrekt\u0259 x\u0259talar\u0131 il\u0259 ba\u011fl\u0131 m\u0259suliyy\u0259ti yaln\u0131z m\u00fc\u0259llif da\u015f\u0131y\u0131r.<\/p>\n<p>T\u0259\u015fkilat\u00e7\u0131lar: AR M\u0259d\u0259niyy\u0259t Nazirliyi D\u00f6vl\u0259t G\u0259nc Tama\u015fa\u00e7\u0131lar Teatr\u0131, Kitabevim.az kitab ma\u011fazalar\u0131 \u015f\u0259b\u0259k\u0259si<\/p>\n<p>\u0130nformasiya d\u0259st\u0259yi: Senet.az \u0259d\u0259biyyat v\u0259 s\u0259n\u0259t d\u0259rgisi<\/p>\n<p>Sponsorlar: Soliton, H\u0259d\u0259f Kurslar\u0131, Medica Hospital<\/p>\n<p>R\u0259smi facebook s\u0259hif\u0259si: www.facebook.com\/AnaminKitabi<\/p><\/div>\n<p class=\"bawpvc-ajax-counter\" data-id=\"8456\">Yaz\u0131ya 482 d\u0259f\u0259 bax\u0131l\u0131b<\/p>\n","protected":false},"excerpt":{"rendered":"<p>Az\u0259rbaycanda milli \u0259d\u0259biyyat\u0131n inki\u015faf\u0131na d\u0259st\u0259k m\u0259qs\u0259di il\u0259 H\u0259d\u0259f N\u0259\u015frl\u0259rinin t\u0259sis etdiyi \u201cAnam\u0131n Kitab\u0131\u201d \u018fd\u0259bi M\u00fckafat\u0131n\u0131n pyes m\u00fcsabiq\u0259si bu il ikinci d\u0259f\u0259 ke\u00e7iril\u0259c\u0259k M\u00fcsabiq\u0259nin T\u0259\u015fkilat Komit\u0259si \u0259s\u0259rl\u0259rin m\u0259tni \u00fc\u00e7\u00fcn i\u015far\u0259 say\u0131 m\u0259hdudiyy\u0259tini l\u0259\u011fv etdi Layih\u0259nin ideya m\u00fc\u0259llifi filologiya elml\u0259ri \u00fczr\u0259 f\u0259ls\u0259f\u0259 doktoru \u015e\u0259mil Sadiq, m\u00fcsabiq\u0259nin M\u00fcnsifl\u0259r Hey\u0259tinin s\u0259dri is\u0259 Az\u0259rbaycan Milli Elml\u0259r Akademiyas\u0131n\u0131n vitse-prezidenti, akademik \u0130sa [&hellip;]<\/p>\n","protected":false},"author":1,"featured_media":0,"comment_status":"closed","ping_status":"closed","sticky":false,"template":"","format":"standard","meta":[],"categories":[21],"tags":[],"_links":{"self":[{"href":"https:\/\/kultur.az\/index.php?rest_route=\/wp\/v2\/posts\/8456"}],"collection":[{"href":"https:\/\/kultur.az\/index.php?rest_route=\/wp\/v2\/posts"}],"about":[{"href":"https:\/\/kultur.az\/index.php?rest_route=\/wp\/v2\/types\/post"}],"author":[{"embeddable":true,"href":"https:\/\/kultur.az\/index.php?rest_route=\/wp\/v2\/users\/1"}],"replies":[{"embeddable":true,"href":"https:\/\/kultur.az\/index.php?rest_route=%2Fwp%2Fv2%2Fcomments&post=8456"}],"version-history":[{"count":1,"href":"https:\/\/kultur.az\/index.php?rest_route=\/wp\/v2\/posts\/8456\/revisions"}],"predecessor-version":[{"id":8458,"href":"https:\/\/kultur.az\/index.php?rest_route=\/wp\/v2\/posts\/8456\/revisions\/8458"}],"wp:attachment":[{"href":"https:\/\/kultur.az\/index.php?rest_route=%2Fwp%2Fv2%2Fmedia&parent=8456"}],"wp:term":[{"taxonomy":"category","embeddable":true,"href":"https:\/\/kultur.az\/index.php?rest_route=%2Fwp%2Fv2%2Fcategories&post=8456"},{"taxonomy":"post_tag","embeddable":true,"href":"https:\/\/kultur.az\/index.php?rest_route=%2Fwp%2Fv2%2Ftags&post=8456"}],"curies":[{"name":"wp","href":"https:\/\/api.w.org\/{rel}","templated":true}]}}