{"id":8485,"date":"2015-02-25T16:34:26","date_gmt":"2015-02-25T12:34:26","guid":{"rendered":"http:\/\/kultur.az\/?p=8485"},"modified":"2015-02-25T16:34:26","modified_gmt":"2015-02-25T12:34:26","slug":"muharib%c9%99d%c9%99n-donus-haqqinda-yazilmis-10-%c9%99n-yaxsi-%c9%99s%c9%99r","status":"publish","type":"post","link":"https:\/\/kultur.az\/?p=8485","title":{"rendered":"M\u00fcharib\u0259d\u0259n d\u00f6n\u00fc\u015f haqq\u0131nda yaz\u0131lm\u0131\u015f 10 \u0259n yax\u015f\u0131 \u0259s\u0259r"},"content":{"rendered":"<p><a href=\"http:\/\/kultur.az\/wp-content\/uploads\/2015\/02\/\u0437\u0430\u0433\u0440\u0443\u0436\u0435\u043d\u043d\u043e\u0435.jpg\"><img decoding=\"async\" loading=\"lazy\" class=\"alignright wp-image-8486 size-full\" src=\"http:\/\/kultur.az\/wp-content\/uploads\/2015\/02\/\u0437\u0430\u0433\u0440\u0443\u0436\u0435\u043d\u043d\u043e\u0435.jpg\" alt=\"\u0437\u0430\u0433\u0440\u0443\u0436\u0435\u043d\u043d\u043e\u0435\" width=\"276\" height=\"182\" \/><\/a>\u00a0 \u00a0<span style=\"color: #000000;\">\u00d6t\u0259n il AB\u015e-dan olan m\u00fcharib\u0259 veteran\u0131 Fil Kleyin \u0259s\u0259ri d\u00fcnya \u0259d\u0259biyyat\u0131n\u0131n g\u00fcnd\u0259mind\u0259n d\u00fc\u015fm\u0259di. T\u0259qdimatlar, m\u00fckafatlar, nominasiyalara namiz\u0259dlik, m\u00fc\u0259llifl\u0259 m\u00fcsahib\u0259l\u0259r, \u0259s\u0259rin geni\u015f m\u00fczakir\u0259si v\u0259 n\u0259hay\u0259t, \u201cNational Book Award\u201d m\u00fckafat\u0131na layiq g\u00f6r\u00fclm\u0259si insanlar\u0131n v\u0259 c\u0259miyy\u0259tin b\u00fct\u00fcn d\u00f6vrl\u0259rd\u0259 oldu\u011fu kimi m\u00fcharib\u0259y\u0259 h\u0259l\u0259 d\u0259 n\u0259 q\u0259d\u0259r h\u0259ssas yana\u015fd\u0131\u011f\u0131n\u0131 v\u0259 onu n\u0259 q\u0259d\u0259r \u00f6n\u0259ms\u0259diyini s\u00fcbut etdi. \u201cGuardian\u201d x\u0259b\u0259r verir ki, \u00fcmumiyy\u0259tl\u0259, amerikal\u0131 \u0259sg\u0259rl\u0259rin \u0130raq v\u0259 \u018ffqan\u0131standan d\u00f6nd\u00fckd\u0259n sonra yazd\u0131qlar\u0131 xatir\u0259l\u0259r, m\u0259qal\u0259l\u0259r, verdikl\u0259ri m\u00fcsahib\u0259l\u0259r h\u0259ddind\u0259n art\u0131q b\u00f6y\u00fck maraqla qar\u015f\u0131lan\u0131b. El\u0259 amerikal\u0131 jurnalist Corc Parkerin \u0130raqdan qay\u0131td\u0131qdan sonra \u00f6lk\u0259nin \u0259n \u00e7ox oxunan jurnalisti olmas\u0131 da bu fakta a\u015fkar s\u00fcbutdur. \u201cGuardian\u201d \u0259d\u0259bi b\u00f6lm\u0259sind\u0259 m\u0259hz bu detaldan yola \u00e7\u0131xaraq maraql\u0131 ara\u015fd\u0131rma apar\u0131l\u0131b. Bel\u0259 ki, b\u00fct\u00fcn d\u00f6vrl\u0259rd\u0259 m\u00fcharib\u0259d\u0259n d\u00f6nm\u00fc\u015f insanlar t\u0259r\u0259find\u0259n yaz\u0131lan \u0259s\u0259rl\u0259rin sat\u0131\u015f g\u00f6st\u0259ricil\u0259ri v\u0259 onlar\u0131n haqq\u0131nda d\u00f6vr\u00fc m\u0259tbuatda, tarixi \u0259s\u0259rl\u0259rd\u0259 \u00e7\u0131xm\u0131\u015f yaz\u0131lar m\u00fcqayis\u0259 edilib v\u0259 \u201cm\u00fcharib\u0259d\u0259n d\u00f6n\u00fc\u015f haqq\u0131nda yaz\u0131lm\u0131\u015f 10 \u0259n yax\u015f\u0131 \u0259s\u0259r\u201d-in ad\u0131 m\u00fc\u0259yy\u0259nl\u0259\u015fdirilib. Bel\u0259likl\u0259, siz\u0259 h\u0259min \u0259s\u0259rl\u0259rin siyah\u0131s\u0131n\u0131 t\u0259qdim edirik.<\/span><br style=\"color: #000000;\" \/><span style=\"color: #000000;\">1. Homer \u2013 \u201cOdiseya\u201d<\/span><br style=\"color: #000000;\" \/><span style=\"color: #000000;\">2. \u015eekspir \u2013 \u201cKoriolanusun faci\u0259si\u201d<\/span><br style=\"color: #000000;\" \/><span style=\"color: #000000;\">3. Cakob Siegel \u2013 \u201cG\u00fcl\u00fcms\u0259, d\u00f6rd t\u0259r\u0259fimizd\u0259 \u0130ED-l\u0259r var\u201d ( \u0130ED &#8211; \u0259s\u0259b x\u0259st\u0259liyinin bir n\u00f6v\u00fc, davran\u0131\u015f pozuqlu\u011fu il\u0259 se\u00e7ilir \u2013 red. E.S.)<\/span><br style=\"color: #000000;\" \/><span style=\"color: #000000;\">4. Billi Lin \u2013 \u201cYar\u0131m \u00f6m\u00fcrl\u00fck uzun s\u0259yah\u0259t\u201d<\/span><br style=\"color: #000000;\" \/><span style=\"color: #000000;\">5. Pet Barker \u2013 \u201cRegenerasiya\u201d<\/span><br style=\"color: #000000;\" \/><span style=\"color: #000000;\">6. Mario Varqas Lyosa \u2013 \u201cAnd da\u011flar\u0131nda \u00f6l\u00fcm\u201d<\/span><br style=\"color: #000000;\" \/><span style=\"color: #000000;\">7. Corcs Bernanos \u2013 \u201cK\u0259nd ke\u015fi\u015finin g\u00fcnd\u0259liyi\u201d<\/span><br style=\"color: #000000;\" \/><span style=\"color: #000000;\">8. Patrisio Pron \u2013 \u201cAtam\u0131n ruhu\u201d<\/span><br style=\"color: #000000;\" \/><span style=\"color: #000000;\">9. Vaquih Qali \u2013 \u201cBilyard salonunda piv\u0259 \u00e7\u0259ll\u0259yi\u201d<\/span><br style=\"color: #000000;\" \/><span style=\"color: #000000;\">10. A\u015fli Qilbertson \u2013 \u201cM\u0259\u011flub olanlar\u0131n yataq otaqlar\u0131\u201d\u00a0<\/span><\/p>\n<p class=\"bawpvc-ajax-counter\" data-id=\"8485\">Yaz\u0131ya 550 d\u0259f\u0259 bax\u0131l\u0131b<\/p>\n","protected":false},"excerpt":{"rendered":"<p>\u00a0 \u00a0\u00d6t\u0259n il AB\u015e-dan olan m\u00fcharib\u0259 veteran\u0131 Fil Kleyin \u0259s\u0259ri d\u00fcnya \u0259d\u0259biyyat\u0131n\u0131n g\u00fcnd\u0259mind\u0259n d\u00fc\u015fm\u0259di. T\u0259qdimatlar, m\u00fckafatlar, nominasiyalara namiz\u0259dlik, m\u00fc\u0259llifl\u0259 m\u00fcsahib\u0259l\u0259r, \u0259s\u0259rin geni\u015f m\u00fczakir\u0259si v\u0259 n\u0259hay\u0259t, \u201cNational Book Award\u201d m\u00fckafat\u0131na layiq g\u00f6r\u00fclm\u0259si insanlar\u0131n v\u0259 c\u0259miyy\u0259tin b\u00fct\u00fcn d\u00f6vrl\u0259rd\u0259 oldu\u011fu kimi m\u00fcharib\u0259y\u0259 h\u0259l\u0259 d\u0259 n\u0259 q\u0259d\u0259r h\u0259ssas yana\u015fd\u0131\u011f\u0131n\u0131 v\u0259 onu n\u0259 q\u0259d\u0259r \u00f6n\u0259ms\u0259diyini s\u00fcbut etdi. \u201cGuardian\u201d x\u0259b\u0259r verir [&hellip;]<\/p>\n","protected":false},"author":1,"featured_media":0,"comment_status":"closed","ping_status":"closed","sticky":false,"template":"","format":"standard","meta":[],"categories":[21],"tags":[],"_links":{"self":[{"href":"https:\/\/kultur.az\/index.php?rest_route=\/wp\/v2\/posts\/8485"}],"collection":[{"href":"https:\/\/kultur.az\/index.php?rest_route=\/wp\/v2\/posts"}],"about":[{"href":"https:\/\/kultur.az\/index.php?rest_route=\/wp\/v2\/types\/post"}],"author":[{"embeddable":true,"href":"https:\/\/kultur.az\/index.php?rest_route=\/wp\/v2\/users\/1"}],"replies":[{"embeddable":true,"href":"https:\/\/kultur.az\/index.php?rest_route=%2Fwp%2Fv2%2Fcomments&post=8485"}],"version-history":[{"count":1,"href":"https:\/\/kultur.az\/index.php?rest_route=\/wp\/v2\/posts\/8485\/revisions"}],"predecessor-version":[{"id":8487,"href":"https:\/\/kultur.az\/index.php?rest_route=\/wp\/v2\/posts\/8485\/revisions\/8487"}],"wp:attachment":[{"href":"https:\/\/kultur.az\/index.php?rest_route=%2Fwp%2Fv2%2Fmedia&parent=8485"}],"wp:term":[{"taxonomy":"category","embeddable":true,"href":"https:\/\/kultur.az\/index.php?rest_route=%2Fwp%2Fv2%2Fcategories&post=8485"},{"taxonomy":"post_tag","embeddable":true,"href":"https:\/\/kultur.az\/index.php?rest_route=%2Fwp%2Fv2%2Ftags&post=8485"}],"curies":[{"name":"wp","href":"https:\/\/api.w.org\/{rel}","templated":true}]}}