{"id":8793,"date":"2015-03-13T15:43:26","date_gmt":"2015-03-13T11:43:26","guid":{"rendered":"http:\/\/kultur.az\/?p=8793"},"modified":"2015-03-13T15:43:26","modified_gmt":"2015-03-13T11:43:26","slug":"qeyb-olan-qadinlar-s%c9%99rgi","status":"publish","type":"post","link":"https:\/\/kultur.az\/?p=8793","title":{"rendered":"Qeyb olan qad\u0131nlar &#8212; S\u018fRG\u0130"},"content":{"rendered":"<p><a href=\"http:\/\/kultur.az\/wp-content\/uploads\/2015\/03\/BCDF5EF9-923D-41C5-9330-E6B799149F44_w640_r1_s_cx0_cy3_cw0.jpg\"><img decoding=\"async\" loading=\"lazy\" class=\"aligncenter wp-image-8794 \" src=\"http:\/\/kultur.az\/wp-content\/uploads\/2015\/03\/BCDF5EF9-923D-41C5-9330-E6B799149F44_w640_r1_s_cx0_cy3_cw0-300x168.jpg\" alt=\"BCDF5EF9-923D-41C5-9330-E6B799149F44_w640_r1_s_cx0_cy3_cw0\" width=\"486\" height=\"272\" \/><\/a><\/p>\n<p style=\"color: #000000;\"><strong>Bak\u0131da a\u00e7\u0131lan r\u0259sm s\u0259rgisinin ilk bax\u0131\u015fda q\u0259rib\u0259 ad\u0131 var:\u00a0\u201cQeyb olan qad\u0131n\u201d<\/strong><\/p>\n<p style=\"color: #000000;\">\u0130ngilis r\u0259ssam\u0131 Sarah Knill-Johnson-undur M\u00fcasir \u0130nc\u0259s\u0259n\u0259t Muzeyind\u0259 s\u0259rgil\u0259n\u0259n bu \u0259s\u0259rl\u0259r.<\/p>\n<p style=\"color: #000000;\">O deyib ki, d\u00f6rd ildir Bak\u0131da ya\u015fay\u0131r v\u0259 m\u00fcv\u0259qq\u0259ti olaraq Az\u0259rbaycanda ya\u015fayan qad\u0131nlara co\u011frafi yerd\u0259yi\u015fm\u0259nin t\u0259sirini \u00f6yr\u0259nir.<\/p>\n<p style=\"color: #000000;\">Onun s\u00f6zl\u0259rin\u0259 g\u00f6r\u0259, bel\u0259 qad\u0131nlara d\u00fcnyag\u00f6r\u00fc\u015f\u00fcn\u00fcn geni\u015fl\u0259nm\u0259si, h\u0259yatdak\u0131 d\u0259yi\u015fiklikl\u0259r\u0259 d\u00f6z\u00fcml\u00fc yana\u015fma c\u0259h\u0259tl\u0259ri il\u0259 yana\u015f\u0131 t\u0259crid olunma, orientasiyan\u0131n itirilm\u0259si, yadla\u015fma hissl\u0259ri d\u0259 xasd\u0131r.<\/p>\n<p style=\"color: #000000;\">R\u0259ssam \u201cQeyb olan qad\u0131n\u201d layih\u0259sind\u0259 k\u00f6n\u00fcll\u00fc i\u015ftirak etm\u0259y\u0259 raz\u0131l\u0131q vermi\u015f qad\u0131nlar\u0131n \u00f6zl\u0259rinin se\u00e7diyi yerl\u0259rd\u0259 fotolar\u0131n\u0131 \u00e7\u0259kib v\u0259 sonra onlar\u0131n \u00fcz\u00fcn\u00fc, libas\u0131n\u0131\u00a0el\u0259 boyay\u0131b ki, sanki t\u0259dric\u0259n yoxa \u00e7\u0131x\u0131rlar.<\/p>\n<p style=\"color: #000000;\">S\u0259rgiy\u0259 y\u00fcz\u0259 q\u0259d\u0259r bel\u0259 foto daxildir.<\/p>\n<p style=\"color: #000000;\">S\u0259rgi aprelin 1-\u0259 q\u0259d\u0259r davam ed\u0259c\u0259k.<\/p>\n<div class=\"contentImage floatNone\" style=\"color: #000000;\">\n<div class=\"watermark\" style=\"color: #000000;\"><a style=\"color: #1b73a4;\" title=\"\" href=\"http:\/\/gdb.rferl.org\/F36B6EDE-2FEE-4542-89F9-6733AB05C95E_mw1024_s_n.jpg\" rel=\"ibox\"><img decoding=\"async\" class=\"photo\" src=\"http:\/\/gdb.rferl.org\/F36B6EDE-2FEE-4542-89F9-6733AB05C95E_w640_s.jpg\" alt=\"\" border=\"0\" \/><\/a><\/div>\n<\/div>\n<p style=\"color: #000000;\">\n<div class=\"contentImage floatNone\" style=\"color: #000000;\">\n<div class=\"watermark\" style=\"color: #000000;\"><a style=\"color: #1b73a4;\" title=\"\" href=\"http:\/\/gdb.rferl.org\/85D11CBE-83B5-40B4-8550-6572C39638D7_mw1024_s_n.jpg\" rel=\"ibox\"><img decoding=\"async\" class=\"photo\" src=\"http:\/\/gdb.rferl.org\/85D11CBE-83B5-40B4-8550-6572C39638D7_w640_s.jpg\" alt=\"\" border=\"0\" \/><\/a><\/div>\n<\/div>\n<p style=\"color: #000000;\">\n<div class=\"contentImage floatNone\" style=\"color: #000000;\">\n<div class=\"watermark\" style=\"color: #000000;\"><a style=\"color: #1b73a4;\" title=\"\" href=\"http:\/\/gdb.rferl.org\/8C359EFB-82C4-4CF2-AF86-1B6B8F5F4674_mw1024_s_n.jpg\" rel=\"ibox\"><img decoding=\"async\" class=\"photo\" src=\"http:\/\/gdb.rferl.org\/8C359EFB-82C4-4CF2-AF86-1B6B8F5F4674_w640_s.jpg\" alt=\"\" border=\"0\" \/><\/p>\n<p>o<\/a>xuzal\u0131.az<\/div>\n<\/div>\n<p class=\"bawpvc-ajax-counter\" data-id=\"8793\">Yaz\u0131ya 673 d\u0259f\u0259 bax\u0131l\u0131b<\/p>\n","protected":false},"excerpt":{"rendered":"<p>Bak\u0131da a\u00e7\u0131lan r\u0259sm s\u0259rgisinin ilk bax\u0131\u015fda q\u0259rib\u0259 ad\u0131 var:\u00a0\u201cQeyb olan qad\u0131n\u201d \u0130ngilis r\u0259ssam\u0131 Sarah Knill-Johnson-undur M\u00fcasir \u0130nc\u0259s\u0259n\u0259t Muzeyind\u0259 s\u0259rgil\u0259n\u0259n bu \u0259s\u0259rl\u0259r. O deyib ki, d\u00f6rd ildir Bak\u0131da ya\u015fay\u0131r v\u0259 m\u00fcv\u0259qq\u0259ti olaraq Az\u0259rbaycanda ya\u015fayan qad\u0131nlara co\u011frafi yerd\u0259yi\u015fm\u0259nin t\u0259sirini \u00f6yr\u0259nir. Onun s\u00f6zl\u0259rin\u0259 g\u00f6r\u0259, bel\u0259 qad\u0131nlara d\u00fcnyag\u00f6r\u00fc\u015f\u00fcn\u00fcn geni\u015fl\u0259nm\u0259si, h\u0259yatdak\u0131 d\u0259yi\u015fiklikl\u0259r\u0259 d\u00f6z\u00fcml\u00fc yana\u015fma c\u0259h\u0259tl\u0259ri il\u0259 yana\u015f\u0131 t\u0259crid olunma, orientasiyan\u0131n [&hellip;]<\/p>\n","protected":false},"author":1,"featured_media":0,"comment_status":"closed","ping_status":"closed","sticky":false,"template":"","format":"standard","meta":[],"categories":[4],"tags":[],"_links":{"self":[{"href":"https:\/\/kultur.az\/index.php?rest_route=\/wp\/v2\/posts\/8793"}],"collection":[{"href":"https:\/\/kultur.az\/index.php?rest_route=\/wp\/v2\/posts"}],"about":[{"href":"https:\/\/kultur.az\/index.php?rest_route=\/wp\/v2\/types\/post"}],"author":[{"embeddable":true,"href":"https:\/\/kultur.az\/index.php?rest_route=\/wp\/v2\/users\/1"}],"replies":[{"embeddable":true,"href":"https:\/\/kultur.az\/index.php?rest_route=%2Fwp%2Fv2%2Fcomments&post=8793"}],"version-history":[{"count":1,"href":"https:\/\/kultur.az\/index.php?rest_route=\/wp\/v2\/posts\/8793\/revisions"}],"predecessor-version":[{"id":8795,"href":"https:\/\/kultur.az\/index.php?rest_route=\/wp\/v2\/posts\/8793\/revisions\/8795"}],"wp:attachment":[{"href":"https:\/\/kultur.az\/index.php?rest_route=%2Fwp%2Fv2%2Fmedia&parent=8793"}],"wp:term":[{"taxonomy":"category","embeddable":true,"href":"https:\/\/kultur.az\/index.php?rest_route=%2Fwp%2Fv2%2Fcategories&post=8793"},{"taxonomy":"post_tag","embeddable":true,"href":"https:\/\/kultur.az\/index.php?rest_route=%2Fwp%2Fv2%2Ftags&post=8793"}],"curies":[{"name":"wp","href":"https:\/\/api.w.org\/{rel}","templated":true}]}}