{"id":9355,"date":"2015-06-09T01:06:09","date_gmt":"2015-06-08T20:06:09","guid":{"rendered":"http:\/\/kultur.az\/?p=9355"},"modified":"2015-06-09T01:06:09","modified_gmt":"2015-06-08T20:06:09","slug":"turkiy%c9%99d%c9%99-orxan-fikr%c9%99toglunun-%c9%99s%c9%99rin%c9%99-film-c%c9%99kil%c9%99c%c9%99k","status":"publish","type":"post","link":"https:\/\/kultur.az\/?p=9355","title":{"rendered":"T\u00fcrkiy\u0259d\u0259 Orxan Fikr\u0259to\u011flunun \u0259s\u0259rin\u0259 film \u00e7\u0259kil\u0259c\u0259k"},"content":{"rendered":"<p><a href=\"http:\/\/kultur.az\/wp-content\/uploads\/2015\/06\/orxan_fikretoglu_4.jpg\"><img decoding=\"async\" loading=\"lazy\" class=\"alignright wp-image-9356 size-medium\" src=\"http:\/\/kultur.az\/wp-content\/uploads\/2015\/06\/orxan_fikretoglu_4-300x231.jpg\" alt=\"orxan_fikretoglu_(4)\" width=\"300\" height=\"231\" \/><\/a><\/p>\n<p>Yaz\u0131\u00e7\u0131-publisist, \u201cS\u0259lman\u0259\u201d studiyas\u0131n\u0131n direktoru Orxan Fikr\u0259to\u011flunun \u201c\u00d6l\u00fc m\u0259tn\u201d adl\u0131 kitab\u0131 T\u00fcrkiy\u0259d\u0259 \u201cSabah\u201d n\u0259\u015friyyat\u0131nda \u00e7ap olunacaq.<\/p>\n<p>Bu bar\u0259d\u0259\u00a0<strong>Modern.az-a<\/strong>\u00a0yaz\u0131\u00e7\u0131 \u00f6z\u00fc m\u0259lumat verib. Yaz\u0131\u00e7\u0131n\u0131n s\u00f6zl\u0259rin\u0259 g\u00f6r\u0259, irih\u0259cmli kitab 3 roman, 7 hekay\u0259 v\u0259 bir ne\u00e7\u0259 ssenarid\u0259n ibar\u0259t olacaq.<\/p>\n<p>Bundan ba\u015fqa, kitaba daxil olan \u201cM\u00fcjd\u0259\u201d \u0259s\u0259rinin ssenarisi \u0259sas\u0131nda film \u00e7\u0259kil\u0259c\u0259k.<\/p>\n<p><strong>Elmin NUR\u0130<\/strong><\/p>\n<p class=\"bawpvc-ajax-counter\" data-id=\"9355\">Yaz\u0131ya 639 d\u0259f\u0259 bax\u0131l\u0131b<\/p>\n","protected":false},"excerpt":{"rendered":"<p>Yaz\u0131\u00e7\u0131-publisist, \u201cS\u0259lman\u0259\u201d studiyas\u0131n\u0131n direktoru Orxan Fikr\u0259to\u011flunun \u201c\u00d6l\u00fc m\u0259tn\u201d adl\u0131 kitab\u0131 T\u00fcrkiy\u0259d\u0259 \u201cSabah\u201d n\u0259\u015friyyat\u0131nda \u00e7ap olunacaq. Bu bar\u0259d\u0259\u00a0Modern.az-a\u00a0yaz\u0131\u00e7\u0131 \u00f6z\u00fc m\u0259lumat verib. Yaz\u0131\u00e7\u0131n\u0131n s\u00f6zl\u0259rin\u0259 g\u00f6r\u0259, irih\u0259cmli kitab 3 roman, 7 hekay\u0259 v\u0259 bir ne\u00e7\u0259 ssenarid\u0259n ibar\u0259t olacaq. Bundan ba\u015fqa, kitaba daxil olan \u201cM\u00fcjd\u0259\u201d \u0259s\u0259rinin ssenarisi \u0259sas\u0131nda film \u00e7\u0259kil\u0259c\u0259k. Elmin NUR\u0130 Yaz\u0131ya 639 d\u0259f\u0259 bax\u0131l\u0131b<\/p>\n","protected":false},"author":1,"featured_media":0,"comment_status":"closed","ping_status":"closed","sticky":false,"template":"","format":"standard","meta":[],"categories":[4],"tags":[],"_links":{"self":[{"href":"https:\/\/kultur.az\/index.php?rest_route=\/wp\/v2\/posts\/9355"}],"collection":[{"href":"https:\/\/kultur.az\/index.php?rest_route=\/wp\/v2\/posts"}],"about":[{"href":"https:\/\/kultur.az\/index.php?rest_route=\/wp\/v2\/types\/post"}],"author":[{"embeddable":true,"href":"https:\/\/kultur.az\/index.php?rest_route=\/wp\/v2\/users\/1"}],"replies":[{"embeddable":true,"href":"https:\/\/kultur.az\/index.php?rest_route=%2Fwp%2Fv2%2Fcomments&post=9355"}],"version-history":[{"count":1,"href":"https:\/\/kultur.az\/index.php?rest_route=\/wp\/v2\/posts\/9355\/revisions"}],"predecessor-version":[{"id":9357,"href":"https:\/\/kultur.az\/index.php?rest_route=\/wp\/v2\/posts\/9355\/revisions\/9357"}],"wp:attachment":[{"href":"https:\/\/kultur.az\/index.php?rest_route=%2Fwp%2Fv2%2Fmedia&parent=9355"}],"wp:term":[{"taxonomy":"category","embeddable":true,"href":"https:\/\/kultur.az\/index.php?rest_route=%2Fwp%2Fv2%2Fcategories&post=9355"},{"taxonomy":"post_tag","embeddable":true,"href":"https:\/\/kultur.az\/index.php?rest_route=%2Fwp%2Fv2%2Ftags&post=9355"}],"curies":[{"name":"wp","href":"https:\/\/api.w.org\/{rel}","templated":true}]}}