{"id":9382,"date":"2015-06-26T12:43:32","date_gmt":"2015-06-26T07:43:32","guid":{"rendered":"http:\/\/kultur.az\/?p=9382"},"modified":"2015-06-26T12:44:10","modified_gmt":"2015-06-26T07:44:10","slug":"gul-m%c9%99likzad%c9%99-gec%c9%99-g%c9%99lir","status":"publish","type":"post","link":"https:\/\/kultur.az\/?p=9382","title":{"rendered":"G\u00fcl M\u0259likzad\u0259 &#8211; Gec\u0259 g\u0259lir&#8230;"},"content":{"rendered":"<p><a href=\"http:\/\/kultur.az\/wp-content\/uploads\/2015\/06\/hhhhhhhhhhhhhhhhhhhhhh.jpg\"><img decoding=\"async\" loading=\"lazy\" class=\"size-medium wp-image-9383 alignleft\" src=\"http:\/\/kultur.az\/wp-content\/uploads\/2015\/06\/hhhhhhhhhhhhhhhhhhhhhh-300x246.jpg\" alt=\"hhhhhhhhhhhhhhhhhhhhhh\" width=\"300\" height=\"246\" \/><\/a><br \/>\nGec\u0259 g\u0259lir&#8230;<br \/>\nAmma yan\u0131mda s\u0259n yoxsan&#8230;<\/p>\n<p>Nec\u0259 ed\u0259k ki, bu zaman\u0131 vaxt\u0131 dayand\u0131raq.<\/p>\n<p>S\u0259nl\u0259 olanda vaxt niy\u0259 tez u\u00e7ub gedir?!<\/p>\n<p>\u00c7ox incidirs\u0259n ee m\u0259ni.<\/p>\n<p>Amma yen\u0259 d\u0259 sevir\u0259m s\u0259ni&#8230;<\/p>\n<p>\u018fslind\u0259 bir \u015fey d\u0259 el\u0259mirs\u0259n.<\/p>\n<p>Sad\u0259c\u0259 \u00e7ox dar\u0131x\u0131ram s\u0259nsiz&#8230;<\/p>\n<p>H\u0259r zaman yan\u0131mda olasan.<\/p>\n<p>M\u0259nim \u00a0olasan ist\u0259yir\u0259m&#8230;<\/p>\n<p>S\u0259nl\u0259 olanda vaxt niy\u0259 tez u\u00e7ub gedir?!<\/p>\n<p>Sevgid\u0259, ist\u0259kd\u0259, h\u0259r \u015feyd\u0259 s\u0259n varsan&#8230;<\/p>\n<p>Ax\u0131 sevir\u0259m m\u0259n s\u0259ni.<\/p>\n<p>G\u0259l s\u0259n incitm\u0259 m\u0259ni&#8230;<\/p>\n<p>&nbsp;<\/p>\n<div id=\"_appInstalled\"><\/div>\n<p class=\"bawpvc-ajax-counter\" data-id=\"9382\">Yaz\u0131ya 739 d\u0259f\u0259 bax\u0131l\u0131b<\/p>\n","protected":false},"excerpt":{"rendered":"<p>Gec\u0259 g\u0259lir&#8230; Amma yan\u0131mda s\u0259n yoxsan&#8230; Nec\u0259 ed\u0259k ki, bu zaman\u0131 vaxt\u0131 dayand\u0131raq. S\u0259nl\u0259 olanda vaxt niy\u0259 tez u\u00e7ub gedir?! \u00c7ox incidirs\u0259n ee m\u0259ni. Amma yen\u0259 d\u0259 sevir\u0259m s\u0259ni&#8230; \u018fslind\u0259 bir \u015fey d\u0259 el\u0259mirs\u0259n. Sad\u0259c\u0259 \u00e7ox dar\u0131x\u0131ram s\u0259nsiz&#8230; H\u0259r zaman yan\u0131mda olasan. M\u0259nim \u00a0olasan ist\u0259yir\u0259m&#8230; S\u0259nl\u0259 olanda vaxt niy\u0259 tez u\u00e7ub gedir?! Sevgid\u0259, ist\u0259kd\u0259, h\u0259r [&hellip;]<\/p>\n","protected":false},"author":1,"featured_media":0,"comment_status":"closed","ping_status":"closed","sticky":false,"template":"","format":"standard","meta":[],"categories":[15,3],"tags":[],"_links":{"self":[{"href":"https:\/\/kultur.az\/index.php?rest_route=\/wp\/v2\/posts\/9382"}],"collection":[{"href":"https:\/\/kultur.az\/index.php?rest_route=\/wp\/v2\/posts"}],"about":[{"href":"https:\/\/kultur.az\/index.php?rest_route=\/wp\/v2\/types\/post"}],"author":[{"embeddable":true,"href":"https:\/\/kultur.az\/index.php?rest_route=\/wp\/v2\/users\/1"}],"replies":[{"embeddable":true,"href":"https:\/\/kultur.az\/index.php?rest_route=%2Fwp%2Fv2%2Fcomments&post=9382"}],"version-history":[{"count":2,"href":"https:\/\/kultur.az\/index.php?rest_route=\/wp\/v2\/posts\/9382\/revisions"}],"predecessor-version":[{"id":9385,"href":"https:\/\/kultur.az\/index.php?rest_route=\/wp\/v2\/posts\/9382\/revisions\/9385"}],"wp:attachment":[{"href":"https:\/\/kultur.az\/index.php?rest_route=%2Fwp%2Fv2%2Fmedia&parent=9382"}],"wp:term":[{"taxonomy":"category","embeddable":true,"href":"https:\/\/kultur.az\/index.php?rest_route=%2Fwp%2Fv2%2Fcategories&post=9382"},{"taxonomy":"post_tag","embeddable":true,"href":"https:\/\/kultur.az\/index.php?rest_route=%2Fwp%2Fv2%2Ftags&post=9382"}],"curies":[{"name":"wp","href":"https:\/\/api.w.org\/{rel}","templated":true}]}}