{"id":9733,"date":"2015-10-19T17:21:13","date_gmt":"2015-10-19T12:21:13","guid":{"rendered":"http:\/\/kultur.az\/?p=9733"},"modified":"2015-10-19T17:21:13","modified_gmt":"2015-10-19T12:21:13","slug":"az%c9%99rbaycanli-pianocu-etibar-%c9%99s%c9%99dli-beyn%c9%99lxalq-festivalda-cixis-ed%c9%99c%c9%99k","status":"publish","type":"post","link":"https:\/\/kultur.az\/?p=9733","title":{"rendered":"Az\u0259rbaycanl\u0131 piano\u00e7u Etibar \u018fs\u0259dli beyn\u0259lxalq festivalda \u00e7\u0131x\u0131\u015f ed\u0259c\u0259k"},"content":{"rendered":"<p><a href=\"http:\/\/kultur.az\/wp-content\/uploads\/2015\/10\/etibar859fn.jpg\"><img decoding=\"async\" loading=\"lazy\" class=\"aligncenter wp-image-9734 \" src=\"http:\/\/kultur.az\/wp-content\/uploads\/2015\/10\/etibar859fn-300x240.jpg\" alt=\"etibar859fn\" width=\"408\" height=\"326\" \/><\/a><\/p>\n<p class=\"article-entry\">Noyabr\u0131n 10-da Fransan\u0131n paytaxt\u0131 Parisd\u0259 az\u0259rbaycanl\u0131 piano\u00e7u Etibar \u018fs\u0259dlinin konserti ke\u00e7iril\u0259c\u0259k.<\/p>\n<div class=\"article-text\">\n<p>Bu \u00e7\u0131x\u0131\u015f &#8220;Jazz Colors Festival&#8221; beyn\u0259lxalq caz festival\u0131 \u00e7\u0259r\u00e7iv\u0259sind\u0259 Fransadak\u0131 Az\u0259rbaycan s\u0259firliyinin m\u0259d\u0259niyy\u0259t m\u0259rk\u0259zind\u0259 t\u0259qdim olunacaq. Bundan ba\u015fqa, musiqi\u00e7i Bak\u0131da ke\u00e7iril\u0259c\u0259k Beyn\u0259lxaq Caz festival\u0131 zaman\u0131, oktyabr\u0131n 23-d\u0259 Mu\u011fam M\u0259rk\u0259zinin s\u0259hn\u0259sind\u0259 d\u0259 \u00e7\u0131x\u0131\u015f ed\u0259c\u0259k.<\/p>\n<p style=\"font-weight: inherit; font-style: inherit;\">Qeyd ed\u0259k ki, Etibar \u018fs\u0259dli 1992-ci ild\u0259 Bak\u0131da anadan olub. O, 2008-2013-c\u00fc ill\u0259rd\u0259 Bak\u0131da Caz Festival\u0131nda i\u015ftirak edib. 2014-c\u00fc ild\u0259 d\u0259f\u0259l\u0259rl\u0259 \u0130sve\u00e7r\u0259d\u0259 \u00e7\u0131x\u0131\u015f edib v\u0259 48-ci Montre Caz Festival\u0131nda i\u015ftirak \u00fc\u00e7\u00fcn &#8220;Rast&#8221; qrupuna daxil olub. Oktyabr\u0131n \u0259vv\u0259lind\u0259 Fransan\u0131n Flyor \u015f\u0259h\u0259rind\u0259 Etibar \u018fs\u0259dlinin solo konserti ba\u015f tutub.<span id=\"ctrlcopy\" style=\"font-weight: inherit; font-style: inherit; color: transparent;\"><\/p>\n<p>Source:<\/span><\/p>\n<\/div>\n<p class=\"bawpvc-ajax-counter\" data-id=\"9733\">Yaz\u0131ya 633 d\u0259f\u0259 bax\u0131l\u0131b<\/p>\n","protected":false},"excerpt":{"rendered":"<p>Noyabr\u0131n 10-da Fransan\u0131n paytaxt\u0131 Parisd\u0259 az\u0259rbaycanl\u0131 piano\u00e7u Etibar \u018fs\u0259dlinin konserti ke\u00e7iril\u0259c\u0259k. Bu \u00e7\u0131x\u0131\u015f &#8220;Jazz Colors Festival&#8221; beyn\u0259lxalq caz festival\u0131 \u00e7\u0259r\u00e7iv\u0259sind\u0259 Fransadak\u0131 Az\u0259rbaycan s\u0259firliyinin m\u0259d\u0259niyy\u0259t m\u0259rk\u0259zind\u0259 t\u0259qdim olunacaq. Bundan ba\u015fqa, musiqi\u00e7i Bak\u0131da ke\u00e7iril\u0259c\u0259k Beyn\u0259lxaq Caz festival\u0131 zaman\u0131, oktyabr\u0131n 23-d\u0259 Mu\u011fam M\u0259rk\u0259zinin s\u0259hn\u0259sind\u0259 d\u0259 \u00e7\u0131x\u0131\u015f ed\u0259c\u0259k. Qeyd ed\u0259k ki, Etibar \u018fs\u0259dli 1992-ci ild\u0259 Bak\u0131da anadan olub. O, [&hellip;]<\/p>\n","protected":false},"author":1,"featured_media":0,"comment_status":"closed","ping_status":"closed","sticky":false,"template":"","format":"standard","meta":[],"categories":[4],"tags":[],"_links":{"self":[{"href":"https:\/\/kultur.az\/index.php?rest_route=\/wp\/v2\/posts\/9733"}],"collection":[{"href":"https:\/\/kultur.az\/index.php?rest_route=\/wp\/v2\/posts"}],"about":[{"href":"https:\/\/kultur.az\/index.php?rest_route=\/wp\/v2\/types\/post"}],"author":[{"embeddable":true,"href":"https:\/\/kultur.az\/index.php?rest_route=\/wp\/v2\/users\/1"}],"replies":[{"embeddable":true,"href":"https:\/\/kultur.az\/index.php?rest_route=%2Fwp%2Fv2%2Fcomments&post=9733"}],"version-history":[{"count":1,"href":"https:\/\/kultur.az\/index.php?rest_route=\/wp\/v2\/posts\/9733\/revisions"}],"predecessor-version":[{"id":9735,"href":"https:\/\/kultur.az\/index.php?rest_route=\/wp\/v2\/posts\/9733\/revisions\/9735"}],"wp:attachment":[{"href":"https:\/\/kultur.az\/index.php?rest_route=%2Fwp%2Fv2%2Fmedia&parent=9733"}],"wp:term":[{"taxonomy":"category","embeddable":true,"href":"https:\/\/kultur.az\/index.php?rest_route=%2Fwp%2Fv2%2Fcategories&post=9733"},{"taxonomy":"post_tag","embeddable":true,"href":"https:\/\/kultur.az\/index.php?rest_route=%2Fwp%2Fv2%2Ftags&post=9733"}],"curies":[{"name":"wp","href":"https:\/\/api.w.org\/{rel}","templated":true}]}}