{"id":9938,"date":"2015-11-20T20:47:30","date_gmt":"2015-11-20T16:47:30","guid":{"rendered":"http:\/\/kultur.az\/?p=9938"},"modified":"2015-11-20T21:01:13","modified_gmt":"2015-11-20T17:01:13","slug":"oz-kokunu-unudub-ozg%c9%99-kokun%c9%99-calaq-olanlar","status":"publish","type":"post","link":"https:\/\/kultur.az\/?p=9938","title":{"rendered":"\u00d6z k\u00f6k\u00fcn\u00fc unudub, \u00f6zg\u0259 k\u00f6k\u00fcn\u0259 calaq olanlar&#8230;"},"content":{"rendered":"<p><em> <a href=\"http:\/\/kultur.az\/wp-content\/uploads\/2014\/08\/tural-sahab.jpg\"><img decoding=\"async\" loading=\"lazy\" class=\"alignleft wp-image-6746 size-medium\" src=\"http:\/\/kultur.az\/wp-content\/uploads\/2014\/08\/tural-sahab-300x257.jpg\" alt=\"tural sahab\" width=\"300\" height=\"257\" srcset=\"https:\/\/kultur.az\/wp-content\/uploads\/2014\/08\/tural-sahab-300x257.jpg 300w, https:\/\/kultur.az\/wp-content\/uploads\/2014\/08\/tural-sahab.jpg 350w\" sizes=\"(max-width: 300px) 100vw, 300px\" \/><\/a><strong>G\u0259lin sizinl\u0259 bir me\u015f\u0259y\u0259 g\u0259zm\u0259y\u0259 ged\u0259k. C\u00fcrb\u0259c\u00fcr a\u011faclar\u0131n oldu\u011fu bir me\u015f\u0259. \u0130nsan\u0131n ruhu dinc\u0259lir, lap \u015fair olmaq ist\u0259yir&#8230;. indi a\u011faclara baxaq. Bax, bu \u00e7ay\u0131n q\u0131ra\u011f\u0131ndak\u0131 a\u011fac pal\u0131d a\u011fac\u0131d\u0131r, o ir\u0259lid\u0259ki u\u00e7urumun k\u0259nar\u0131nda olan is\u0259 v\u0259l\u0259s. Bunlar kimi y\u00fczl\u0259rc\u0259 n\u00f6v a\u011fac var v\u0259 onlar\u0131n h\u0259r biri \u00f6z k\u00f6k\u00fcn\u00fcn \u00fcz\u0259rind\u0259 bitir. M\u0259n he\u00e7 pal\u0131d k\u00f6k\u00fcnd\u0259 bit\u0259n v\u0259l\u0259s g\u00f6rm\u0259dim&#8230;<\/strong><\/em><\/p>\n<p>G\u0259ncl\u0259rimiz ciddi fikir, d\u00fc\u015f\u00fcnc\u0259 bo\u015flu\u011fundad\u0131r. Onlar\u0131 anlamaq olar, g\u0259ncdirl\u0259r, beyinl\u0259ri &#8220;qand\u0131r&#8221;. Bir do\u011fru yol g\u00f6st\u0259rl\u0259ri yoxdur. Onun \u00fc\u00e7\u00fcn kimisi \u015fi\u0259lik ad\u0131 il\u0259 iran\u00e7\u0131l\u0131q edir, kimisi s\u00fcnnilik ad\u0131 il\u0259 Suriya v\u0259 \u0130raqa d\u00f6y\u00fc\u015fm\u0259y\u0259 gedir, kimisi kommunizm arzusu il\u0259 Sovetin geri d\u00f6nm\u0259sini g\u00f6zl\u0259yir, kimisi d\u0259 avropan\u0131n m\u0259nfil\u0259rini m\u0259d\u0259niyy\u0259t ad\u0131 il\u0259 q\u0259bul edir. Bunlar\u0131 anlad\u0131q, b\u0259s yaz\u0131b-oxuyanlar\u0131m\u0131z niy\u0259 yad m\u0259ml\u0259k\u0259tl\u0259r\u0259 h\u0259s\u0259dl\u0259 bax\u0131r, onlar\u0131 \u00f6z \u00f6lk\u0259l\u0259rind\u0259n \u00e7ox sevir?!<\/p>\n<p>And olsun Allaha ki, \u0130slam\u0131 s\u00f6y\u00fcb, m\u00fcs\u0259lman\u0131 b\u0259y\u0259nm\u0259y\u0259nl\u0259ri kils\u0259d\u0259 \u015fam yand\u0131rark\u0259n g\u00f6r\u00fcr\u0259m. T\u00fcrk dey\u0259nd\u0259 a\u011f\u0131z b\u00fcz\u0259nl\u0259ri, frans\u0131z, alman dey\u0259nd\u0259 heyran- heyran baxan g\u00f6rm\u00fc\u015f\u0259m. Bu mill\u0259tin \u0259srl\u0259rc\u0259 formala\u015fan milli, m\u0259n\u0259vi d\u0259y\u0259rl\u0259rini mentalitet ad\u0131 il\u0259 \u201c vuranlar\u0131\u201d avropan\u0131n d\u0259y\u0259rl\u0259rin\u0259 do\u011fru im\u0259kl\u0259y\u0259n g\u00f6rm\u00fc\u015f\u0259m&#8230;<\/p>\n<p>Parisd\u0259 olan m\u0259lum hadis\u0259d\u0259n sonra b\u0259zi v\u0259t\u0259nda\u015flar\u0131m\u0131z sosial \u015f\u0259b\u0259k\u0259l\u0259rd\u0259 duvar\u00a0\u015f\u0259kill\u0259rini frans\u0131z bayraqlar\u0131 il\u0259 b\u0259z\u0259dil\u0259r. Buna etiraz ed\u0259nl\u0259ri is\u0259 az qala teror\u00e7u, insanl\u0131qdan uzaq varl\u0131qlar adland\u0131rd\u0131lar. Bu insanlar bundan \u00f6nc\u0259 d\u0259 e\u015fcins\u0259ll\u0259rin bayraqlar\u0131 il\u0259 b\u0259z\u0259mi\u015fdil\u0259r duvarlar\u0131n\u0131, ancaq q\u0131sa zaman \u00f6nc\u0259 T\u00fcrkiy\u0259d\u0259 terror oldu\u011fu zaman n\u0259d\u0259ns\u0259 biz onlar\u0131n s\u0259hif\u0259l\u0259rind\u0259 T\u00fcrk bayraqlar\u0131 g\u00f6rm\u0259dik. Bax\u0131n, bu g\u00fcn Suriyan\u0131n T\u00fcrkm\u0259nda\u011f\u0131 adlanan b\u00f6lg\u0259sind\u0259 t\u00fcrkm\u0259nl\u0259r q\u0259tl edilir, bax\u0131n g\u00f6r\u00fcn bu haqda n\u0259s\u0259 deyirl\u0259rmi, yaz\u0131rlarm\u0131? M\u0259s\u0259l\u0259 insan haqlar\u0131 zad deyil, sad\u0259c\u0259 m\u00fcs\u0259lman, t\u00fcrk olmayan h\u0259r k\u0259s\u0259 h\u0259s\u0259dl\u0259 bax\u0131r, sevirl\u0259r. Bel\u0259 olmasayd\u0131,\u00a0e\u015fcins\u0259ll\u0259rd\u0259n yazd\u0131qlar\u0131 q\u0259d\u0259r he\u00e7 olmasa Suriyadak\u0131 m\u00fcs\u0259lmanlardan da yazard\u0131lar&#8230;.<\/p>\n<p>Bir \u00e7oxunda a\u015fa\u011fl\u0131q kompleksi var. N\u0259d\u0259ns\u0259 t\u00fcrk\u00fc, m\u00fcs\u0259lman\u0131 dig\u0259r irq v\u0259 dinl\u0259rd\u0259n a\u015fa\u011f\u0131da g\u00f6r\u00fcrl\u0259r. Onun \u00fc\u00e7\u00fcn d\u0259 ba\u015flay\u0131rlar t\u0259nqid etm\u0259y\u0259, a\u015fa\u011f\u0131lama\u011fa. Bir \u00e7oxu ateistdir, dedikl\u0259rin\u0259 g\u00f6r\u0259. Yaln\u0131z islam dinini q\u0259bul etm\u0259zl\u0259r. \u00d6zl\u0259rini d\u00fcnya v\u0259t\u0259nda\u015f\u0131 kimi hiss edir, ilk f\u00fcrs\u0259td\u0259 \u00f6lk\u0259ni t\u0259rk edib, gedirl\u0259r sevdikl\u0259ri avropaya. Onlara g\u00f6r\u0259 bu mill\u0259t \u0259n adi etik qaydalar\u0131 bilm\u0259y\u0259n insan toplumudur&#8230;.<\/p>\n<p>H\u0259r a\u011fac \u00f6z k\u00f6k\u00fcnd\u0259 bitdiyi kimi, h\u0259r mill\u0259t d\u0259 ancaq \u00f6z k\u00f6k\u00fcnd\u0259n g\u00fcc alaraq g\u0259l\u0259c\u0259y\u0259 yol ala bil\u0259r. Allah e\u015fqin\u0259, d\u00fcnya tarixind\u0259 s\u00f6z\u00fcn\u00fc dey\u0259n,\u00a0 y\u00fczl\u0259rc\u0259 d\u00f6vl\u0259t quran bu mill\u0259tin d\u0259y\u0259rl\u0259rini inkar etm\u0259y\u0259 \u00fcr\u0259yiniz nec\u0259 g\u0259lir?!<\/p>\n<p>Tural Sahab<\/p>\n<p>&nbsp;<\/p>\n<p class=\"bawpvc-ajax-counter\" data-id=\"9938\">Yaz\u0131ya 760 d\u0259f\u0259 bax\u0131l\u0131b<\/p>\n","protected":false},"excerpt":{"rendered":"<p>G\u0259lin sizinl\u0259 bir me\u015f\u0259y\u0259 g\u0259zm\u0259y\u0259 ged\u0259k. C\u00fcrb\u0259c\u00fcr a\u011faclar\u0131n oldu\u011fu bir me\u015f\u0259. \u0130nsan\u0131n ruhu dinc\u0259lir, lap \u015fair olmaq ist\u0259yir&#8230;. indi a\u011faclara baxaq. Bax, bu \u00e7ay\u0131n q\u0131ra\u011f\u0131ndak\u0131 a\u011fac pal\u0131d a\u011fac\u0131d\u0131r, o ir\u0259lid\u0259ki u\u00e7urumun k\u0259nar\u0131nda olan is\u0259 v\u0259l\u0259s. Bunlar kimi y\u00fczl\u0259rc\u0259 n\u00f6v a\u011fac var v\u0259 onlar\u0131n h\u0259r biri \u00f6z k\u00f6k\u00fcn\u00fcn \u00fcz\u0259rind\u0259 bitir. M\u0259n he\u00e7 pal\u0131d k\u00f6k\u00fcnd\u0259 bit\u0259n v\u0259l\u0259s [&hellip;]<\/p>\n","protected":false},"author":1,"featured_media":6746,"comment_status":"closed","ping_status":"closed","sticky":false,"template":"","format":"standard","meta":[],"categories":[6],"tags":[],"_links":{"self":[{"href":"https:\/\/kultur.az\/index.php?rest_route=\/wp\/v2\/posts\/9938"}],"collection":[{"href":"https:\/\/kultur.az\/index.php?rest_route=\/wp\/v2\/posts"}],"about":[{"href":"https:\/\/kultur.az\/index.php?rest_route=\/wp\/v2\/types\/post"}],"author":[{"embeddable":true,"href":"https:\/\/kultur.az\/index.php?rest_route=\/wp\/v2\/users\/1"}],"replies":[{"embeddable":true,"href":"https:\/\/kultur.az\/index.php?rest_route=%2Fwp%2Fv2%2Fcomments&post=9938"}],"version-history":[{"count":7,"href":"https:\/\/kultur.az\/index.php?rest_route=\/wp\/v2\/posts\/9938\/revisions"}],"predecessor-version":[{"id":9945,"href":"https:\/\/kultur.az\/index.php?rest_route=\/wp\/v2\/posts\/9938\/revisions\/9945"}],"wp:featuredmedia":[{"embeddable":true,"href":"https:\/\/kultur.az\/index.php?rest_route=\/wp\/v2\/media\/6746"}],"wp:attachment":[{"href":"https:\/\/kultur.az\/index.php?rest_route=%2Fwp%2Fv2%2Fmedia&parent=9938"}],"wp:term":[{"taxonomy":"category","embeddable":true,"href":"https:\/\/kultur.az\/index.php?rest_route=%2Fwp%2Fv2%2Fcategories&post=9938"},{"taxonomy":"post_tag","embeddable":true,"href":"https:\/\/kultur.az\/index.php?rest_route=%2Fwp%2Fv2%2Ftags&post=9938"}],"curies":[{"name":"wp","href":"https:\/\/api.w.org\/{rel}","templated":true}]}}